{"id":131481,"date":"2025-09-22T09:51:13","date_gmt":"2025-09-22T09:51:13","guid":{"rendered":"https:\/\/www.europesays.com\/es\/131481\/"},"modified":"2025-09-22T09:51:13","modified_gmt":"2025-09-22T09:51:13","slug":"chenoa-cuando-el-exito-llega-tambien-al-otro-lado-de-la-pasarela","status":"publish","type":"post","link":"https:\/\/www.europesays.com\/es\/131481\/","title":{"rendered":"Chenoa, cuando el \u00e9xito llega tambi\u00e9n al otro lado de la pasarela"},"content":{"rendered":"<p data-gtm-element-container=\"modulo-texto-link\" class=\"paragraph\">Hace 25 a\u00f1os, una joven cantante nacida en Argentina y criada en Mallorca se plantaba ante millones de espectadores en la primera edici\u00f3n de Operaci\u00f3n Triunfo . Fue cuarta finalista, pero para muchos -y, sobre todo, para ella misma- ese fue solo el comienzo. Hoy, Chenoa est\u00e1 de vuelta en ese mismo escenario, pero ya no como concursante, sino como presentadora del programa que la dio a conocer. Si entonces recorr\u00eda la pasarela con nervios, esperando una valoraci\u00f3n, hoy la cruza con otra seguridad, acompa\u00f1ando a los nuevos aspirantes desde el rol que ahora ocupa.<\/p>\n<p>                <img loading=\"lazy\" decoding=\"async\" data-full-src=\"https:\/\/www.lavanguardia.com\/uploads\/2025\/09\/18\/68cc048532ee3.jpeg\" alt=\"Operaci\u00f3n Triunfo.La artista ha vuelto como presentadora de \u2018OT\u2019, cuya segunda temporada en Prime Video comenz\u00f3 hace una semana (Jose Irun \/ LV)\" width=\"449\" height=\"220\" src=\"https:\/\/www.europesays.com\/es\/wp-content\/uploads\/2025\/09\/68cc048532ee3.jpeg\" class=\"lazy\"\/><\/p>\n<p class=\"caption-title \">Operaci\u00f3n Triunfo.La artista ha vuelto como presentadora de \u2018OT\u2019, cuya segunda temporada en Prime Video comenz\u00f3 hace una semana (Jose Irun \/ LV)<\/p>\n<p data-gtm-element-container=\"modulo-texto-link\" class=\"paragraph\">Con 50 a\u00f1os cumplidos hace tres meses, en una edad en la que la industria suele apartar a las mujeres, Chenoa afirma estar viviendo \u201cel mejor a\u00f1o de mi vida\u201d. Desde hace una semana presenta la segunda temporada de OT en Prime Video, y este mismo a\u00f1o ha presentado el concurso The Floor y el docureality sobre adopci\u00f3n de perros Dog House en <a href=\"https:\/\/www.lavanguardia.com\/television\/programacion-tv\/la-1\" target=\"_blank\" rel=\"noopener noreferrer nofollow\">La 1<\/a> de RTVE. Adem\u00e1s, sigue como miembro del jurado en Tu cara me suena de <a href=\"https:\/\/www.lavanguardia.com\/television\/programacion-tv\/antena-3\" target=\"_blank\" rel=\"noopener noreferrer nofollow\">Antena 3<\/a>.<\/p>\n<p data-gtm-element-container=\"modulo-texto-link\" class=\"paragraph\">Todos ellos son programas con grandes datos de audiencia, aunque ella asegura que no trabaja desde la ambici\u00f3n del \u00e9xito, sino desde el amor por lo que hace: \u201cYo no voy de cara al \u00e9xito. Voy a favor del proyecto. Si luego funciona y le gusta a la gente, pues el \u00e9xito es doble\u201d. Y aunque su presencia actual es eminentemente televisiva, dice no haber dejado la m\u00fasica: \u201cNunca la abandono. Es mi late motiv . Siempre estoy haciendo m\u00fasica, aunque quiz\u00e1s ahora toque esta etapa m\u00e1s televisiva\u201d.<\/p>\n<p>                <img loading=\"lazy\" decoding=\"async\" data-full-src=\"https:\/\/www.lavanguardia.com\/uploads\/2025\/09\/18\/68cbf135cc816.jpeg\" alt=\"La presentadora, en la presentaci\u00f3n de 'Dog house'\" width=\"449\" height=\"299\" src=\"https:\/\/www.europesays.com\/es\/wp-content\/uploads\/2025\/09\/68cbf135cc816.jpeg\" class=\"lazy\"\/><\/p>\n<p class=\"caption-title \">La presentadora, en la presentaci\u00f3n de &#8216;Dog house&#8217;<\/p>\n<p>                    RTVE<\/p>\n<p data-gtm-element-container=\"modulo-texto-link\" class=\"paragraph\">Sobre su debut como conductora en OT2023 , Chenoa recuerda \u201chaberlo vivido con mucha presi\u00f3n porque lo quer\u00eda hacer bien\u201d. Aquel perfeccionismo, reconoce, le impidi\u00f3 soltarse y disfrutar del momento. Hoy afronta esta nueva etapa con una actitud diferente: \u201cQuiero ser yo misma y aunque s\u00e9 que eso es complicado con una c\u00e1mara delante, voy a pelear por ello\u201d.<\/p>\n<p data-gtm-element-container=\"modulo-texto-link\" class=\"paragraph\">Tinet Rubira, productor de OT le ech\u00f3 unas flores en la presentaci\u00f3n de la nueva temporada: \u201cHace dos a\u00f1os Chenoa era un mel\u00f3n por abrir, y hoy es una de las mejores presentadoras de entretenimiento del momento\u201d. Chenoa dice tener m\u00e1s confianza: \u201cS\u00e9 hablar, s\u00e9 expresarme, y si me equivoco, lo abrazo. El error te hace grande. Hay que tener m\u00e1s derecho a equivocarse. No puede ser que nos pidamos tanta perfecci\u00f3n en la vida. No es justo\u201d.<\/p>\n<p>\u201cNunca abandonar\u00e9 la m\u00fasica. Es mi late motiv. Aunque quiz\u00e1s ahora toque esta etapa m\u00e1s televisiva\u201d<\/p>\n<p data-gtm-element-container=\"modulo-texto-link\" class=\"paragraph\">Chenoa no esconde su edad. Al contrario, la reivindica. \u201cTengo 50 a\u00f1os. Yo no soy una congelada inmortal sino que evoluciono y mi cara va evolucionando conmigo. Estoy muy orgullosa de que se den oportunidades a gente de mi perfil. No es habitual\u201d.<\/p>\n<p data-gtm-element-container=\"modulo-texto-link\" class=\"paragraph\">\u00bfY c\u00f3mo ve a los nuevos concursantes en comparaci\u00f3n con los de su generaci\u00f3n? \u201cLos nuevos talentos tienen escuela en redes, saben comunicarse, resumir, ser efectivos. Se graban, se analizan, se ajustan. Nosotros ven\u00edamos de una \u00e9poca artesanal. No ten\u00edamos esa preparaci\u00f3n. Todo era m\u00e1s crudo, m\u00e1s real\u201d.<\/p>\n<p>                <img loading=\"lazy\" decoding=\"async\" data-full-src=\"https:\/\/www.lavanguardia.com\/uploads\/2025\/09\/18\/68cbf11126949.jpeg\" alt=\"Chenoa, en el plat\u00f3 de 'the floor'\" width=\"449\" height=\"253\" src=\"https:\/\/www.europesays.com\/es\/wp-content\/uploads\/2025\/09\/68cbf11126949.jpeg\" class=\"lazy\"\/><\/p>\n<p class=\"caption-title \">Chenoa, en el plat\u00f3 de &#8216;the floor&#8217;<\/p>\n<p>                    RTVE<\/p>\n<p data-gtm-element-container=\"modulo-texto-link\" class=\"paragraph\">Como mentora, observa con curiosidad a los nuevos perfiles. Le sorprende su formaci\u00f3n autodidacta, su eficacia ante las c\u00e1maras y su dominio del lenguaje. Pero tambi\u00e9n valora que muchos sientan la necesidad de desconectar del m\u00f3vil y aprovechar las clases: \u201cMe parece muy interesante que pidan espacio para estar en soledad. Lo van a tener complicado, pero es buena se\u00f1al\u201d.<\/p>\n<p data-gtm-element-container=\"modulo-texto-link\" class=\"paragraph\">Preguntada sobre qu\u00e9 clase le habr\u00eda gustado tener en su edici\u00f3n, no duda: \u201cExpresi\u00f3n corporal. Saber transmitir desde el quieto. Saber mirar a c\u00e1mara, echar energ\u00eda desde un pie de micro. Ahora hay muchos aspavientos, y eso a veces me carga. Me hace perder la esencia de la m\u00fasica\u201d.<\/p>\n<p>        Lee tambi\u00e9n<\/p>\n<p>    Jos\u00e9 Luis Mart\u00edn Rojas<\/p>\n<p>             <img loading=\"lazy\" decoding=\"async\" data-full-src=\"https:\/\/www.lavanguardia.com\/uploads\/2025\/09\/16\/68c9030cbc3ca.png\" alt=\"Chenoa en la gala 0 de 'OT 13'\" width=\"334\" height=\"164\" src=\"https:\/\/www.europesays.com\/es\/wp-content\/uploads\/2025\/09\/68c9030cbc3ca.png\" class=\"lazy\"\/><\/p>\n<p data-gtm-element-container=\"modulo-texto-link\" class=\"paragraph\">A quienes salen del concurso les env\u00eda un mensaje: \u201cQue se sigan formando. Esto no para. Hay que reciclarse todo el rato, resetear, corregir, evolucionar\u201d. Su visi\u00f3n del \u00e9xito no tiene que ver con cifras, sino con plenitud interior: avanzar, mejorar, sentirse bien con lo que uno hace. \u201cSi algo que les funcionaba ya no les hace felices, que lo dejen. Se puede volver a empezar. Esa sensaci\u00f3n es muy bonita\u201d.<\/p>\n<p data-gtm-element-container=\"modulo-texto-link\" class=\"paragraph\">Afirma que nunca se ha planteado que hubiera sido de su vida si no se hubiese presentado al primera casting de OT. \u201cLa energ\u00eda y la focalizaci\u00f3n la ten\u00eda clara. Hubiera insistido porque la perseverancia siempre la tengo en mi mochila\u201d.<\/p>\n<p data-gtm-element-container=\"modulo-texto-link\" class=\"paragraph\">Tambi\u00e9n reconoce c\u00f3mo influye el momento personal en la manera de vivir la profesi\u00f3n. \u201cCuando est\u00e1s bien, lo ves todo de color. Cuando no, todo se pone m\u00e1s gris\u201d. Por eso cuida su salud, su descanso y su rutina con disciplina. \u201cHago mucho deporte, me cuido, me gusta irme a dormir temprano. Es una disciplina para estar al 100%\u201d<\/p>\n","protected":false},"excerpt":{"rendered":"Hace 25 a\u00f1os, una joven cantante nacida en Argentina y criada en Mallorca se plantaba ante millones de&hellip;\n","protected":false},"author":2,"featured_media":131482,"comment_status":"","ping_status":"","sticky":false,"template":"","format":"standard","meta":{"footnotes":""},"categories":[171],"tags":[146,147,25,24,23,214],"class_list":{"0":"post-131481","1":"post","2":"type-post","3":"status-publish","4":"format-standard","5":"has-post-thumbnail","7":"category-tv","8":"tag-entertainment","9":"tag-entretenimiento","10":"tag-es","11":"tag-espana","12":"tag-spain","13":"tag-tv"},"share_on_mastodon":{"url":"","error":""},"_links":{"self":[{"href":"https:\/\/www.europesays.com\/es\/wp-json\/wp\/v2\/posts\/131481","targetHints":{"allow":["GET"]}}],"collection":[{"href":"https:\/\/www.europesays.com\/es\/wp-json\/wp\/v2\/posts"}],"about":[{"href":"https:\/\/www.europesays.com\/es\/wp-json\/wp\/v2\/types\/post"}],"author":[{"embeddable":true,"href":"https:\/\/www.europesays.com\/es\/wp-json\/wp\/v2\/users\/2"}],"replies":[{"embeddable":true,"href":"https:\/\/www.europesays.com\/es\/wp-json\/wp\/v2\/comments?post=131481"}],"version-history":[{"count":0,"href":"https:\/\/www.europesays.com\/es\/wp-json\/wp\/v2\/posts\/131481\/revisions"}],"wp:featuredmedia":[{"embeddable":true,"href":"https:\/\/www.europesays.com\/es\/wp-json\/wp\/v2\/media\/131482"}],"wp:attachment":[{"href":"https:\/\/www.europesays.com\/es\/wp-json\/wp\/v2\/media?parent=131481"}],"wp:term":[{"taxonomy":"category","embeddable":true,"href":"https:\/\/www.europesays.com\/es\/wp-json\/wp\/v2\/categories?post=131481"},{"taxonomy":"post_tag","embeddable":true,"href":"https:\/\/www.europesays.com\/es\/wp-json\/wp\/v2\/tags?post=131481"}],"curies":[{"name":"wp","href":"https:\/\/api.w.org\/{rel}","templated":true}]}}