{"id":131496,"date":"2025-09-22T10:00:07","date_gmt":"2025-09-22T10:00:07","guid":{"rendered":"https:\/\/www.europesays.com\/es\/131496\/"},"modified":"2025-09-22T10:00:07","modified_gmt":"2025-09-22T10:00:07","slug":"el-gobierno-regional-no-se-cree-la-reforma-de-la-financiacion-anunciada-por-sanchez-es-como-el-cuento-del-lobo","status":"publish","type":"post","link":"https:\/\/www.europesays.com\/es\/131496\/","title":{"rendered":"El Gobierno regional no se cree la reforma de la financiaci\u00f3n anunciada por S\u00e1nchez: \u00abEs como el cuento del lobo\u00bb"},"content":{"rendered":"<p>El Gobierno de la Regi\u00f3n de Murcia recibe con \u00absumo escepticismo\u00bb el anuncio realizado este domingo por el presidente del Gobierno de Espa\u00f1a, Pedro S\u00e1nchez,  &#8230; de que <a href=\"https:\/\/www.laverdad.es\/nacional\/sanchez-exige-aznar-disculpas-11m-guerra-irak-20250921140242-ntrc.html\" title=\"www.laverdad.es\" data-voc-vtm-id=\"in-text-traffic\" data-mrf-link=\"www.laverdad.es\" rel=\"nofollow noopener\" target=\"_blank\">reformar\u00e1 el sistema de financiaci\u00f3n auton\u00f3mica<\/a> en la presente legislatura. <\/p>\n<p class=\"v-p\">\u00abEsto es como el cuento del lobo\u00bb, se\u00f1al\u00f3 este lunes el consejero de Econom\u00eda, Hacienda, Fondos Europeos y Transformaci\u00f3n Digital, Luis Alberto Mar\u00edn, quien recuerda que S\u00e1nchez ha tenido siete a\u00f1os para actualizar un sistema de financiaci\u00f3n caducado desde 2014 \u00aby precisamente ahora, en los \u00faltimos estertores de su legislatura, parece que aventura a que pueda haber una reforma\u00bb. \u00abAs\u00ed que perm\u00edtanme que cualquier anuncio que realice el Gobierno de S\u00e1nchez sea recibido con sumo escepticismo por parte del Ejecutivo regional\u00bb, insisti\u00f3 el consejero. <\/p>\n<p class=\"v-p\">En un acto celebrado en Las Torres de Cotillas, Mar\u00edn reiter\u00f3 que el actual sistema de financiaci\u00f3n \u00abcastiga a la Regi\u00f3n de Murcia, situ\u00e1ndola como la peor financiada de toda Espa\u00f1a\u00bb. Adem\u00e1s, reprocha al Gobierno de Espa\u00f1a que no haya atendido la petici\u00f3n de la Comunidad de activar un fondo de nivelaci\u00f3n que compense los desequilibrios en tanto en cuanto se reforma ese sistema. \u00abPara el Gobierno de S\u00e1nchez somos ciudadanos de segunda. Recibimos 1.600 millones de euros menos que otras comunidades aut\u00f3nomas uniprovinciales como Cantabria\u00bb, record\u00f3 el titular de Hacienda. <\/p>\n<p>\u00abTrato privilegiado a Junts\u00bb<\/p>\n<p class=\"v-p\">Por otro lado, el consejero reaccion\u00f3 al anuncio informal de la ministra de Hacienda, Mar\u00eda Jes\u00fas Montero, de que el objetivo de d\u00e9ficit para las comunidades aut\u00f3nomas en el pr\u00f3ximo a\u00f1o 2026 ser\u00e1 del 0,1%. Seg\u00fan Mar\u00edn, se trata de una comunicaci\u00f3n que la ministra \u00absolo ha hecho a Junts\u00bb y no al resto de autonom\u00edas de r\u00e9gimen com\u00fan. <\/p>\n<p class=\"v-p\">\u00abAqu\u00ed reglas del juego son distintas. Si eres independentista y est\u00e1s sosteniendo a S\u00e1nchez en el poder, tienes un trato de privilegio. Y si eres una comunidad fiel y responsable, que colabora con el Estado espa\u00f1ol, pues no tienes ese trato, te tienes que enterar por los peri\u00f3dicos\u00bb, critic\u00f3.<\/p>\n<p class=\"v-p\">En cualquier caso, la Regi\u00f3n de Murcia no parece dispuesta a apoyar este objetivo del 0,1%, a juzgar por las palabras del consejero, que piensa que un objetivo real y justo ser\u00eda del 1%, \u00abque es lo que est\u00e1 permitiendo Bruselas\u00bb. \u00abLas comunidades aut\u00f3nomas tenemos las competencias de sanidad, de educaci\u00f3n, de pol\u00edtica social. Por tanto, somos las que realizamos gran parte del gasto social que se lleva a cabo en este pa\u00eds. Entendemos que en esa misma proporci\u00f3n debe fijarse el objetivo de d\u00e9ficit\u00bb, concluy\u00f3 Mar\u00edn.<\/p>\n","protected":false},"excerpt":{"rendered":"El Gobierno de la Regi\u00f3n de Murcia recibe con \u00absumo escepticismo\u00bb el anuncio realizado este domingo por el&hellip;\n","protected":false},"author":2,"featured_media":131497,"comment_status":"","ping_status":"","sticky":false,"template":"","format":"standard","meta":{"footnotes":""},"categories":[8],"tags":[42090,17,18,554,3831,25,24,13,14,6861,582,11,19,20,11458,9,10,15,16,14824,16518,199,23,12,21,22],"class_list":{"0":"post-131496","1":"post","2":"type-post","3":"status-publish","4":"format-standard","5":"has-post-thumbnail","7":"category-espana","8":"tag-anunciada","9":"tag-breaking-news","10":"tag-breakingnews","11":"tag-cree","12":"tag-cuento","13":"tag-es","14":"tag-espana","15":"tag-featured-news","16":"tag-featurednews","17":"tag-financiacion","18":"tag-gobierno","19":"tag-headlines","20":"tag-latest-news","21":"tag-latestnews","22":"tag-lobo","23":"tag-news","24":"tag-noticias","25":"tag-noticias-destacadas","26":"tag-noticiasdestacadas","27":"tag-reforma","28":"tag-regional","29":"tag-sanchez","30":"tag-spain","31":"tag-titulares","32":"tag-ultimas-noticias","33":"tag-ultimasnoticias"},"share_on_mastodon":{"url":"","error":""},"_links":{"self":[{"href":"https:\/\/www.europesays.com\/es\/wp-json\/wp\/v2\/posts\/131496","targetHints":{"allow":["GET"]}}],"collection":[{"href":"https:\/\/www.europesays.com\/es\/wp-json\/wp\/v2\/posts"}],"about":[{"href":"https:\/\/www.europesays.com\/es\/wp-json\/wp\/v2\/types\/post"}],"author":[{"embeddable":true,"href":"https:\/\/www.europesays.com\/es\/wp-json\/wp\/v2\/users\/2"}],"replies":[{"embeddable":true,"href":"https:\/\/www.europesays.com\/es\/wp-json\/wp\/v2\/comments?post=131496"}],"version-history":[{"count":0,"href":"https:\/\/www.europesays.com\/es\/wp-json\/wp\/v2\/posts\/131496\/revisions"}],"wp:featuredmedia":[{"embeddable":true,"href":"https:\/\/www.europesays.com\/es\/wp-json\/wp\/v2\/media\/131497"}],"wp:attachment":[{"href":"https:\/\/www.europesays.com\/es\/wp-json\/wp\/v2\/media?parent=131496"}],"wp:term":[{"taxonomy":"category","embeddable":true,"href":"https:\/\/www.europesays.com\/es\/wp-json\/wp\/v2\/categories?post=131496"},{"taxonomy":"post_tag","embeddable":true,"href":"https:\/\/www.europesays.com\/es\/wp-json\/wp\/v2\/tags?post=131496"}],"curies":[{"name":"wp","href":"https:\/\/api.w.org\/{rel}","templated":true}]}}