{"id":131498,"date":"2025-09-22T10:01:08","date_gmt":"2025-09-22T10:01:08","guid":{"rendered":"https:\/\/www.europesays.com\/es\/131498\/"},"modified":"2025-09-22T10:01:08","modified_gmt":"2025-09-22T10:01:08","slug":"greenpeace-reclama-un-mejor-transporte-publico-es","status":"publish","type":"post","link":"https:\/\/www.europesays.com\/es\/131498\/","title":{"rendered":"Greenpeace reclama un mejor transporte p\u00fablico &#8211; ES"},"content":{"rendered":"<ul class=\"wp-block-list\">\n<li><strong>Con estas actividades, el voluntariado de Greenpeace exige mejoras en l\u00edneas y frecuencias y presenta a la ciudadan\u00eda la Garant\u00eda de Movilidad, su nueva propuesta para asegurar que todas las personas puedan desplazarse de manera justa, segura y sostenible, sin depender del coche privado<\/strong><\/li>\n<li><strong>En el D\u00eda Mundial Sin Coches, la organizaci\u00f3n ecologista recuerda que el transporte genera el 32 % de las emisiones de gases de efecto invernadero en nuestro pa\u00eds y el coche es responsable de la mayor parte<\/strong><\/li>\n<\/ul>\n<p>En el marco de la Semana Europea de la Movilidad, el voluntariado de Greenpeace ha organizado actividades en m\u00e1s de 20 ciudades para reclamar el transporte p\u00fablico como derecho. La actividad ha consistido en la colocaci\u00f3n de carteles y material informativo en el interior y exterior de autobuses, as\u00ed como la instalaci\u00f3n de marquesinas reivindicativas en algunas localidades, con el objetivo de dialogar sobre las demandas de la gente a pie de calle, denunciar las carencias del transporte p\u00fablico y dar a conocer\u00a0<a href=\"https:\/\/es.greenpeace.org\/es\/sala-de-prensa\/comunicados\/garantia-de-movilidad-la-propuesta-de-greenpeace-para-reducir-la-desigualdad-mediante-el-transporte-publico\/\" rel=\"noreferrer noopener nofollow\" target=\"_blank\">la nueva propuesta de la organizaci\u00f3n: la Garant\u00eda de Movilidad<\/a>, que busca\u00a0<strong>acabar con la desigualdad en el transporte y reducir la dependencia del coche.\u00a0<\/strong><\/p>\n<p>La actividad se ha llevado a cabo este fin de semana en A Coru\u00f1a, Alicante, Asturies, Bizkaia, Compostela, C\u00f3rdoba, Girona, Gran Canaria, Lleida, Mallorca, Vilagarc\u00eda de Arousa, Sevilla y Valencia. Y en los pr\u00f3ximos d\u00edas se sumar\u00e1n Barcelona, Le\u00f3n, Madrid, Vigo, Tarragona, Valladolid, Zaragoza, Pamplona, Tenerife y Granada.\u00a0\u00a0<\/p>\n<p>En el D\u00eda Mundial sin Coches, Greenpeace recuerda que el transporte es el sector con mayores emisiones de gases de efecto invernadero en Espa\u00f1a: actualmente supone el 32 % de las emisiones del pa\u00eds y el 42 % del consumo energ\u00e9tico. La organizaci\u00f3n incide en que un transporte p\u00fablico eficiente, justo y sostenible es clave para reducir el uso del coche privado y cumplir as\u00ed con los objetivos clim\u00e1ticos.<\/p>\n<p>En este contexto, el voluntariado de Greenpeace ha reclamado en sus ciudades y municipios que esta\u00a0<strong>Garant\u00eda de Movilidad se cumpla y se establezcan unos est\u00e1ndares m\u00ednimos (en t\u00e9rminos de frecuencia, cobertura y accesibilidad)<\/strong>\u00a0para que todas las personas puedan disfrutar de un servicio de transporte p\u00fablico digno y sostenible:<\/p>\n<ul class=\"wp-block-list\">\n<li><strong>Frecuencia adecuada seg\u00fan el territorio<\/strong>. Servicios diarios de autob\u00fas o tren en todos los municipios<\/li>\n<li><strong>Ning\u00fan municipio sin opciones de transporte p\u00fablico y movilidad sostenible<\/strong>.<\/li>\n<li><strong>Horarios \u00fatiles para la vida<\/strong>\u00a0y adaptados a la movilidad cotidiana.<\/li>\n<li><strong>Autobuses y trenes coordinados<\/strong>.<\/li>\n<li><strong>Accesibilidad universal.<\/strong>\u00a0Transporte para todas las personas.<\/li>\n<li><strong>Movilidad activa segura.<\/strong>\u00a0Infraestructura segura para peatones y ciclistas<\/li>\n<li>Una\u00a0<strong>planificaci\u00f3n urbana<\/strong>\u00a0que priorice el derecho a moverse dignamente.<\/li>\n<\/ul>\n<p>Im\u00e1genes de la actividad\u00a0<a href=\"https:\/\/drive.google.com\/drive\/u\/0\/folders\/1ciq5MPOFlrNuHcR4mk6p2EzbJz0QtTc4\" target=\"_blank\" rel=\"noreferrer noopener nofollow\">aqu\u00ed<\/a>.<\/p>\n","protected":false},"excerpt":{"rendered":"Con estas actividades, el voluntariado de Greenpeace exige mejoras en l\u00edneas y frecuencias y presenta a la ciudadan\u00eda&hellip;\n","protected":false},"author":2,"featured_media":131499,"comment_status":"","ping_status":"","sticky":false,"template":"","format":"standard","meta":{"footnotes":""},"categories":[5],"tags":[17,18,25,24,13,14,11,19,20,9,10,15,16,23,12,21,22],"class_list":{"0":"post-131498","1":"post","2":"type-post","3":"status-publish","4":"format-standard","5":"has-post-thumbnail","7":"category-titulares","8":"tag-breaking-news","9":"tag-breakingnews","10":"tag-es","11":"tag-espana","12":"tag-featured-news","13":"tag-featurednews","14":"tag-headlines","15":"tag-latest-news","16":"tag-latestnews","17":"tag-news","18":"tag-noticias","19":"tag-noticias-destacadas","20":"tag-noticiasdestacadas","21":"tag-spain","22":"tag-titulares","23":"tag-ultimas-noticias","24":"tag-ultimasnoticias"},"share_on_mastodon":{"url":"","error":""},"_links":{"self":[{"href":"https:\/\/www.europesays.com\/es\/wp-json\/wp\/v2\/posts\/131498","targetHints":{"allow":["GET"]}}],"collection":[{"href":"https:\/\/www.europesays.com\/es\/wp-json\/wp\/v2\/posts"}],"about":[{"href":"https:\/\/www.europesays.com\/es\/wp-json\/wp\/v2\/types\/post"}],"author":[{"embeddable":true,"href":"https:\/\/www.europesays.com\/es\/wp-json\/wp\/v2\/users\/2"}],"replies":[{"embeddable":true,"href":"https:\/\/www.europesays.com\/es\/wp-json\/wp\/v2\/comments?post=131498"}],"version-history":[{"count":0,"href":"https:\/\/www.europesays.com\/es\/wp-json\/wp\/v2\/posts\/131498\/revisions"}],"wp:featuredmedia":[{"embeddable":true,"href":"https:\/\/www.europesays.com\/es\/wp-json\/wp\/v2\/media\/131499"}],"wp:attachment":[{"href":"https:\/\/www.europesays.com\/es\/wp-json\/wp\/v2\/media?parent=131498"}],"wp:term":[{"taxonomy":"category","embeddable":true,"href":"https:\/\/www.europesays.com\/es\/wp-json\/wp\/v2\/categories?post=131498"},{"taxonomy":"post_tag","embeddable":true,"href":"https:\/\/www.europesays.com\/es\/wp-json\/wp\/v2\/tags?post=131498"}],"curies":[{"name":"wp","href":"https:\/\/api.w.org\/{rel}","templated":true}]}}