{"id":131500,"date":"2025-09-22T10:02:13","date_gmt":"2025-09-22T10:02:13","guid":{"rendered":"https:\/\/www.europesays.com\/es\/131500\/"},"modified":"2025-09-22T10:02:13","modified_gmt":"2025-09-22T10:02:13","slug":"victoria-de-10-para-el-horneo-eon-alicante","status":"publish","type":"post","link":"https:\/\/www.europesays.com\/es\/131500\/","title":{"rendered":"Victoria de 10 para el Horneo E\u00d3N Alicante"},"content":{"rendered":"<p>Tiempo de lectura:  2 minutos <\/p>\n<p>Dos puntos para la historia. Dos puntos que quedar\u00e1 en la retina de muchos aficionados. Dos puntos que llevan un 10. Como el 10 que lleva el director de orquesta de la obra que se ha podido disfrutar esta noche en el David Santamar\u00eda. Como el juego de 10 que ha realizado el equipo sobre el parqu\u00e9.\u00a0<\/p>\n<p>Si bien, la obra comenz\u00f3 con una melod\u00eda suave, casi sin sonido y sin hacer ruido. Como si en los primeros acordes a\u00fan fueran de calentamiento. Hasta que consigues ajustar todas las teclas y afinar los instrumentos para, ahora s\u00ed, dar espect\u00e1culo.\u00a0<\/p>\n<p>Primeros acordes altos que iniciaron con un Xabi que abri\u00f3 el camino desde el extremo y que, le dio alas al resto. Sobre todo a un Ander Torriko que se convirti\u00f3 en el due\u00f1o del juego y del bal\u00f3n. Con la batuta como el mejor director de esta orquesta sobre el parqu\u00e9, el de Zumaia dirig\u00eda a los suyos.\u00a0<\/p>\n<p>Puro rock<\/p>\n<p>Con el paso de los minutos, esa suave y dulce melod\u00eda daba paso al rock &amp; roll desde la posici\u00f3n m\u00e1s importante bajo palos, con un Wick excepcional, pasando por la explosividad de Parker, las introducciones necesarias en ataque de Javi Rodr\u00edguez o la chispa de Barreto.\u00a0<\/p>\n<p>Aunque, ese concierto no era agradable para unos locales que solo eran capaces de intentar que bajaran la intensidad con faltas y un juego defensivo de alto voltaje que sol\u00eda terminaba en 7 metros. Y, desde ah\u00ed, ni Torriko y Aar\u00f3n fallaron para ampliar a\u00fan m\u00e1s la diferencia en el marcador y llegar al 14-19 en el descanso.<\/p>\n<p>El E\u00d3N imparable de la primera parte que se volv\u00eda m\u00e1s inalcanzable tras el paso por vestuarios que se pon\u00eda con un + 6 en el segundo parcial. De esa diferencia no bajaba y, oblig\u00f3 al entrenador local a solicitar tiempo muerto antes de llegar al ecuador.\u00a0<\/p>\n<p>Sin embargo, ese concierto de rock lleg\u00f3 a ser del m\u00e1s puro heavy metal alocado e imparable que te revoluciona. La velocidad de las notas con el juego de los extremos, un Ander que termin\u00f3 con 12 tantos de 16 lanzamientos y con un Wick que se hac\u00eda a\u00fan m\u00e1s grande, si es que eso era posible, bajo palos.\u00a0<\/p>\n<p>Pero claro, tanto tiempo con una espect\u00e1culo fren\u00e9tico, llev\u00f3 a que en los \u00faltimos compases del mismo, el ritmo bajara y Guadalajara aprovechara para maquillar un poco el resultado con un 29-35 definitivo.\u00a0<\/p>\n<p>El Horneo E\u00d3N Alicante consigue su primera victoria en la temporada. La primera en el balonmano de \u00e9lite alicantino desde 1992. Victoria de 10 que ya es historia.\u00a0<\/p>\n<p>Con este triunfo en E\u00d3N se sit\u00faa und\u00e9cimo en la tabla con 2 puntos.<\/p>\n<p><strong>Pr\u00f3ximo partido<\/strong><\/p>\n<p>El Horneo E\u00d3N Alicante jugar\u00e1 la tercera jornada ante el Bathco BM Torrelavega el pr\u00f3ximo 28 de septiembre a las 12:30h en el Pabell\u00f3n Pitiu Rochel.\u00a0<\/p>\n<p><strong>ACTA<\/strong><\/p>\n<p><strong>SANICENTRO BM GUADALAJARA (29):<\/strong> Joan Blanco (4), Haitz Gorostidi (3), Manuel Falc\u00f3n (1), Gonzalo Velasco (1), Jos\u00e9 Lu\u00eds Rom\u00e1n (2), Jos\u00e9 Alberto L\u00f3pez, David Vladic, Mart\u00edn Ganuza (3), Fabio Chiuffa (2), Diego Vera (1), Maros Dorado (4), Nicol\u00e1s Garc\u00eda, Santi Sim\u00f3n (3), D\u00e1niel Fekete,\u00a0 Ahmed Mohamed (2), Juan Antonio Jodar (3).\u00a0<\/p>\n<p><strong>HORNEO E\u00d3N ALICANTE (35):<\/strong> Flavio Wick, Iv\u00e1n Montoya (4), Borja M\u00e9ndez, Pepe Oliver, Ander Torriko (12), Fabio Teixeira (2), Roberto Domench, Augusto Moreno (1), Lautaro Robledo, Eduardo Escobedo (1), Julen Urruzola, Xabier Barreto (3), James Parker (5), Javier Rodr\u00edguez (1),Yanis Ram\u00edrez (2), Aaron Guti\u00e9rrez (3), Darko Dimitrievski (1).<\/p>\n<p><strong>PARCIALES:<\/strong> 3-2, 4-5, 5-9, 9-13, 11-16, 14-18. Segunda parte: 15-21, 18-40, 19-27, 21-29, 25-33, 29-35.<\/p>\n","protected":false},"excerpt":{"rendered":"Tiempo de lectura: 2 minutos Dos puntos para la historia. Dos puntos que quedar\u00e1 en la retina de&hellip;\n","protected":false},"author":2,"featured_media":131501,"comment_status":"","ping_status":"","sticky":false,"template":"","format":"standard","meta":{"footnotes":""},"categories":[278],"tags":[376,168,7013,25,24,375,23,167],"class_list":{"0":"post-131500","1":"post","2":"type-post","3":"status-publish","4":"format-standard","5":"has-post-thumbnail","7":"category-balonmano","8":"tag-balonmano","9":"tag-deportes","10":"tag-eon","11":"tag-es","12":"tag-espana","13":"tag-handball","14":"tag-spain","15":"tag-sports"},"share_on_mastodon":{"url":"","error":""},"_links":{"self":[{"href":"https:\/\/www.europesays.com\/es\/wp-json\/wp\/v2\/posts\/131500","targetHints":{"allow":["GET"]}}],"collection":[{"href":"https:\/\/www.europesays.com\/es\/wp-json\/wp\/v2\/posts"}],"about":[{"href":"https:\/\/www.europesays.com\/es\/wp-json\/wp\/v2\/types\/post"}],"author":[{"embeddable":true,"href":"https:\/\/www.europesays.com\/es\/wp-json\/wp\/v2\/users\/2"}],"replies":[{"embeddable":true,"href":"https:\/\/www.europesays.com\/es\/wp-json\/wp\/v2\/comments?post=131500"}],"version-history":[{"count":0,"href":"https:\/\/www.europesays.com\/es\/wp-json\/wp\/v2\/posts\/131500\/revisions"}],"wp:featuredmedia":[{"embeddable":true,"href":"https:\/\/www.europesays.com\/es\/wp-json\/wp\/v2\/media\/131501"}],"wp:attachment":[{"href":"https:\/\/www.europesays.com\/es\/wp-json\/wp\/v2\/media?parent=131500"}],"wp:term":[{"taxonomy":"category","embeddable":true,"href":"https:\/\/www.europesays.com\/es\/wp-json\/wp\/v2\/categories?post=131500"},{"taxonomy":"post_tag","embeddable":true,"href":"https:\/\/www.europesays.com\/es\/wp-json\/wp\/v2\/tags?post=131500"}],"curies":[{"name":"wp","href":"https:\/\/api.w.org\/{rel}","templated":true}]}}