{"id":131509,"date":"2025-09-22T10:10:08","date_gmt":"2025-09-22T10:10:08","guid":{"rendered":"https:\/\/www.europesays.com\/es\/131509\/"},"modified":"2025-09-22T10:10:08","modified_gmt":"2025-09-22T10:10:08","slug":"segundo-despido-de-un-rival-del-sporting-en-pleno-septiembre","status":"publish","type":"post","link":"https:\/\/www.europesays.com\/es\/131509\/","title":{"rendered":"Segundo despido de un rival del Sporting\u00a0en pleno septiembre"},"content":{"rendered":"<p>\t\t \t\t\tRa\u00fal Llona <strong class=\"pd-l\">Cultural Leonesa  <\/strong><\/p>\n<p>\t\t\t\t\t\tCesado un nuevo t\u00e9cnico en Segunda divisi\u00f3n<br \/>\n\t\t\t\t\t\t<strong>22 sep 2025<\/strong> . Actualizado a las 10:39 h.\t\t\t\t\t\t<\/p>\n<p class=\"first-paragraph txt\">La<strong> Cultural y Deportiva Leonesa<\/strong> ha decidido poner fin esta ma\u00f1ana a la etapa de\u00a0<strong>Ra\u00fal Llona\u00a0<\/strong>como entrenador del equipo, convirti\u00e9ndolo en el\u00a0segundo t\u00e9cnico despedido en LaLiga Hypermotion durante el mes de septiembre.<\/p>\n<p class=\"txt\">La directiva del club leon\u00e9s\u00a0ha optado por romper su contrato, renovado autom\u00e1ticamente tras lograr el <strong>ascenso a Segunda Divisi\u00f3n<\/strong> el pasado mes de junio, al igual que ha ocurrido con varios jugadores.<\/p>\n<p class=\"txt\">Llona, que lleg\u00f3 al banquillo de la Cultural en junio de 2023, no pudo repetir en la segunda categor\u00eda del f\u00fatbol espa\u00f1ol el \u00e9xito que le llev\u00f3 a ascender al equipo desde la Primera RFEF.\u00a0Estos resultados dejan al equipo en la zona de descenso, si bien es cierto que est\u00e1 a solo 1 punto de salir de la zona roja.<\/p>\n<p class=\"txt\">La silla el\u00e9ctrica de los banquillos de la categor\u00eda de plata del f\u00fatbol espa\u00f1ol trabaja a pleno rendimiento, ya que d\u00edas atr\u00e1s era el neerland\u00e9s\u00a0<strong>Johan Plat<\/strong>, t\u00e9cnico del\u00a0<strong>CD Castell\u00f3n<\/strong>, el primer despedido. En su caso, el <strong>Real Sporting de Gij\u00f3n<\/strong> visitar\u00e1 pronto Castalia mientras contra la escuadra leonesa ya hab\u00edan jugado en agosto.<\/p>\n<p class=\"txt\">Un segundo relevo en los banquillos que inicia un camino ingrato, con\u00a025 cambios de entrenador\u00a0en la categor\u00eda durante el curso pasado, algunos de ellos repetidos en el mismo club. Sin olvidar el despido de Rub\u00e9n Alb\u00e9s en El Molin\u00f3n &#8211; Enrique Castro &#8216;Quini&#8217; durante la segunda vuelta.<\/p>\n<p class=\"txt\">&#13;<br \/>\n\t\t&#13;<br \/>\n\t\t\t&#13;<br \/>\n\t\t&#13;<br \/>\n\t\t&#13;<br \/>\n\t\t&#13;<br \/>\n\t\t\t\t\t\t\t\t\t\t\t\t&#13;<br \/>\n\t\t\t\t\t\t\t\t&#13;<br \/>\n&#13;<br \/>\n&#13;<\/p>\n<p>\t\t\t&#13;<br \/>\n\t&#13;<\/p>\n<p>\t\t\t<a href=\"https:\/\/www.lavozdeasturias.es\/noticia\/sporting1905\/2025\/09\/22\/sporting-analiza-reaccion-recurrira-polemicas-tarjetas-recibidas-caos-arbitral-almeria\/00031758526484635800351.htm\" data-analytics=\"link-embed\" rel=\"nofollow noopener\" target=\"_blank\">El Sporting analiza su reacci\u00f3n y si recurrir\u00e1 las pol\u00e9micas tarjetas recibidas en el caos arbitral de Almer\u00eda<\/a><\/p>\n<p class=\"a-min-author\">\n<p>\t\t\t\t\t\t\t\t\t\t\tAlejandro Vigil Mor\u00e1n<\/p>\n<p>\t&#13;<br \/>\n\t&#13;<br \/>\n&#13;<br \/>\n\t\t\t\t&#13;<br \/>\n\t\t\t\t&#13;<br \/>\n\t&#13;<br \/>\n\t\t\t&#13;<br \/>\n\t\t\t&#13;<br \/>\n\t\t&#13;\n<\/p>\n<p class=\"ladillo\">Nuevo empate del Femenino<\/p>\n<p class=\"txt\">Por otro lado, el Sporting Femenino empat\u00f3 contra el Atl\u00e9tico Villalonga FF en la jornada 3 de la Segunda Federaci\u00f3n y siguen invictas con 5 puntos.<\/p>\n<p class=\"txt\">La primera ocasi\u00f3n fue de Ari gracias a una buena conducci\u00f3n por la banda, pero el disparo sali\u00f3 desviado. En el minuto 5, \u00c1vila, despu\u00e9s de recibir un buen pase de Mariuca y hacer un gran control en la frontal del \u00e1rea, anot\u00f3 el primer gol del partido.\u00a0El empate lleg\u00f3 a la media hora de encuentro. Anita centr\u00f3 el bal\u00f3n y, despu\u00e9s de un rebote, se col\u00f3 en la porter\u00eda de Carbajal, era el 1-1.<\/p>\n<p class=\"txt\">En el minuto 71, la jugadora local Noe aprovech\u00f3 un rechace en el \u00e1rea sportinguista y adelant\u00f3 al equipo gallego.\u00a0Sergio Nieto aprovech\u00f3 para hacer un cambio: Sof\u00eda sustituy\u00f3 a Arratia. El Sporting Femenino sigui\u00f3 apretando, sin dar muestras de debilidad pese a la remontada local. \u00c1vila volvi\u00f3 a ser protagonista. Granda remat\u00f3 y la autora del 0-1 aprovech\u00f3 el rechace para empatar el choque por 2 a 2.<\/p>\n<p>&#13;<br \/>\n\tArchivado en:&#13;<br \/>\n\t\t\t\t\t<a href=\"https:\/\/www.lavozdeasturias.es\/temas\/sporting-de-gijon\/\" target=\"_blank\" class=\"mg-l\" rel=\"nofollow noopener\">Sporting de Gij\u00f3n<\/a>&#13;<br \/>\n\t&#13;<\/p>\n","protected":false},"excerpt":{"rendered":"Ra\u00fal Llona Cultural Leonesa Cesado un nuevo t\u00e9cnico en Segunda divisi\u00f3n 22 sep 2025 . Actualizado a las&hellip;\n","protected":false},"author":2,"featured_media":131510,"comment_status":"","ping_status":"","sticky":false,"template":"","format":"standard","meta":{"footnotes":""},"categories":[268],"tags":[168,25,24,280,282,281,23,4783,167],"class_list":{"0":"post-131509","1":"post","2":"type-post","3":"status-publish","4":"format-standard","5":"has-post-thumbnail","7":"category-futbol","8":"tag-deportes","9":"tag-es","10":"tag-espana","11":"tag-football","12":"tag-futbol","13":"tag-soccer","14":"tag-spain","15":"tag-sporting-de-gijon","16":"tag-sports"},"share_on_mastodon":{"url":"","error":""},"_links":{"self":[{"href":"https:\/\/www.europesays.com\/es\/wp-json\/wp\/v2\/posts\/131509","targetHints":{"allow":["GET"]}}],"collection":[{"href":"https:\/\/www.europesays.com\/es\/wp-json\/wp\/v2\/posts"}],"about":[{"href":"https:\/\/www.europesays.com\/es\/wp-json\/wp\/v2\/types\/post"}],"author":[{"embeddable":true,"href":"https:\/\/www.europesays.com\/es\/wp-json\/wp\/v2\/users\/2"}],"replies":[{"embeddable":true,"href":"https:\/\/www.europesays.com\/es\/wp-json\/wp\/v2\/comments?post=131509"}],"version-history":[{"count":0,"href":"https:\/\/www.europesays.com\/es\/wp-json\/wp\/v2\/posts\/131509\/revisions"}],"wp:featuredmedia":[{"embeddable":true,"href":"https:\/\/www.europesays.com\/es\/wp-json\/wp\/v2\/media\/131510"}],"wp:attachment":[{"href":"https:\/\/www.europesays.com\/es\/wp-json\/wp\/v2\/media?parent=131509"}],"wp:term":[{"taxonomy":"category","embeddable":true,"href":"https:\/\/www.europesays.com\/es\/wp-json\/wp\/v2\/categories?post=131509"},{"taxonomy":"post_tag","embeddable":true,"href":"https:\/\/www.europesays.com\/es\/wp-json\/wp\/v2\/tags?post=131509"}],"curies":[{"name":"wp","href":"https:\/\/api.w.org\/{rel}","templated":true}]}}