{"id":131511,"date":"2025-09-22T10:11:07","date_gmt":"2025-09-22T10:11:07","guid":{"rendered":"https:\/\/www.europesays.com\/es\/131511\/"},"modified":"2025-09-22T10:11:07","modified_gmt":"2025-09-22T10:11:07","slug":"la-fiesta-de-cumpleanos-de-emilio-el-hijo-de-alberto-cormillot-y-estefania-pasquini-celebramos-al-amor-de-nuestras-vidas-infobae","status":"publish","type":"post","link":"https:\/\/www.europesays.com\/es\/131511\/","title":{"rendered":"La fiesta de cumplea\u00f1os de Emilio, el hijo de Alberto Cormillot y Estefan\u00eda Pasquini: \u201cCelebramos al amor de nuestras vidas\u201d &#8211; Infobae"},"content":{"rendered":"<ol>\n<li><a href=\"https:\/\/news.google.com\/rss\/articles\/CBMi-AFBVV95cUxQNUdnSEF6eWxrLW9lV1ZkV2x3NVY5VVl6MnNWdWY4SjNLY0U1N2VQSDc2MHZwZy1pRGhlRExHcHRpZVNJb3d3b0JGV1VKNGliRkhnT2xpb3hwWXo0X3lzYlJ6UEVraEhvdGljMV9hR3pydTNtV2pLbmhfYmJMM01oYzNwVmt4X1ZCcUpZSXR4aVY5aTUzeklLZkdVUzlDMWJyQzVFR3JhQ0F2bnMtV28tYkdnTnJBUzBEeUNkcTJwV2lQWWhvZTV4Wk1tQlJWVjVEaGx6YlI4X01YTHNJTTQ5VndzZ2dRdkZoR0pkV2tsZFBGcGt6eVFYadIBkwJBVV95cUxPejRRWGFiRGRZd0E4eUFvdFRPSTl0V1FtbGFjTWpWOURVVU5nSzBGZTQ0WHJOS3VfcXNCbnBVbVFQWUNyZE5Gb085WXBQTWlXWWFES3lFR2lhSW9jWm1FUDR6Sk5tV3VaeHhvNkYtTkxtZ3lCS3hITXB3MEJrenpRQk0tcmZ3bFhvR2dqYWd5UHZaQ2JkT3JTeTFhdVMtVENGVjJKYzBFU0hmUXlDOGpsVm8wS0ZRMmZyRUZ1VFhZWTFKSHVyeEhOZUJkV09YZnVJcHZtVHgzWHlURy16cG9ncE5aNW9RR2U3V0M0TnlVWVYtbzl6ZW0xRnFxOHV3aVVhSkJ6M3lfcnExNHg4cXlPbXEySQ?oc=5\" target=\"_blank\" rel=\"nofollow noopener\">La fiesta de cumplea\u00f1os de Emilio, el hijo de Alberto Cormillot y Estefan\u00eda Pasquini: \u201cCelebramos al amor de nuestras vidas\u201d<\/a>&nbsp;&nbsp;Infobae<\/li>\n<li><a href=\"https:\/\/news.google.com\/rss\/articles\/CBMi2AFBVV95cUxOeHF5Q2FvTjhzMmk1TjFKNEd0UFE1VE92VHBhT0JJbFd5bENVRHdpbEJwOEhuMXFSZ3BDT05HRjJyb1dKUGE5MG9vUVVVcFUwQ0p3djk4MkZSZlNRbEljdU5vcnZvNUxJZG5kSXpITnNUTW0zZTRvVzF0bUhlbkNPTlFBVkJtdHphM0pqUzIxbjZjRVR1dWxsbXFJeGlRcllhRUZwcXl4YUE4NnRRTXhIOXNTQTZiSzNlMnNYd1E4aFc0T2wtRGNLaVNIVGotc1dINndzNjd1RzE?oc=5\" target=\"_blank\" rel=\"nofollow noopener\">\u00a1Manso festejo! El hijo de Alberto Cormillot y Estefan\u00eda Pasquini tuvo una fiesta jur\u00e1sica que fue un golazo<\/a>&nbsp;&nbsp;DelSur Diario<\/li>\n<li><a href=\"https:\/\/news.google.com\/rss\/articles\/CBMi3AFBVV95cUxNQWtsT0I4NTRuSWVrVmotbGh2R3V2N2l6RXNzOXZMZTRtMDNuVnRpX2h2dWFDV0I5SnBReTA3cmNIWDg4YXFhWVNMZnZ2aFRLdjZGSER1d0NDSDIxOUQzUC1mWDlScEd3MGZaVkdnUEoxTlJabnYxSkdHZXZyb2VyWTlTX3JveU9VTzNSc28xZWFWUk1TZ25kTy1oM1ZtLWZsVGFUQUY5djM5eDJSMlZ6Ri1KNlhnZzRtbzlGcjRuN1d0aHl4X3JuNWpVQnJZTFd1NllPN1JacWF0MzZi?oc=5\" target=\"_blank\" rel=\"nofollow noopener\">\u00abEn un abrir y cerrar de ojos\u00bb: el tierno mensaje de Alberto Cormillot por el cumplea\u00f1os n\u00famero 4 de su hijo Emilio<\/a>&nbsp;&nbsp;Revista Para Ti<\/li>\n<li><a href=\"https:\/\/news.google.com\/rss\/articles\/CBMitgFBVV95cUxNVktlM3I4Y1BxaTFaRWdWM2tDRU1hUEtDM0trWm91d0hMMUx0OVBqbGYyQVpPblkxM04zbzFWOTNnZmtScHZWN05qWUhKWFRDNl8xbGVCaTB6YlNDdnVIRUtsR013bHQ0NkVZTkt0ZGdZTi1fcUxnTDVRSjZrckg3YmhJc0NHUVVpM1pudE5KQjhYZDAyUzQxRFJLbmRieFJVdmNEZUlKMUFIUmEwOThzZTZoSVk1UQ?oc=5\" target=\"_blank\" rel=\"nofollow noopener\">As\u00ed fue el cumplea\u00f1os de Emilio Cormillot, con tem\u00e1tica de dinosaurios<\/a>&nbsp;&nbsp;revistagente.com<\/li>\n<li><a href=\"https:\/\/news.google.com\/rss\/articles\/CBMiuwFBVV95cUxPY2tMamxVYXRlQlNBanRVTUljaWk2WDJXem54WlMtZGUyTXIwVVBZaVgwZ0xaV0FURGFUUFd0SndJUGZSWkVsV3pBLUNnX095b1pLOHhFVm9ZSF9XMGo0YnVZZkwtR0c3SElPQkJGVG44OVFiYk9FcTBrcVVTaUhzLUNDMlJkVFRhVkdjNF9CUDJuS0FCS2xBYW1UUE5Pb3lIVktqZFFlb3BhX1ZrdVhWWG5kN1lGTGRhcXVv?oc=5\" target=\"_blank\" rel=\"nofollow noopener\">As\u00ed luce hoy Emilio, el hijo de Alberto Cormillot, en su cuarto cumplea\u00f1os<\/a>&nbsp;&nbsp;La Gaceta<\/li>\n<\/ol>\n","protected":false},"excerpt":{"rendered":"La fiesta de cumplea\u00f1os de Emilio, el hijo de Alberto Cormillot y Estefan\u00eda Pasquini: \u201cCelebramos al amor de&hellip;\n","protected":false},"author":2,"featured_media":128102,"comment_status":"","ping_status":"","sticky":false,"template":"","format":"standard","meta":{"footnotes":""},"categories":[174],"tags":[255,146,147,25,24,256,23],"class_list":{"0":"post-131511","1":"post","2":"type-post","3":"status-publish","4":"format-standard","5":"has-post-thumbnail","7":"category-famosos","8":"tag-celebrities","9":"tag-entertainment","10":"tag-entretenimiento","11":"tag-es","12":"tag-espana","13":"tag-famosos","14":"tag-spain"},"share_on_mastodon":{"url":"","error":""},"_links":{"self":[{"href":"https:\/\/www.europesays.com\/es\/wp-json\/wp\/v2\/posts\/131511","targetHints":{"allow":["GET"]}}],"collection":[{"href":"https:\/\/www.europesays.com\/es\/wp-json\/wp\/v2\/posts"}],"about":[{"href":"https:\/\/www.europesays.com\/es\/wp-json\/wp\/v2\/types\/post"}],"author":[{"embeddable":true,"href":"https:\/\/www.europesays.com\/es\/wp-json\/wp\/v2\/users\/2"}],"replies":[{"embeddable":true,"href":"https:\/\/www.europesays.com\/es\/wp-json\/wp\/v2\/comments?post=131511"}],"version-history":[{"count":0,"href":"https:\/\/www.europesays.com\/es\/wp-json\/wp\/v2\/posts\/131511\/revisions"}],"wp:featuredmedia":[{"embeddable":true,"href":"https:\/\/www.europesays.com\/es\/wp-json\/wp\/v2\/media\/128102"}],"wp:attachment":[{"href":"https:\/\/www.europesays.com\/es\/wp-json\/wp\/v2\/media?parent=131511"}],"wp:term":[{"taxonomy":"category","embeddable":true,"href":"https:\/\/www.europesays.com\/es\/wp-json\/wp\/v2\/categories?post=131511"},{"taxonomy":"post_tag","embeddable":true,"href":"https:\/\/www.europesays.com\/es\/wp-json\/wp\/v2\/tags?post=131511"}],"curies":[{"name":"wp","href":"https:\/\/api.w.org\/{rel}","templated":true}]}}