{"id":131514,"date":"2025-09-22T10:14:08","date_gmt":"2025-09-22T10:14:08","guid":{"rendered":"https:\/\/www.europesays.com\/es\/131514\/"},"modified":"2025-09-22T10:14:08","modified_gmt":"2025-09-22T10:14:08","slug":"la-ingenuidad-de-la-ambicion-de-los-concursantes-de-ot-2025","status":"publish","type":"post","link":"https:\/\/www.europesays.com\/es\/131514\/","title":{"rendered":"La ingenuidad de la ambici\u00f3n de los concursantes de &#8216;OT 2025&#8217;"},"content":{"rendered":"<p class=\"c-paragraph\"><b>Iv\u00e1n Rojo se ve salvado por Espa\u00f1a<\/b>. Estuvo nominado en la gala cero de OT. Vivi\u00f3 el v\u00e9rtigo de casi quedarse a las puestas de la academia. Pero \u00e9l, tras el varapalo inicial, ha echado cuentas. Fue votado por 120.000 personas, dice. Lo repite, una y otra vez. Todos necesitamos sentirnos queridos. <b>Aunque, en este caso, solo fuera escogido por ser el m\u00e1s normativo de los tres compa\u00f1eros en la cuerda floja.<\/b><\/p>\n<p class=\"c-paragraph\">Lo que no sabe todav\u00eda Iv\u00e1n es <b>el efecto rebote de la fama<\/b>, especialmente si la popularidad es fruto de una exposici\u00f3n portentosa y\/o instant\u00e1nea. Esa misma audiencia que te da la oportunidad por ser guapo de p\u00f3ster te la quita r\u00e1pido si fardas de televoto.<b> Los mismos que te amaron a primer golpe de vista te acaban odiando. <\/b>Son las cosas de los realities, que se devoran con la intensidad de escrutar, sin piedad, cada frase que uno suelta por la boca.<\/p>\n<p class=\"c-paragraph\">La efervescencia de la resaca de la edad del pavo se hace m\u00e1s gigante al contemplarse mejor que el resto de las 11.000 personas que pasaron por el casting. Normal que los alumnos escuchen gritos fuera de la academia y celebren que ya tienen fans. Aunque no lleven ni siete d\u00edas frente a las c\u00e1maras.<\/p>\n<p class=\"c-paragraph\"><b>Ah\u00ed est\u00e1 una de las materias primas de OT: la ambici\u00f3n desbocada de cuando todav\u00eda te sientes infinito y que, en realidad, solo es ingenuidad. <\/b>Noem\u00ed Galera la intenta rebajar. Incluso pide voto de silencio. Al menos a Luc\u00eda, que tiene que cuidar su voz. Pero no puede. Porque est\u00e1 en la academia de OT. Imposible. Est\u00e1n todos hipervitaminados por la felicidad de estar all\u00ed. Todos cantando sin pausa, demostrando que son artistas de la pasi\u00f3n. <b>No tienen suficientes horas al d\u00eda para brincar en el parque de atracciones en el que est\u00e1n conviviendo.<\/b><b>\u00a0<\/b> Eso no cambia con el paso de los a\u00f1os. Bendita alegr\u00eda de cuando todo est\u00e1 por hacer. Todo est\u00e1 por aprender.<\/p>\n<p class=\"c-paragraph\">Como cuando un<a href=\"https:\/\/www.20minutos.es\/musica\/raphael-cantar-desenroscando-bombillas_6238750_3.html\" rel=\"nofollow noopener\" target=\"_blank\"> chicuelo <b>Raphael<\/b> fue al festival de Benidorm en 1962.<\/a> Todos sus contrincantes se fueron de fiesta a la playa y \u00e9l refugi\u00f3 sus cuerdas vocales en el hotel. Su concentraci\u00f3n, junto a su carisma, fue un atajo para brillar entre tanta mocedad enfriada en el agua. Han pasado 63 a\u00f1os de aquel festival y <a href=\"https:\/\/www.20minutos.es\/lainformacion\/opinion\/las-lecciones-que-hemos-aprendido-reencuentro-ot-5581622\/\" target=\"_blank\" rel=\"nofollow noopener\">24 del primer OT.<\/a> Los chavales de hoy son menos inocentes, comunican mejor al casi haber nacido con un m\u00f3vil y una c\u00e1mara entre sus manos. <b>Estar hiperconectados\u00a0hasta nos invita a sentirnos autosuficientes. Aunque no lo seamos.<\/b> De hecho, nos anima a pensar que tenemos fans cuando solo son followers cotillas. Sensaci\u00f3n que se multiplica\u00a0con los v\u00edtores de un p\u00fablico que te excita la egolatr\u00eda cada semana en el plat\u00f3 de un programa de televisi\u00f3n. Sin embargo, igual te ovacionan m\u00e1s por la trama que por el talento. Y les costar\u00e1 pagar para ir a un concierto tuyo.\u00a0<\/p>\n<p class=\"c-paragraph\">Pero, cuando toca dormir con veinte a\u00f1os con otros 15 en un pasillo-habitaci\u00f3n de un pu\u00f1ado de metros cuadrados, no hay estrellas rutilantes, no hay artistas irrepetibles: <b>hay chavales creyendo que les ha cambiado la tele su porvenir para siempre y terminan haciendo lo que todos hac\u00edamos en esa edad. <\/b>Incluso hacerse fotograf\u00edas con el m\u00f3vil, selfies que quieres luego borrar y ya ser\u00e1 imposible. Como ya les ha avisado en una reuni\u00f3n Belena Gaynor.\u00a0\u00a0<\/p>\n<p class=\"c-paragraph\">La pandilla de OT 2025 no pueden dejar de ser veintea\u00f1eros adrenal\u00ednicos con el a\u00f1adido de<b> llevar en la cara puesta la sonrisa de \u201cmi sue\u00f1o se ha cumplido\u201d. <\/b>Gajes de estar empezando a vivir, m\u00e1s a\u00fan cuando vienes de una buena clase social y siempre has habitado en un privilegio que hace que tus problemas sean una nimiedad con los de otros. Pero, oye, cada uno con lo suyo y, ahora, dentro del microcosmos controlado de la academia comienza, parad\u00f3jicamente, a romperse la burbuja de cada participante. Por eso tantos conectan tanto con OT. <b>Porque es un decorado por el que termina asomando la realidad de las cosas del crecer. Porque es la vida que nos cre\u00edmos y, al segundo, la vida que termina siendo.<\/b><\/p>\n","protected":false},"excerpt":{"rendered":"Iv\u00e1n Rojo se ve salvado por Espa\u00f1a. Estuvo nominado en la gala cero de OT. Vivi\u00f3 el v\u00e9rtigo&hellip;\n","protected":false},"author":2,"featured_media":131515,"comment_status":"","ping_status":"","sticky":false,"template":"","format":"standard","meta":{"footnotes":""},"categories":[171],"tags":[45,6832,5882,146,147,25,24,42093,221,23,214],"class_list":{"0":"post-131514","1":"post","2":"type-post","3":"status-publish","4":"format-standard","5":"has-post-thumbnail","7":"category-tv","8":"tag-45","9":"tag-6832","10":"tag-ambicion","11":"tag-entertainment","12":"tag-entretenimiento","13":"tag-es","14":"tag-espana","15":"tag-ingenuidad","16":"tag-ot","17":"tag-spain","18":"tag-tv"},"share_on_mastodon":{"url":"","error":""},"_links":{"self":[{"href":"https:\/\/www.europesays.com\/es\/wp-json\/wp\/v2\/posts\/131514","targetHints":{"allow":["GET"]}}],"collection":[{"href":"https:\/\/www.europesays.com\/es\/wp-json\/wp\/v2\/posts"}],"about":[{"href":"https:\/\/www.europesays.com\/es\/wp-json\/wp\/v2\/types\/post"}],"author":[{"embeddable":true,"href":"https:\/\/www.europesays.com\/es\/wp-json\/wp\/v2\/users\/2"}],"replies":[{"embeddable":true,"href":"https:\/\/www.europesays.com\/es\/wp-json\/wp\/v2\/comments?post=131514"}],"version-history":[{"count":0,"href":"https:\/\/www.europesays.com\/es\/wp-json\/wp\/v2\/posts\/131514\/revisions"}],"wp:featuredmedia":[{"embeddable":true,"href":"https:\/\/www.europesays.com\/es\/wp-json\/wp\/v2\/media\/131515"}],"wp:attachment":[{"href":"https:\/\/www.europesays.com\/es\/wp-json\/wp\/v2\/media?parent=131514"}],"wp:term":[{"taxonomy":"category","embeddable":true,"href":"https:\/\/www.europesays.com\/es\/wp-json\/wp\/v2\/categories?post=131514"},{"taxonomy":"post_tag","embeddable":true,"href":"https:\/\/www.europesays.com\/es\/wp-json\/wp\/v2\/tags?post=131514"}],"curies":[{"name":"wp","href":"https:\/\/api.w.org\/{rel}","templated":true}]}}