{"id":131522,"date":"2025-09-22T10:19:07","date_gmt":"2025-09-22T10:19:07","guid":{"rendered":"https:\/\/www.europesays.com\/es\/131522\/"},"modified":"2025-09-22T10:19:07","modified_gmt":"2025-09-22T10:19:07","slug":"pepa-toma-una-decision-y-tomas-irrumpe-con-un-objetivo-claro","status":"publish","type":"post","link":"https:\/\/www.europesays.com\/es\/131522\/","title":{"rendered":"Pepa toma una decisi\u00f3n y Tom\u00e1s irrumpe con un objetivo claro"},"content":{"rendered":"\n<p>  22\/09\/2025 &#8211; 11:55  Actualizado: 22\/09\/2025 &#8211; 11:55   <\/p>\n<p> Televisi\u00f3n Espa\u00f1ola emite este lunes, 22 de septiembre, el cap\u00edtulo 259 de <a href=\"https:\/\/www.elconfidencial.com\/tags\/topics\/valle-salvaje-21486\/\" target=\"_blank\" rel=\"nofollow noopener\">Valle Salvaje<\/a>. <strong>La ficci\u00f3n de Bamb\u00fa Producciones, que el pasado jueves bati\u00f3 su r\u00e9cord hist\u00f3rico (13,4%), cerr\u00f3 la semana marcada por tensiones, secretos y giros inesperados<\/strong>.  <\/p>\n<p> Rafael se adentr\u00f3 en la investigaci\u00f3n sobre la muerte de Julio, mientras Francisco revelaba detalles cruciales de aquella tarde. Al mismo tiempo, <strong>Victoria trat\u00f3 de recomponer su relaci\u00f3n con Jos\u00e9 Luis<\/strong>, pero la desconfianza y las mentiras sobre la muerte de Pilara hicieron que el duque no pudiera perdonarla, sumiendo su matrimonio en una crisis cada vez m\u00e1s profunda. La tensi\u00f3n tambi\u00e9n se traslad\u00f3 al plano social, con Matilde enfrent\u00e1ndose a Victoria, llegando al punto de estar a un paso de la violencia. <\/p>\n<p> Por otro lado, surgieron nuevos dilemas sentimentales. <strong>Mart\u00edn, tras un apasionado beso con Pepa, se debati\u00f3 entre marcharse del Valle o quedarse y afrontar sus sentimientos<\/strong>, mientras Francisco entraba en esta complicada ecuaci\u00f3n amorosa. Adem\u00e1s, Leonardo decidi\u00f3 formalizar su relaci\u00f3n con B\u00e1rbara invit\u00e1ndola a la fiesta de los barones para mostrar a todos que es la mujer de su vida.  <\/p>\n<p> El desenlace de la semana no hizo m\u00e1s que intensificar los conflictos. <strong>Rafael arrincon\u00f3 a Ana exigi\u00e9ndole que confesara la verdad sobre la muerte de Julio<\/strong>, lo que puso en jaque las manipulaciones de \u00darsula. El tri\u00e1ngulo entre Pepa, Mart\u00edn y Francisco tom\u00f3 fuerza, con ambos hombres dispuestos a luchar por ella sin concesiones. Finalmente, la relaci\u00f3n entre Victoria y Jos\u00e9 Luis toc\u00f3 fondo cuando el duque tom\u00f3 una decisi\u00f3n unilateral que ella vivi\u00f3 como una traici\u00f3n imperdonable, confirmando que la estabilidad de los poderosos duques de Valle Salvaje pende de un hilo. <\/p>\n<p>                Imagen del cap\u00edtulo 259 de &#8216;Valle Salvaje&#8217;. (RTVE)           Avance del cap\u00edtulo 259 (Lunes)           <\/p>\n<p> La semana arranca con un momento decisivo: tras conversar con Eva,\u00a0<strong>Pepa toma una decisi\u00f3n importante que afecta al rumbo de los acontecimientos<\/strong>. Sin embargo, el elegido se ve incapaz de sincerarse con la otra parte implicada, lo que a\u00f1ade tensi\u00f3n a la situaci\u00f3n.\u00a0 <\/p>\n<p>                Imagen del cap\u00edtulo 259 de &#8216;Valle Salvaje&#8217;. (RTVE)            <\/p>\n<p> Mientras tanto, Luisa se enfrenta a un inesperado revuelo cuando Tom\u00e1s aparece en la Casa Peque\u00f1a con un objetivo claro que la incomoda profundamente. Por otro lado,\u00a0<strong>el duque, emocionado al saber que su nieto vivir\u00e1, sorprende a Rafael con un cambio de actitud<\/strong>\u00a0y una pregunta que nadie esperaba. <\/p>\n<p> Televisi\u00f3n Espa\u00f1ola emite este lunes, 22 de septiembre, el cap\u00edtulo 259 de <a href=\"https:\/\/www.elconfidencial.com\/tags\/topics\/valle-salvaje-21486\/\" target=\"_blank\" rel=\"nofollow noopener\">Valle Salvaje<\/a>. <strong>La ficci\u00f3n de Bamb\u00fa Producciones, que el pasado jueves bati\u00f3 su r\u00e9cord hist\u00f3rico (13,4%), cerr\u00f3 la semana marcada por tensiones, secretos y giros inesperados<\/strong>.  <\/p>\n","protected":false},"excerpt":{"rendered":"22\/09\/2025 &#8211; 11:55 Actualizado: 22\/09\/2025 &#8211; 11:55 Televisi\u00f3n Espa\u00f1ola emite este lunes, 22 de septiembre, el cap\u00edtulo 259&hellip;\n","protected":false},"author":2,"featured_media":131523,"comment_status":"","ping_status":"","sticky":false,"template":"","format":"standard","meta":{"footnotes":""},"categories":[91],"tags":[146,147,25,24,23],"class_list":{"0":"post-131522","1":"post","2":"type-post","3":"status-publish","4":"format-standard","5":"has-post-thumbnail","7":"category-entretenimiento","8":"tag-entertainment","9":"tag-entretenimiento","10":"tag-es","11":"tag-espana","12":"tag-spain"},"share_on_mastodon":{"url":"","error":""},"_links":{"self":[{"href":"https:\/\/www.europesays.com\/es\/wp-json\/wp\/v2\/posts\/131522","targetHints":{"allow":["GET"]}}],"collection":[{"href":"https:\/\/www.europesays.com\/es\/wp-json\/wp\/v2\/posts"}],"about":[{"href":"https:\/\/www.europesays.com\/es\/wp-json\/wp\/v2\/types\/post"}],"author":[{"embeddable":true,"href":"https:\/\/www.europesays.com\/es\/wp-json\/wp\/v2\/users\/2"}],"replies":[{"embeddable":true,"href":"https:\/\/www.europesays.com\/es\/wp-json\/wp\/v2\/comments?post=131522"}],"version-history":[{"count":0,"href":"https:\/\/www.europesays.com\/es\/wp-json\/wp\/v2\/posts\/131522\/revisions"}],"wp:featuredmedia":[{"embeddable":true,"href":"https:\/\/www.europesays.com\/es\/wp-json\/wp\/v2\/media\/131523"}],"wp:attachment":[{"href":"https:\/\/www.europesays.com\/es\/wp-json\/wp\/v2\/media?parent=131522"}],"wp:term":[{"taxonomy":"category","embeddable":true,"href":"https:\/\/www.europesays.com\/es\/wp-json\/wp\/v2\/categories?post=131522"},{"taxonomy":"post_tag","embeddable":true,"href":"https:\/\/www.europesays.com\/es\/wp-json\/wp\/v2\/tags?post=131522"}],"curies":[{"name":"wp","href":"https:\/\/api.w.org\/{rel}","templated":true}]}}