{"id":131524,"date":"2025-09-22T10:20:14","date_gmt":"2025-09-22T10:20:14","guid":{"rendered":"https:\/\/www.europesays.com\/es\/131524\/"},"modified":"2025-09-22T10:20:14","modified_gmt":"2025-09-22T10:20:14","slug":"el-mayor-peligro-del-calentamiento-de-los-oceanos-es-que-el-oxigeno-escasee","status":"publish","type":"post","link":"https:\/\/www.europesays.com\/es\/131524\/","title":{"rendered":"el mayor peligro del calentamiento de los oc\u00e9anos es que el ox\u00edgeno escasee"},"content":{"rendered":"\n<ul class=\"bodyList bodyList--unordered\">\n<li class=\"bodyList__item\"><a href=\"https:\/\/www.elconfidencial.com\/tecnologia\/ciencia\/2025-02-17\/evolucion-atmosfera-final-oxigeno-1qrt_4065396\/\" target=\"_self\" rel=\"nofollow noopener\">Simulan la evoluci\u00f3n de la atm\u00f3sfera y descubren cu\u00e1ndo se agotar\u00e1 el ox\u00edgeno en la Tierra<\/a><\/li>\n<li class=\"bodyList__item\"><a href=\"https:\/\/www.elconfidencial.com\/tecnologia\/2025-09-02\/invento-humanos-respirar-marte-1qrt_4178848\/\" target=\"_self\" rel=\"nofollow noopener\">Buenas noticias para Elon Musk: as\u00ed es el invento que permitir\u00eda al ser humano respirar en Marte<\/a><\/li>\n<\/ul>\n<p> El <a href=\"https:\/\/www.elconfidencial.com\/medioambiente\/clima\/2025-07-03\/temperaturas-ola-calor-mediterraneo-aemet_4164012\/\" target=\"_self\" rel=\"nofollow noopener\">calentamiento de los oc\u00e9anos<\/a> se perfila como un riesgo silencioso para la vida en la Tierra, m\u00e1s all\u00e1 de huracanes o danas. Investigaciones recientes muestran que el aumento de la temperatura marina <strong>podr\u00eda reducir el ox\u00edgeno disponible<\/strong> debido a la vulnerabilidad de los <a href=\"https:\/\/www.sciencedirect.com\/topics\/biochemistry-genetics-and-molecular-biology\/prochlorococcus\" target=\"_blank\" rel=\"nofollow noopener\">Prochlorococcus<\/a>, microorganismos esenciales para la fotos\u00edntesis y el equilibrio de la cadena tr\u00f3fica. <\/p>\n<p> Los Prochlorococcus son bacterias fotosint\u00e9ticas presentes en m\u00e1s del 75% de las aguas superficiales y <strong>responsables de casi un tercio del ox\u00edgeno del planeta<\/strong>. Durante a\u00f1os se crey\u00f3 que soportar\u00edan bien el cambio clim\u00e1tico por su presencia en aguas tropicales, sin embargo, los <a href=\"https:\/\/www.nature.com\/articles\/s41564-025-02106-4\" target=\"_blank\" rel=\"nofollow noopener\">datos publicados en Nature Microbiology<\/a> contradicen esta idea. <\/p>\n<blockquote class=\"twitter-tweet\">\n<p lang=\"en\" dir=\"ltr\">For decades, scientists believed Prochlorococcus, the smallest and most abundant phytoplankton on Earth, would thrive in a warmer world. But research suggests the microscopic bacterium, which forms the foundation of the marine food web and helps regulate the planet\u2019s climate,\u2026<\/p>\n<p>\u2014 PBS News (@NewsHour) <a href=\"https:\/\/twitter.com\/NewsHour\/status\/1970005643172999195?ref_src=twsrc%5Etfw\" rel=\"nofollow noopener\" target=\"_blank\">September 22, 2025<\/a><\/p><\/blockquote>\n<p> El equipo cient\u00edfico ha comprobado que <strong>su rango de crecimiento \u00f3ptimo se encuentra entre 19 y 28 grados<\/strong>. Cuando la temperatura del mar supera los 30 grados, la capacidad de divisi\u00f3n celular de estas <a href=\"https:\/\/www.elconfidencial.com\/bienestar\/2025-07-18\/bacteria-come-carne-nuevo-brote-alerta-eeuu-cuatro-muertos_4175634\/\" target=\"_self\" rel=\"nofollow noopener\">bacterias<\/a> cae hasta un tercio, lo que limita de forma severa su abundancia y productividad en los oc\u00e9anos m\u00e1s c\u00e1lidos. <\/p>\n<p>            Un organismo diminuto con un gran impacto           <\/p>\n<p> El investigador <a href=\"https:\/\/www.ocean.washington.edu\/home\/Francois_Ribalet\" target=\"_blank\" rel=\"nofollow noopener\">Fran\u00e7ois Ribalet<\/a>, de la Universidad de Washington, <a href=\"https:\/\/www.washington.edu\/news\/2025\/09\/08\/ocean-warming-puts-vital-marine-microbe-at-risk\/\" target=\"_blank\" rel=\"nofollow noopener\">subraya que este descenso repercute en todo el ecosistema<\/a>: \u00abEn las regiones m\u00e1s c\u00e1lidas no est\u00e1n funcionando tan bien, lo que significa que <strong>habr\u00e1 menos carbono y menos alimento para el resto de la red tr\u00f3fica<\/strong>\u00ab. Esta situaci\u00f3n podr\u00eda abrir espacio a otras especies como <a href=\"http:\/\/sciencedirect.com\/topics\/biochemistry-genetics-and-molecular-biology\/synechococcus\" target=\"_blank\" rel=\"nofollow noopener\">Synechococcus<\/a>, aunque con consecuencias inciertas para la biodiversidad. <\/p>\n<p>              <img decoding=\"async\" class=\"inTextNews__img\" alt=\"Foto: aemet-temperatura-alta-registrada-junio-espana-1qrt\" src=\"https:\/\/www.europesays.com\/es\/wp-content\/uploads\/2025\/09\/f.elconfidencial.com\/original\/b0e\/8c3\/bf5\/b0e8c3bf599d1f91c96409f26f7be0af.jpg\"  \/>     <\/p>\n<p>TE PUEDE INTERESAR<\/p>\n<p>      <a class=\"inTextNews__title\" href=\"https:\/\/www.elconfidencial.com\/espana\/2025-07-08\/aemet-temperatura-alta-registrada-junio-espana-1qrt_4168034\/\" onclick=\"window.ECCO.emit(&#039;amplitude&#039;, { dataEventName: &#039;click_related_article_module&#039;, data: { related_article_url: &#039;https:\/\/www.elconfidencial.com\/espana\/2025-07-08\/aemet-temperatura-alta-registrada-junio-espana-1qrt_4168034\/&#039;, related_article_author: &#039;Laura Lezama&#039;, related_article_section: &#039;espana&#039; } })\" rel=\"nofollow noopener\" target=\"_blank\"> \u00abEs la temperatura m\u00e1s alta registrada\u00bb: la impactante explicaci\u00f3n de la Aemet sobre lo que sucedi\u00f3 en Espa\u00f1a durante junio <\/a>   <\/p>\n<p>    El Confidencial   <\/p>\n<p> Los modelos clim\u00e1ticos utilizados en el estudio advierten que, con un escenario de calentamiento medio, la productividad de Prochlorococcus <strong>descender\u00eda un 17% en aguas tropicales y un 10% a nivel global<\/strong>. En un <a href=\"https:\/\/www.elconfidencial.com\/salud\/2025-09-17\/cambio-climatico-16500-muertes-europa-verano_4210138\/\" target=\"_self\" rel=\"nofollow noopener\">escenario extremo<\/a>, la ca\u00edda ser\u00eda de 51% en las zonas c\u00e1lidas y de 37% en el conjunto del planeta. <\/p>\n<p> Los cient\u00edficos destacan que estos microorganismos podr\u00edan no desaparecer, sino desplazar su rango de distribuci\u00f3n hacia latitudes m\u00e1s fr\u00edas. Este cambio<strong> transformar\u00e1 los ecosistemas tropicales y subtropicales<\/strong>, dependientes desde hace millones de a\u00f1os de la actividad de los Prochlorococcus como base del suministro de ox\u00edgeno y nutrientes. <\/p>\n<p>              <img decoding=\"async\" class=\"inTextNews__img\" alt=\"Foto: dana-altas-temperaturas-borrascas-aemet\" src=\"https:\/\/www.europesays.com\/es\/wp-content\/uploads\/2025\/09\/f.elconfidencial.com\/original\/687\/21c\/031\/68721c0315ad473c69b73dd38e3fc7c6.jpg\"  \/>     <\/p>\n<p>TE PUEDE INTERESAR<\/p>\n<p>      <a class=\"inTextNews__title\" href=\"https:\/\/www.elconfidencial.com\/medioambiente\/clima\/2025-01-29\/dana-altas-temperaturas-borrascas-aemet_4053291\/\" onclick=\"window.ECCO.emit(&#039;amplitude&#039;, { dataEventName: &#039;click_related_article_module&#039;, data: { related_article_url: &#039;https:\/\/www.elconfidencial.com\/medioambiente\/clima\/2025-01-29\/dana-altas-temperaturas-borrascas-aemet_4053291\/&#039;, related_article_author: &#039;Jose Luis Gallego&#039;, related_article_section: &#039;clima&#039; } })\" rel=\"nofollow noopener\" target=\"_blank\"> Danas violentas en oto\u00f1o y r\u00e9cords de calor en invierno: \u00bfc\u00f3mo llamamos a esto? <\/a>   <\/p>\n<p>    Jose Luis Gallego   <\/p>\n<p> Aunque los expertos admiten la posibilidad de que <strong>existan cepas resistentes al calor no detectadas<\/strong>, el panorama actual refleja un problema mayor: el <a href=\"https:\/\/www.elconfidencial.com\/tecnologia\/ciencia\/2024-11-20\/teoria-limite-calentamiento-global-1qrt_4007219\/\" target=\"_self\" rel=\"nofollow noopener\">calentamiento global<\/a> no solo intensifica fen\u00f3menos meteorol\u00f3gicos, tambi\u00e9n amenaza la capacidad de los oc\u00e9anos para seguir generando el ox\u00edgeno que sostiene la vida en el planeta. <\/p>\n<p>         <script async src=\"https:\/\/platform.twitter.com\/widgets.js\" charset=\"utf-8\"><\/script><\/p>\n","protected":false},"excerpt":{"rendered":"Simulan la evoluci\u00f3n de la atm\u00f3sfera y descubren cu\u00e1ndo se agotar\u00e1 el ox\u00edgeno en la Tierra Buenas noticias&hellip;\n","protected":false},"author":2,"featured_media":131525,"comment_status":"","ping_status":"","sticky":false,"template":"","format":"standard","meta":{"footnotes":""},"categories":[81],"tags":[119,123,124,25,24,117,121,122,23,118,120],"class_list":{"0":"post-131524","1":"post","2":"type-post","3":"status-publish","4":"format-standard","5":"has-post-thumbnail","7":"category-ciencia-y-tecnologia","8":"tag-ciencia","9":"tag-ciencia-y-tecnologia","10":"tag-cienciaytecnologia","11":"tag-es","12":"tag-espana","13":"tag-science","14":"tag-science-and-technology","15":"tag-scienceandtechnology","16":"tag-spain","17":"tag-technology","18":"tag-tecnologia"},"share_on_mastodon":{"url":"","error":""},"_links":{"self":[{"href":"https:\/\/www.europesays.com\/es\/wp-json\/wp\/v2\/posts\/131524","targetHints":{"allow":["GET"]}}],"collection":[{"href":"https:\/\/www.europesays.com\/es\/wp-json\/wp\/v2\/posts"}],"about":[{"href":"https:\/\/www.europesays.com\/es\/wp-json\/wp\/v2\/types\/post"}],"author":[{"embeddable":true,"href":"https:\/\/www.europesays.com\/es\/wp-json\/wp\/v2\/users\/2"}],"replies":[{"embeddable":true,"href":"https:\/\/www.europesays.com\/es\/wp-json\/wp\/v2\/comments?post=131524"}],"version-history":[{"count":0,"href":"https:\/\/www.europesays.com\/es\/wp-json\/wp\/v2\/posts\/131524\/revisions"}],"wp:featuredmedia":[{"embeddable":true,"href":"https:\/\/www.europesays.com\/es\/wp-json\/wp\/v2\/media\/131525"}],"wp:attachment":[{"href":"https:\/\/www.europesays.com\/es\/wp-json\/wp\/v2\/media?parent=131524"}],"wp:term":[{"taxonomy":"category","embeddable":true,"href":"https:\/\/www.europesays.com\/es\/wp-json\/wp\/v2\/categories?post=131524"},{"taxonomy":"post_tag","embeddable":true,"href":"https:\/\/www.europesays.com\/es\/wp-json\/wp\/v2\/tags?post=131524"}],"curies":[{"name":"wp","href":"https:\/\/api.w.org\/{rel}","templated":true}]}}