{"id":131526,"date":"2025-09-22T10:21:11","date_gmt":"2025-09-22T10:21:11","guid":{"rendered":"https:\/\/www.europesays.com\/es\/131526\/"},"modified":"2025-09-22T10:21:11","modified_gmt":"2025-09-22T10:21:11","slug":"el-corazon-industrial-de-alemania-se-resquebraja","status":"publish","type":"post","link":"https:\/\/www.europesays.com\/es\/131526\/","title":{"rendered":"el coraz\u00f3n industrial de Alemania se resquebraja"},"content":{"rendered":"<p>Porsche ha puesto en jaque ha todo el sector automotriz <a rel=\"nofollow noopener\" href=\"https:\/\/www.volkswagen-group.com\/en\/ad-hoc\/volkswagen-ag-adjusts-2025-forecast-in-light-of-the-effects-of-changes-in-product-planning-and-the-medium-term-ambition-of-dr-ing-hc-f-porsche-ag-19869\" target=\"_blank\">con su \u00faltimo profit warning. <\/a>La firma alemana se hunde m\u00e1s de un 6,82%, despu\u00e9s de retrasar su nuevo coche el\u00e9ctrico y anunciar un golpe en sus ingresos. Instant\u00e1neamente la ha seguido su matriz, due\u00f1a de un 75% del capital, <b>Volkswagen, que cede un 6,81%.<\/b> M\u00e1s all\u00e1 del golpe instant\u00e1neo el sector empieza a asumir que el anuncio del gigante germano de los deportivos pone de manifiesto una realidad m\u00e1s complicada, todo el sector afronta una nueva era de dolor y el final de la crisis que lleva atenazando al sector est\u00e1 lejos de terminar.<\/p>\n<p>Pero, \u00bfQu\u00e9 ha sucedido concretamente? Porsche cancel\u00f3 un futuro SUV de lujo el\u00e9ctrico (que queda retrasado sin fecha) y anunci\u00f3 que a\u00f1adir\u00eda m\u00e1s modelos con motor de combusti\u00f3n e h\u00edbridos para reforzar su cartera. Este cambio de estrategia ha supuesto <b>un impacto de 1.800 millones de euros en el beneficio operativo<\/b> y ha obligado a Porsche y Volkswagen a recortar dr\u00e1sticamente sus previsiones para el a\u00f1o . Se trata de un nuevo rev\u00e9s para la industria automovil\u00edstica alemana, que se enfrenta a unos costes elevados y unas ventas moderadas. La compa\u00f1\u00eda advirti\u00f3 el viernes que asumir\u00e1 un deterioro no monetario de aproximadamente 3.000 millones de euros relacionado con las medidas de Porsche, y redujo su pron\u00f3stico de retorno operativo sobre las ventas este a\u00f1o al 2% al 3%, desde un m\u00e1ximo del 5%.<\/p>\n<p>Este profit warning <a href=\"https:\/\/www.eleconomista.es\/motor\/noticias\/13056024\/10\/24\/las-proximas-victimas-del-coche-electrico-chino-el-lujo-europeo-de-porsche-mercedes-y-bmw.html\" rel=\"nofollow noopener\" target=\"_blank\">supone un duro golpe para el motor alem\u00e1n<\/a>, que ven\u00eda ya <b>atrapado en una crisis desde hace a\u00f1os,<\/b> con la debilidad industrial alemana, los mayores costes y, especialmente, la menor demanda. Estos problemas chocaron con un mercado chino a rebosar (su principal fuente de ingresos) que hac\u00eda cada vez m\u00e1s dif\u00edcil no solo el crecimiento, sino sostener las ventas actuales. El anuncio de Porsche y Volkswagen supone un nuevo rev\u00e9s para una crisis que no termina.<\/p>\n<p>Porsche ya ha realizado cuatro recortes de previsiones de ingresos y beneficios solo este a\u00f1o y s<b>us acciones ya caen un 30%.<\/b> La crisis llega hasta el punto de que tendr\u00e1 que abandonar el Dax tras un tortuoso camino desde su debut en bolsa en 2022. En aquel entonces la hist\u00f3rica empresa alemana debutaba como un spin off de Volkswagen cargada de buenas recomendaciones pero ya se deja la mitad de su valor.<\/p>\n<p>Por un lado, el retraso de su coche el\u00e9ctrico de lujo muestra a las claras los problemas que <b>va a tener el sector con la electrificaci\u00f3n. <\/b>Sin embargo, el gran problema es el doble golpe de China y EEUU, dos grandes frentes de presi\u00f3n que el sector tiene que sostener al mismo tiempo. Por un lado, el mayor mercado del mundo, el del gigante asi\u00e1tico, est\u00e1 viendo como queda en manos de las empresas locales que se llevan todo el mercado de coches el\u00e9ctricos y donde es muy dif\u00edcil crecer en todos los segmentos. Por otro, Porsche es de las empresas m\u00e1s afectadas por los aranceles de EEUU.<\/p>\n<p>Volkswagen est\u00e1 vi\u00e9ndose afectada muy seriamente por la situaci\u00f3n de Porsche, lo que indica una tendencia general peligrosa para todo el sector alem\u00e1n. Si bien Volkswagen est\u00e1 logrando hacer avances en el sector el\u00e9ctrico, donde ha superado a Tesla, Stellantis y BYD (en Europa), la realidad es que<a href=\"https:\/\/www.eleconomista.es\/mercados-cotizaciones\/noticias\/13058701\/10\/24\/el-beneficio-de-volkswagen-se-derrumba-un-64-y-refuerza-los-cierres-necesitamos-reducir-costes.html\" rel=\"nofollow noopener\" target=\"_blank\"> est\u00e1 teniendo que dar marcha atr\u00e1s<b> <\/b><\/a>y atrapado por todos los problemas mencionados,<b> est\u00e1 envuelto en un plan para reducir costes y soportar mejor el impacto <\/b>de un contexto complicado. Todo esto a solo 10 a\u00f1os de que tengan que dejar de venderse cualquier coche de combusti\u00f3n en Europa. Si bien pol\u00edticos como el canciller alem\u00e1n, Friedrich Merz, han dicho que se trata de algo poco realista, la realidad es que esta &#8216;espada de Damocles&#8217; todav\u00eda supone un gran riesgo para un sector en horas bajas.<\/p>\n<p>Frente a todos estos problemas, las marcas de lujo de Volkswagen s<b>ol\u00edan ser el salvavidas para rentabilidad de la compa\u00f1\u00eda. <\/b>Daba igual la crisis, los modelos deportivos siguen siendo demandados y los altos precios (y capacidad de subirlos) suelen ser un comod\u00edn para un grupo como el alem\u00e1n. Sin embargo, el conjunto de todas sus marcas de lujo, con Bentley, Lamborghini o Ducati, tambi\u00e9n redujeron sus previsiones debido a la debilidad de China y EEUU.<\/p>\n<p>El motor alem\u00e1n (y europeo) contra las cuerdas<\/p>\n<p>En ese sentido, la nueva alarma de Porsche supone un aviso para todo el coraz\u00f3n industrial germano (y europeo) y es por ello que las ca\u00eddas en estas empresas han seguido a las de su rival. <b>Mercedes Benz <\/b>se hunde cerca de un 3%, mientras que <b>BMW <\/b>hace lo propio un 2,19%. <b>Stellantis<\/b>, por su parte, cede un 2,92%.<\/p>\n<p>En cualquier caso donde m\u00e1s se nota es, precisamente, en el coraz\u00f3n del motor europeo, Alemania. Seg\u00fan Jorg Kramer, analista de Commerzbank \u00aben los \u00faltimos a\u00f1os, la industria automotriz alemana <b>ha pasado de ser un modelo a un problema.<\/b> El a\u00f1o pasado, se produjeron m\u00e1s de un 10% menos de autom\u00f3viles en Alemania que antes de la pandemia de coronavirus; en respuesta, tanto los principales fabricantes como los proveedores han anunciado recortes de empleo significativos\u00bb.<\/p>\n<p>Seg\u00fan el experto, aunque se est\u00e1 avanzando a la electrificaci\u00f3n, \u00abla transici\u00f3n de la industria dista mucho de estar completa\u00bb. Por su parte, \u00abla competencia de los fabricantes de autom\u00f3viles chinos se ha intensificado\u00bb. Al margen de l<b>a gran inversi\u00f3n del pa\u00eds asi\u00e1tico en la electrificaci\u00f3n,<\/b> que ha desembocado en un desembarco masivo, \u00aba esto se suman las ventajas de coste de la producci\u00f3n en China, que hacen que los fabricantes de autom\u00f3viles chinos sean muy competitivos\u00bb.<\/p>\n<p>\u00abComo el mercado automovil\u00edstico chino se caracteriza por el exceso de capacidad y las guerras de precios, las empresas automovil\u00edsticas chinas recurren cada vez m\u00e1s a las exportaciones y ahora tambi\u00e9n <b>ofrecen modelos de motor de combusti\u00f3n impresionantes<\/b> y asequibles en Europa para penetrar en el mercado, especialmente porque estos no se ven afectados por los aranceles punitivos de la UE a los autom\u00f3viles el\u00e9ctricos chinos\u00bb, explica Jorg. Esto ha llevado a que \u00abla fuerte competencia, cause graves problemas en la industria alemana\u00bb. El resultado ha sido un sorpasso total de China a Alemania.<\/p>\n<p>Esto ha chocado tambi\u00e9n con<a href=\"https:\/\/www.eleconomista.es\/economia\/noticias\/13512826\/08\/25\/la-ue-y-eeuu-pactan-los-ultimos-flecos-del-acuerdo-arancelario-para-evitar-una-guerra-comercial.html\" rel=\"nofollow noopener\" target=\"_blank\"> \u00abunos punitivos aranceles del 25% a los autom\u00f3viles de la UE\u00bb<\/a>. Uno de cada siete autom\u00f3viles alemanes acaban en EEUU, por lo que el golpe es importante. Seg\u00fan Commerzbank, \u00ab<b>es probable que el acceso al importante mercado de EEUU<\/b> siga siendo notablemente dif\u00edcil\u00bb. Esto sumado a \u00abunos costes laborales significativamente m\u00e1s altos que en otros pa\u00edses con industria automotriz importante\u00bb, provocan que \u00absea muy dudoso que se produzca un cambio en la situaci\u00f3n de Alemania. Una crisis que est\u00e1 lejos de terminar\u00bb.<\/p>\n<p>WhatsApp<a href=\"https:\/\/api.whatsapp.com\/send?text=https:\/\/www.eleconomista.es\/mercados-cotizaciones\/noticias\/13556507\/09\/25\/porsche-y-volkswagen-se-hunden-mas-de-un-68-el-corazon-industrial-de-alemania-se-resquebraja-y-el-miedo-se-apodera-de-todo-el-sector.html?utm_source%3Dwhatsapp%26utm_medium%3Dshare_button&amp;id=1648118629957_whatsapp\" target=\"_blank\" data-action=\"share\/whatsapp\/share\" aria-label=\"Compartir en Whatsapp\" rel=\"nofollow noopener\"><\/a>Facebook<a id=\"fb-share\" href=\"#\" target=\"_blank\" rel=\"noopener noreferrer\" aria-label=\"Compartir en Facebook\"><\/a>Twitter<a href=\"https:\/\/twitter.com\/share?text=El+frenazo+del+coche+el%C3%A9ctrico+hunde+a+Porsche+y+hace+temblar+a+todo+el+sector%3A+el+coraz%C3%B3n+industrial+de+Alemania+se+resquebraja&amp;url=https:\/\/www.eleconomista.es\/mercados-cotizaciones\/noticias\/13556507\/09\/25\/porsche-y-volkswagen-se-hunden-mas-de-un-68-el-corazon-industrial-de-alemania-se-resquebraja-y-el-miedo-se-apodera-de-todo-el-sector.html&amp;via=elEconomistaes&amp;id=1648118839245_twitter\" target=\"_blank\" aria-label=\"Compartir en Twitter\" rel=\"nofollow noopener\"><\/a>Linkedin<a href=\"https:\/\/linkedin.com\/share?text=https:\/\/www.eleconomista.es\/mercados-cotizaciones\/noticias\/13556507\/09\/25\/porsche-y-volkswagen-se-hunden-mas-de-un-68-el-corazon-industrial-de-alemania-se-resquebraja-y-el-miedo-se-apodera-de-todo-el-sector.html&amp;via=elEconomistaes\" target=\"_blank\" aria-label=\"Compartir en linkedin\" rel=\"nofollow noopener\"><\/a>Beloud<a href=\"https:\/\/beloud.com\/share?text=El+frenazo+del+coche+el%C3%A9ctrico+hunde+a+Porsche+y+hace+temblar+a+todo+el+sector%3A+el+coraz%C3%B3n+industrial+de+Alemania+se+resquebraja&amp;url=https:\/\/www.eleconomista.es\/mercados-cotizaciones\/noticias\/13556507\/09\/25\/porsche-y-volkswagen-se-hunden-mas-de-un-68-el-corazon-industrial-de-alemania-se-resquebraja-y-el-miedo-se-apodera-de-todo-el-sector.html&amp;via=elEconomistaes&amp;id=1648118839245_beloud\" target=\"_blank\" aria-label=\"Compartir en beloud\" rel=\"nofollow noopener\"><\/a>Bluesky<a href=\"https:\/\/bsky.app\/intent\/compose?text=https:\/\/bsky.app\/intent\/compose?text=https:\/\/www.eleconomista.es\/mercados-cotizaciones\/noticias\/13556507\/09\/25\/porsche-y-volkswagen-se-hunden-mas-de-un-68-el-corazon-industrial-de-alemania-se-resquebraja-y-el-miedo-se-apodera-de-todo-el-sector.html&amp;url=https:\/\/www.eleconomista.es\/mercados-cotizaciones\/noticias\/13556507\/09\/25\/porsche-y-volkswagen-se-hunden-mas-de-un-68-el-corazon-industrial-de-alemania-se-resquebraja-y-el-miedo-se-apodera-de-todo-el-sector.html&amp;via=elEconomistaes&amp;id=1648118839245_bluesky\" target=\"_blank\" aria-label=\"Compartir en bluesky\" rel=\"nofollow noopener\"><\/a><\/p>\n<p><script async src=\"https:\/\/platform.twitter.com\/widgets.js\" charset=\"utf-8\"><\/script><\/p>\n","protected":false},"excerpt":{"rendered":"Porsche ha puesto en jaque ha todo el sector automotriz con su \u00faltimo profit warning. La firma alemana&hellip;\n","protected":false},"author":2,"featured_media":131527,"comment_status":"","ping_status":"","sticky":false,"template":"","format":"standard","meta":{"footnotes":""},"categories":[80],"tags":[2300,82,95,94,25,24,2301,23],"class_list":{"0":"post-131526","1":"post","2":"type-post","3":"status-publish","4":"format-standard","5":"has-post-thumbnail","7":"category-economia","8":"tag-bolsa","9":"tag-business","10":"tag-economia","11":"tag-economy","12":"tag-es","13":"tag-espana","14":"tag-mercados-y-cotizaciones","15":"tag-spain"},"share_on_mastodon":{"url":"","error":""},"_links":{"self":[{"href":"https:\/\/www.europesays.com\/es\/wp-json\/wp\/v2\/posts\/131526","targetHints":{"allow":["GET"]}}],"collection":[{"href":"https:\/\/www.europesays.com\/es\/wp-json\/wp\/v2\/posts"}],"about":[{"href":"https:\/\/www.europesays.com\/es\/wp-json\/wp\/v2\/types\/post"}],"author":[{"embeddable":true,"href":"https:\/\/www.europesays.com\/es\/wp-json\/wp\/v2\/users\/2"}],"replies":[{"embeddable":true,"href":"https:\/\/www.europesays.com\/es\/wp-json\/wp\/v2\/comments?post=131526"}],"version-history":[{"count":0,"href":"https:\/\/www.europesays.com\/es\/wp-json\/wp\/v2\/posts\/131526\/revisions"}],"wp:featuredmedia":[{"embeddable":true,"href":"https:\/\/www.europesays.com\/es\/wp-json\/wp\/v2\/media\/131527"}],"wp:attachment":[{"href":"https:\/\/www.europesays.com\/es\/wp-json\/wp\/v2\/media?parent=131526"}],"wp:term":[{"taxonomy":"category","embeddable":true,"href":"https:\/\/www.europesays.com\/es\/wp-json\/wp\/v2\/categories?post=131526"},{"taxonomy":"post_tag","embeddable":true,"href":"https:\/\/www.europesays.com\/es\/wp-json\/wp\/v2\/tags?post=131526"}],"curies":[{"name":"wp","href":"https:\/\/api.w.org\/{rel}","templated":true}]}}