{"id":131528,"date":"2025-09-22T10:22:14","date_gmt":"2025-09-22T10:22:14","guid":{"rendered":"https:\/\/www.europesays.com\/es\/131528\/"},"modified":"2025-09-22T10:22:14","modified_gmt":"2025-09-22T10:22:14","slug":"sanchez-viaja-a-la-onu-con-gaza-y-la-defensa-de-un-orden-basado-en-reglas-como-ejes-centrales-de-su-agenda","status":"publish","type":"post","link":"https:\/\/www.europesays.com\/es\/131528\/","title":{"rendered":"S\u00e1nchez viaja a la ONU con Gaza y la defensa de un orden basado en reglas como ejes centrales de su agenda"},"content":{"rendered":"<p><img id=\"fotoPrincipalNoticia\" src=\"https:\/\/www.europesays.com\/es\/wp-content\/uploads\/2025\/09\/fotonoticia_20250921122951_690.jpg\" loading=\"eager\" decoding=\"async\" style=\"view-transition-name: fechor_20250921122951;\" border=\"0\" alt=\"El presidente del Gobierno, Pedro S\u00e1nchez\" fetchpriority=\"high\" title=\"S\u00e1nchez viaja a la ONU con Gaza y la defensa de un orden basado en reglas como ejes centrales de su agenda\" width=\"690\" height=\"460\" itemprop=\"image\"\/><\/p>\n<p>El presidente del Gobierno, Pedro S\u00e1nchez &#8211; A. P\u00e9rez Meca &#8211; Europa Press<\/p>\n<p><strong><a style=\"color:#cc0000\" href=\"https:\/\/www.europapress.es\/internacional\/noticia-guerra-gaza-directo-ultima-hora-conflicto-oriente-proximo-20250916075445.html\" title=\"Sigue en directo las \u00faltimas noticias sobre la guerra en Oriente Pr\u00f3ximo\" rel=\"nofollow noopener\" target=\"_blank\">Sigue en directo las \u00faltimas noticias sobre la guerra en Oriente Pr\u00f3ximo<\/a><\/strong><\/p>\n<p> En esta ocasi\u00f3n, ser\u00e1 el Rey quien hable desde la tribuna de la Asamblea General en nombre de Espa\u00f1a<\/p>\n<p>   MADRID, 21 Sep. (EUROPA PRESS) &#8211; <\/p>\n<p>   El presidente del Gobierno, Pedro S\u00e1nchez, viaja a Nueva York con una agenda que estar\u00e1 marcada principalmente por la guerra de Gaza y la defensa de una soluci\u00f3n de dos estados y tambi\u00e9n por la reivindicaci\u00f3n del multilateralismo y las respuestas progresistas frente a los grandes desaf\u00edos a los que se enfrenta la comunidad internacional en estos momentos.<\/p>\n<p>   Aunque en esta ocasi\u00f3n ser\u00e1 el Rey Felipe VI quien intervenga en nombre de Espa\u00f1a ante la Asamblea General de la ONU, S\u00e1nchez se desplazar\u00e1 igualmente hasta all\u00ed para asistir tanto a la inauguraci\u00f3n el martes como a la intervenci\u00f3n del monarca el mi\u00e9rcoles.<\/p>\n<p>   Desde Moncloa justifican que sea el Rey quien hable desde la tribuna de Naciones Unidas en esta ocasi\u00f3n al tratarse del 80 aniversario de su creaci\u00f3n y al cumplirse 70 a\u00f1os de la entrada de Espa\u00f1a y tambi\u00e9n porque con ello se quiere escenificar el compromiso al m\u00e1s alto nivel de Espa\u00f1a con el multilateralismo en un momento en que est\u00e1 siendo puesto en tela de juicio.<\/p>\n<p>   Sin embargo, el plato fuerte en la agenda del presidente del Gobierno ser\u00e1 el lunes, con una doble cita en la que ofrecer\u00e1 por un lado su particular visi\u00f3n del mundo actual y por otro su apuesta decidida por una soluci\u00f3n de dos estados para resolver el conflicto de Oriente Pr\u00f3ximo.<\/p>\n<p>   As\u00ed, S\u00e1nchez tiene previsto pronunciar una conferencia en la Universidad de Columbia a la que seguir\u00e1 una sesi\u00f3n de preguntas y respuestas por parte de los alumnos y un encuentro con espa\u00f1oles que estudian en el centro.<\/p>\n<p>   El presidente del Gobierno quiere aprovechar esta ocasi\u00f3n, seg\u00fan han explicado fuentes gubernamentales, para reivindicar el orden basado en reglas y las respuestas progresistas ante los grandes desaf\u00edos actuales que est\u00e1 brindando Espa\u00f1a. Ser\u00e1, seg\u00fan adelantan desde Moncloa, un discurso muy pol\u00edtico.<\/p>\n<p>CONFERENCIA DOS ESTADOS<\/p>\n<p>   La conferencia sobre la soluci\u00f3n de los dos estados ser\u00e1 el otro gran momento de la jornada y, en gran medida, del viaje del presidente. La cita, que coorganizan Francia y Arabia Saud\u00ed, servir\u00e1 a priori de escenario para el reconocimiento del Estado palestino por varios pa\u00edses, entre ellos la propia Francia y Reino Unido.<\/p>\n<p>   En Moncloa no ocultan su satisfacci\u00f3n por que otros pa\u00edses tan importantes como Francia y Reino Unido, pero tambi\u00e9n Canad\u00e1 o Australia, hayan expresado su voluntad de reconocer a Palestina durante la Asamblea General de la ONU y sigan as\u00ed el camino trazado hace un a\u00f1o por Espa\u00f1a, Noruega, Irlanda y Eslovenia.<\/p>\n<p>   La cita de Nueva York viene empa\u00f1ada por la negativa de Estados Unidos a conceder sus visados a la delegaci\u00f3n de la Autoridad Palestina, cuyo presidente, Mahmud Abbas, tendr\u00e1 que intervenir por videoconferencia.<\/p>\n<p>   Para el Gobierno espa\u00f1ol, ya el hecho de que se celebre esta conferencia en respaldo a la soluci\u00f3n de dos estados supone todo un mensaje en un momento en que Israel est\u00e1 inmerso en plena ofensiva para tomar la Ciudad de Gaza y la posibilidad de un Estado palestino viable que incluya la Franja, Cisjordania y Jerusal\u00e9n Este parece lejana.<\/p>\n<p>   Adem\u00e1s, tras la pol\u00e9mica suscitada por el presidente del Gobierno al calificar de \u00abgenocidio\u00bb la actuaci\u00f3n de Israel en Gaza y las acusaciones de antisemitismo por parte del Ejecutivo israel\u00ed, desde Moncloa quieren dejar muy claro que Espa\u00f1a apoya la existencia de un Estado israel\u00ed y defiende que los pa\u00edses \u00e1rabes que a\u00fan no le reconocen lo hagan, igual que del otro lado se debe reconocer el Estado palestino.<\/p>\n<p>ASAMBLEA GENERAL<\/p>\n<p>   La guerra en Gaza, y tambi\u00e9n la de Ucrania, acaparar\u00e1 a buen seguro la atenci\u00f3n en los discursos durante la Asamblea General, que arranca oficialmente el martes. Tanto el Rey como S\u00e1nchez asistir\u00e1n a la inauguraci\u00f3n por parte del secretario general de la ONU, Antonio Guterres.<\/p>\n<p>   Tras \u00e9l, tomar\u00e1n la palabra, como marca la tradici\u00f3n, el presidente de Brasil, Luiz Inazio Lula da Silva, y el presidente estadounidense, Donald Trump, uno de los discursos m\u00e1s esperados en esta edici\u00f3n dadas las cr\u00edticas que este ha hecho de Naciones Unidas. Fuentes gubernamentales no descartan que S\u00e1nchez permanezca en la sala para escuchar la intervenci\u00f3n del mandatario norteamericano.<\/p>\n<p>   La intervenci\u00f3n de Felipe VI desde la tribuna de la ONU tendr\u00e1 lugar el mi\u00e9rcoles por la ma\u00f1ana, con S\u00e1nchez tambi\u00e9n presente en la sala. Esta ser\u00e1 la cuarta ocasi\u00f3n en que el Rey hable en este foro, tras hacerlo en 2014, 2015 y 2016, y la primera que lo haga desde que S\u00e1nchez est\u00e1 en Moncloa.<\/p>\n<p>RESTO DE LA AGENDA<\/p>\n<p>   Como en otros desplazamientos internacionales del presidente, su agenda tambi\u00e9n incluir\u00e1 un apartado econ\u00f3mico. As\u00ed, a primera hora del lunes tiene previsto un encuentro con inversores y el mi\u00e9rcoles participar\u00e1 en un acto organizado por la C\u00e1mara de Comercio Espa\u00f1a-Estados Unidos.<\/p>\n<p>   Desde Moncloa aseguran que hay un enorme inter\u00e9s por entender la receta de los buenos datos econ\u00f3micos de Espa\u00f1a y por invertir en nuestro pa\u00eds, de ah\u00ed el que el Gobierno aproveche todas las ocasiones que se le presentan para explicar la situaci\u00f3n y atraer inversores. Entre los contactos que mantendr\u00e1 S\u00e1nchez figura el CEO de Blackrock.<\/p>\n<p>   Por otra parte, S\u00e1nchez tiene previsto asistir el lunes a la reuni\u00f3n por el 30 aniversario de la Conferencia de Pek\u00edn sobre la mujer y el martes al acto de ONU Mujeres de la iniciativa &#8216;He for She&#8217;, como muestra de la pol\u00edtica exterior feminista que sigue el Ejecutivo.<\/p>\n<p>   Asimismo, el mi\u00e9rcoles participar\u00e1 en el evento &#8216;En defensa de la democracia, luchando contra el extremismo&#8217;, la iniciativa que lanz\u00f3 el a\u00f1o pasado junto con Lula y que este a\u00f1o tambi\u00e9n patrocina el mandatario chileno, Gabriel Boric.<\/p>\n<p>   Con Lula tambi\u00e9n coincidir\u00e1 ese mismo d\u00eda en la cumbre sobre el clima que el mandatario brasile\u00f1o coorganiza junto con Guterres y que servir\u00e1 de preparaci\u00f3n para la COP30 que se celebra en noviembre en Brasil.<\/p>\n<p>   Por \u00faltimo, el jueves participar\u00e1 en la puesta en marcha del di\u00e1logo mundial para la puesta en marcha de una gobernanza de la Inteligencia Artificial.<\/p>\n","protected":false},"excerpt":{"rendered":"El presidente del Gobierno, Pedro S\u00e1nchez &#8211; A. P\u00e9rez Meca &#8211; Europa Press Sigue en directo las \u00faltimas&hellip;\n","protected":false},"author":2,"featured_media":131529,"comment_status":"","ping_status":"","sticky":false,"template":"","format":"standard","meta":{"footnotes":""},"categories":[42],"tags":[17,18,13,14,11,61,62,63,64,19,20,9,10,15,16,12,21,22,65,66,67],"class_list":{"0":"post-131528","1":"post","2":"type-post","3":"status-publish","4":"format-standard","5":"has-post-thumbnail","7":"category-internacional","8":"tag-breaking-news","9":"tag-breakingnews","10":"tag-featured-news","11":"tag-featurednews","12":"tag-headlines","13":"tag-internacional","14":"tag-international","15":"tag-international-news","16":"tag-internationalnews","17":"tag-latest-news","18":"tag-latestnews","19":"tag-news","20":"tag-noticias","21":"tag-noticias-destacadas","22":"tag-noticiasdestacadas","23":"tag-titulares","24":"tag-ultimas-noticias","25":"tag-ultimasnoticias","26":"tag-world","27":"tag-world-news","28":"tag-worldnews"},"share_on_mastodon":{"url":"","error":""},"_links":{"self":[{"href":"https:\/\/www.europesays.com\/es\/wp-json\/wp\/v2\/posts\/131528","targetHints":{"allow":["GET"]}}],"collection":[{"href":"https:\/\/www.europesays.com\/es\/wp-json\/wp\/v2\/posts"}],"about":[{"href":"https:\/\/www.europesays.com\/es\/wp-json\/wp\/v2\/types\/post"}],"author":[{"embeddable":true,"href":"https:\/\/www.europesays.com\/es\/wp-json\/wp\/v2\/users\/2"}],"replies":[{"embeddable":true,"href":"https:\/\/www.europesays.com\/es\/wp-json\/wp\/v2\/comments?post=131528"}],"version-history":[{"count":0,"href":"https:\/\/www.europesays.com\/es\/wp-json\/wp\/v2\/posts\/131528\/revisions"}],"wp:featuredmedia":[{"embeddable":true,"href":"https:\/\/www.europesays.com\/es\/wp-json\/wp\/v2\/media\/131529"}],"wp:attachment":[{"href":"https:\/\/www.europesays.com\/es\/wp-json\/wp\/v2\/media?parent=131528"}],"wp:term":[{"taxonomy":"category","embeddable":true,"href":"https:\/\/www.europesays.com\/es\/wp-json\/wp\/v2\/categories?post=131528"},{"taxonomy":"post_tag","embeddable":true,"href":"https:\/\/www.europesays.com\/es\/wp-json\/wp\/v2\/tags?post=131528"}],"curies":[{"name":"wp","href":"https:\/\/api.w.org\/{rel}","templated":true}]}}