{"id":131530,"date":"2025-09-22T10:23:06","date_gmt":"2025-09-22T10:23:06","guid":{"rendered":"https:\/\/www.europesays.com\/es\/131530\/"},"modified":"2025-09-22T10:23:06","modified_gmt":"2025-09-22T10:23:06","slug":"espana-concedera-la-medalla-del-orden-civil-de-sanidad-a-los-sanitarios-de-gaza","status":"publish","type":"post","link":"https:\/\/www.europesays.com\/es\/131530\/","title":{"rendered":"Espa\u00f1a conceder\u00e1 la medalla del Orden Civil de Sanidad a los sanitarios de Gaza"},"content":{"rendered":"<p>La ministra de Sanidad, <strong>M\u00f3nica Garc\u00eda<\/strong>, ha anunciado este lunes que el departamento que dirige conceder\u00e1 la medalla del Orden Civil de Sanidad a los sanitarios que est\u00e1n realizando su labor en Gaza. <\/p>\n<p>\u00abSe la vamos a conceder a partir de la mano de Ra\u00fal Incertis. Porque estamos orgullosos de todos aquellos que, a pesar de todas las dificultades, a pesar del genocidio, siguen estando all\u00ed, <strong>dedicando 24 horas a salvar la vida de sus compatriotas<\/strong>\u00ab, ha se\u00f1alado la ministra durante un desayuno informativo organizado por la agencia de noticias Europa Press. <\/p>\n<p>La ministra ha explicado que recientemente se reunido con el m\u00e9dico espa\u00f1ol Ra\u00fal Incertis, que estuvo trabajando en Gaza unos meses y quien le mostr\u00f3 una documentaci\u00f3n de lo que estaba ocurriendo en los hospitales de all\u00ed. \u00abHab\u00eda fotos de ni\u00f1os, y era un aut\u00e9ntico cat\u00e1logo de horrores, con la historia cl\u00ednica de cada uno de ellos, los da\u00f1os que hab\u00edan sufrido. Me pidi\u00f3 que se lo diera a todos los dirigentes de este pa\u00eds,<strong> para que nunca puedan decir que no sab\u00edan lo que estaba pasando, que no eran conscientes de que se estaba cometiendo un genocidio en <\/strong><strong>prime time<\/strong>\u00ab, ha manifestado.<\/p>\n<p>Quinta misi\u00f3n de evacuaci\u00f3n de ni\u00f1os y ni\u00f1as gazat\u00edes<\/p>\n<p>Asimismo, Garc\u00eda ha indicado que Espa\u00f1a realizar\u00e1 una quinta misi\u00f3n de evacuaci\u00f3n de ni\u00f1os y ni\u00f1as gazat\u00edes para que \u00abpuedan ser cuidados, tratados y curados\u00bb. En este punto<strong>, ha pedido a las comunidades gobernadas por el PP que ofrezcan sus hospitales<\/strong> para atender a estos ni\u00f1os. <\/p>\n<p>\u00abQueremos hacer un llamamiento a las comunidades del PP para que se sumen a esta ola de solidaridad y tambi\u00e9n ofrezcan los hospitales de sus comunidades. Como les dec\u00eda, Espa\u00f1a est\u00e1 alumbrando el camino\u00bb, ha subrayado la ministra. <\/p>\n","protected":false},"excerpt":{"rendered":"La ministra de Sanidad, M\u00f3nica Garc\u00eda, ha anunciado este lunes que el departamento que dirige conceder\u00e1 la medalla&hellip;\n","protected":false},"author":2,"featured_media":131531,"comment_status":"","ping_status":"","sticky":false,"template":"","format":"standard","meta":{"footnotes":""},"categories":[8],"tags":[17,18,25,24,13,14,11,19,20,9,10,15,16,23,12,21,22],"class_list":{"0":"post-131530","1":"post","2":"type-post","3":"status-publish","4":"format-standard","5":"has-post-thumbnail","7":"category-espana","8":"tag-breaking-news","9":"tag-breakingnews","10":"tag-es","11":"tag-espana","12":"tag-featured-news","13":"tag-featurednews","14":"tag-headlines","15":"tag-latest-news","16":"tag-latestnews","17":"tag-news","18":"tag-noticias","19":"tag-noticias-destacadas","20":"tag-noticiasdestacadas","21":"tag-spain","22":"tag-titulares","23":"tag-ultimas-noticias","24":"tag-ultimasnoticias"},"share_on_mastodon":{"url":"","error":""},"_links":{"self":[{"href":"https:\/\/www.europesays.com\/es\/wp-json\/wp\/v2\/posts\/131530","targetHints":{"allow":["GET"]}}],"collection":[{"href":"https:\/\/www.europesays.com\/es\/wp-json\/wp\/v2\/posts"}],"about":[{"href":"https:\/\/www.europesays.com\/es\/wp-json\/wp\/v2\/types\/post"}],"author":[{"embeddable":true,"href":"https:\/\/www.europesays.com\/es\/wp-json\/wp\/v2\/users\/2"}],"replies":[{"embeddable":true,"href":"https:\/\/www.europesays.com\/es\/wp-json\/wp\/v2\/comments?post=131530"}],"version-history":[{"count":0,"href":"https:\/\/www.europesays.com\/es\/wp-json\/wp\/v2\/posts\/131530\/revisions"}],"wp:featuredmedia":[{"embeddable":true,"href":"https:\/\/www.europesays.com\/es\/wp-json\/wp\/v2\/media\/131531"}],"wp:attachment":[{"href":"https:\/\/www.europesays.com\/es\/wp-json\/wp\/v2\/media?parent=131530"}],"wp:term":[{"taxonomy":"category","embeddable":true,"href":"https:\/\/www.europesays.com\/es\/wp-json\/wp\/v2\/categories?post=131530"},{"taxonomy":"post_tag","embeddable":true,"href":"https:\/\/www.europesays.com\/es\/wp-json\/wp\/v2\/tags?post=131530"}],"curies":[{"name":"wp","href":"https:\/\/api.w.org\/{rel}","templated":true}]}}