{"id":131532,"date":"2025-09-22T10:24:09","date_gmt":"2025-09-22T10:24:09","guid":{"rendered":"https:\/\/www.europesays.com\/es\/131532\/"},"modified":"2025-09-22T10:24:09","modified_gmt":"2025-09-22T10:24:09","slug":"plan-autoproteccion-y-coordinacion-romeria-2025","status":"publish","type":"post","link":"https:\/\/www.europesays.com\/es\/131532\/","title":{"rendered":"Plan Autoprotecci\u00f3n y Coordinaci\u00f3n Romer\u00eda 2025"},"content":{"rendered":"<p>La romer\u00eda en honor a la patrona de Mairena del Alcor es un festejo muy arraigado en la localidad que cada a\u00f1o cuenta con una mayor participaci\u00f3n de la ciudadan\u00eda. Este evento organizado por la hermandad de Ntra. Sra. de los Remedios Coronada cuenta con la colaboraci\u00f3n del Ayuntamiento. Su celebraci\u00f3n tiene lugar el domingo 28 de septiembre con salida a las 10 horas desde la ermita San Sebasti\u00e1n hasta el pinar de la Salve.<\/p>\n<p>El Plan de Autoprotecci\u00f3n y Coordinaci\u00f3n Romer\u00eda 2025 establece el marco org\u00e1nico y funcional con el objetivo de prevenir riesgos y garantizar la adecuada respuesta a posibles situaciones de emergencia.<\/p>\n","protected":false},"excerpt":{"rendered":"La romer\u00eda en honor a la patrona de Mairena del Alcor es un festejo muy arraigado en la&hellip;\n","protected":false},"author":2,"featured_media":131533,"comment_status":"","ping_status":"","sticky":false,"template":"","format":"standard","meta":{"footnotes":""},"categories":[5],"tags":[17,18,25,24,13,14,11,19,20,9,10,15,16,23,12,21,22],"class_list":{"0":"post-131532","1":"post","2":"type-post","3":"status-publish","4":"format-standard","5":"has-post-thumbnail","7":"category-titulares","8":"tag-breaking-news","9":"tag-breakingnews","10":"tag-es","11":"tag-espana","12":"tag-featured-news","13":"tag-featurednews","14":"tag-headlines","15":"tag-latest-news","16":"tag-latestnews","17":"tag-news","18":"tag-noticias","19":"tag-noticias-destacadas","20":"tag-noticiasdestacadas","21":"tag-spain","22":"tag-titulares","23":"tag-ultimas-noticias","24":"tag-ultimasnoticias"},"share_on_mastodon":{"url":"","error":""},"_links":{"self":[{"href":"https:\/\/www.europesays.com\/es\/wp-json\/wp\/v2\/posts\/131532","targetHints":{"allow":["GET"]}}],"collection":[{"href":"https:\/\/www.europesays.com\/es\/wp-json\/wp\/v2\/posts"}],"about":[{"href":"https:\/\/www.europesays.com\/es\/wp-json\/wp\/v2\/types\/post"}],"author":[{"embeddable":true,"href":"https:\/\/www.europesays.com\/es\/wp-json\/wp\/v2\/users\/2"}],"replies":[{"embeddable":true,"href":"https:\/\/www.europesays.com\/es\/wp-json\/wp\/v2\/comments?post=131532"}],"version-history":[{"count":0,"href":"https:\/\/www.europesays.com\/es\/wp-json\/wp\/v2\/posts\/131532\/revisions"}],"wp:featuredmedia":[{"embeddable":true,"href":"https:\/\/www.europesays.com\/es\/wp-json\/wp\/v2\/media\/131533"}],"wp:attachment":[{"href":"https:\/\/www.europesays.com\/es\/wp-json\/wp\/v2\/media?parent=131532"}],"wp:term":[{"taxonomy":"category","embeddable":true,"href":"https:\/\/www.europesays.com\/es\/wp-json\/wp\/v2\/categories?post=131532"},{"taxonomy":"post_tag","embeddable":true,"href":"https:\/\/www.europesays.com\/es\/wp-json\/wp\/v2\/tags?post=131532"}],"curies":[{"name":"wp","href":"https:\/\/api.w.org\/{rel}","templated":true}]}}