{"id":131546,"date":"2025-09-22T10:34:09","date_gmt":"2025-09-22T10:34:09","guid":{"rendered":"https:\/\/www.europesays.com\/es\/131546\/"},"modified":"2025-09-22T10:34:09","modified_gmt":"2025-09-22T10:34:09","slug":"isa-pantoja-se-sincera-sobre-su-vuelta-al-trabajo-tras-el-nacimiento-de-su-hijo-cairo-estoy-derrotada","status":"publish","type":"post","link":"https:\/\/www.europesays.com\/es\/131546\/","title":{"rendered":"Isa Pantoja se sincera sobre su vuelta al trabajo tras el nacimiento de su hijo Cairo: \u00abEstoy derrotada\u00bb"},"content":{"rendered":"<p><a title=\"Isa Pantoja\" href=\"https:\/\/www.larazon.es\/gente\/tv\/anabel-pantoja-silencia-familia-pero-subraya-odio-isabel-pantoja-telecinco_2025091368c4ae31d8e279666450e156.html\" target=\"_blank\" rel=\"nofollow noopener\">Isa Pantoja<\/a> ha vuelto al trabajo tras dar a luz a su hijo <a title=\"Cairo\" href=\"https:\/\/www.larazon.es\/gente\/famosos\/significativo-mensaje-isa-pantoja-viaje-marruecos-hijo-cairo-rodeado-familia-mucho-carino_2025082368a99eda506ef67d06dd3cca.html\" target=\"_blank\" rel=\"nofollow noopener\">Cairo<\/a>. La hija de la tonadillera y <a title=\"Asraf Beno\" href=\"https:\/\/www.larazon.es\/gente\/famosos\/isa-pantoja-rompe-silencio-ruptura-kiko-rivera-irene-rosales-deja-clara-postura_2025083068b30c4e506ef67d06e840e0.html\" target=\"_blank\" rel=\"nofollow noopener\">Asraf Beno<\/a> comenzaron la semana pasada las grabaciones de \u00abDeco Masters\u00bb, un reality de reformas en el que participan en pareja junto a otros famosos como Mar Flores y Carlo Costanzia. <b>Tras sus primeros d\u00edas rodando, la televisiva se ha sincerado con todos sus seguidores sobre c\u00f3mo est\u00e1 llevando su vuelta a la peque\u00f1a pantalla. <\/b><\/p>\n<p>Inmersa en las grabaciones<\/p>\n<p><b>\u00abEstoy derrotada. Esta semana ha sido de trabajo constante. He cargado mi bater\u00eda para seguir dando lo mejor de m\u00ed y sobre todo, aprender\u00bb,<\/b> ha declarado la joven en un primer story de Instagram, haciendo un balance de sus primeros d\u00edas de grabaci\u00f3n.<\/p>\n<p><img decoding=\"async\" loading=\"lazy\" src=\"https:\/\/www.europesays.com\/es\/wp-content\/uploads\/2025\/09\/isa-pantoja-seguira-ligada-rtve-junto-asraf-beno_58.jpg\" alt=\"Isa Pantoja seguir\u00e1 ligada a RTVE junto a Asraf Beno\" width=\"680\" height=\"383\"\/><b>Isa Pantoja seguir\u00e1 ligada a RTVE junto a Asraf Beno<\/b>RTVE<\/p>\n<p>A continuaci\u00f3n, Isa Pantoja ha revelado en su siguiente historia el problema de salud que arrastra desde que comenz\u00f3 a grabar \u00abDeco Masters\u00bb. <b>\u00abSolo mis compa\u00f1eros lo entender\u00e1n\u00bb, <\/b>ha escrito la hermana de Kiko Rivera junto a una fotograf\u00eda en la que aparece con un mont\u00f3n de pelo en su mano tras cepillarse la melena.<\/p>\n<p>Exprimiendo al m\u00e1ximo su tiempo libre con su beb\u00e9, ha compartido un emotivo v\u00eddeo durmiendo a su hijo Cairo, de tan solo 3 meses. <b>\u00abEstas horas valen oro\u00bb<\/b>, ha a\u00f1adido la hija de Isa Pantoja.<\/p>\n<p>Vuelta al trabajo<\/p>\n<p>El 22 de junio naci\u00f3 Cairo, el hijo de Isa Pantoja y Asraf Beno. Despu\u00e9s de disfrutar de su primer verano como familia de cuatro, la hija de la tonadillera ha vuelto al trabajo con un proyecto de lo m\u00e1s emocionante junto a su esposo. <b>Por primera vez, el matrimonio participa como pareja en un reality en el que competir\u00e1n por ser los mejores en el mundo de las reformas. <\/b><\/p>\n","protected":false},"excerpt":{"rendered":"Isa Pantoja ha vuelto al trabajo tras dar a luz a su hijo Cairo. La hija de la&hellip;\n","protected":false},"author":2,"featured_media":131547,"comment_status":"","ping_status":"","sticky":false,"template":"","format":"standard","meta":{"footnotes":""},"categories":[174],"tags":[255,146,147,25,24,256,23],"class_list":{"0":"post-131546","1":"post","2":"type-post","3":"status-publish","4":"format-standard","5":"has-post-thumbnail","7":"category-famosos","8":"tag-celebrities","9":"tag-entertainment","10":"tag-entretenimiento","11":"tag-es","12":"tag-espana","13":"tag-famosos","14":"tag-spain"},"share_on_mastodon":{"url":"","error":""},"_links":{"self":[{"href":"https:\/\/www.europesays.com\/es\/wp-json\/wp\/v2\/posts\/131546","targetHints":{"allow":["GET"]}}],"collection":[{"href":"https:\/\/www.europesays.com\/es\/wp-json\/wp\/v2\/posts"}],"about":[{"href":"https:\/\/www.europesays.com\/es\/wp-json\/wp\/v2\/types\/post"}],"author":[{"embeddable":true,"href":"https:\/\/www.europesays.com\/es\/wp-json\/wp\/v2\/users\/2"}],"replies":[{"embeddable":true,"href":"https:\/\/www.europesays.com\/es\/wp-json\/wp\/v2\/comments?post=131546"}],"version-history":[{"count":0,"href":"https:\/\/www.europesays.com\/es\/wp-json\/wp\/v2\/posts\/131546\/revisions"}],"wp:featuredmedia":[{"embeddable":true,"href":"https:\/\/www.europesays.com\/es\/wp-json\/wp\/v2\/media\/131547"}],"wp:attachment":[{"href":"https:\/\/www.europesays.com\/es\/wp-json\/wp\/v2\/media?parent=131546"}],"wp:term":[{"taxonomy":"category","embeddable":true,"href":"https:\/\/www.europesays.com\/es\/wp-json\/wp\/v2\/categories?post=131546"},{"taxonomy":"post_tag","embeddable":true,"href":"https:\/\/www.europesays.com\/es\/wp-json\/wp\/v2\/tags?post=131546"}],"curies":[{"name":"wp","href":"https:\/\/api.w.org\/{rel}","templated":true}]}}