{"id":131550,"date":"2025-09-22T10:37:09","date_gmt":"2025-09-22T10:37:09","guid":{"rendered":"https:\/\/www.europesays.com\/es\/131550\/"},"modified":"2025-09-22T10:37:09","modified_gmt":"2025-09-22T10:37:09","slug":"la-casa-de-los-famosos-mexico-en-vivo-guana-es-el-octavo-eliminado-del-reality","status":"publish","type":"post","link":"https:\/\/www.europesays.com\/es\/131550\/","title":{"rendered":"La Casa de los Famosos M\u00e9xico en vivo: Guana es el octavo eliminado del reality"},"content":{"rendered":"<p><a aria-label=\"Dal\u00edlah Polanco y Shiky respaldan a Guana y niegan que los haya traicionado en La Casa de los Famosos M\u00e9xico\" href=\"https:\/\/www.infobae.com\/mexico\/2025\/09\/22\/dalilah-polanco-y-shiky-respaldan-a-guana-y-niegan-que-los-haya-traicionado-en-la-casa-de-los-famosos-mexico\/\" rel=\"noreferrer nofollow noopener\" target=\"_blank\">Dal\u00edlah Polanco y Shiky respaldan a Guana y niegan que los haya traicionado en La Casa de los Famosos M\u00e9xico<\/a>La nominaci\u00f3n y eliminaci\u00f3n de la octava semana desat\u00f3 una oleada de reacciones tanto dentro como fuera del reality<img alt=\"La actriz asegur\u00f3 que no\" class=\"global-image\" decoding=\"async\" fetchpriority=\"high\" height=\"1080\" loading=\"eager\" src=\"https:\/\/www.europesays.com\/es\/wp-content\/uploads\/2025\/09\/ZRQJHIJAJVDM7CRNI3AVCQKV2Y.jpg\" width=\"1920\"\/>La actriz asegur\u00f3 que no hubo falta de lealtad por parte de Guana. (Captura de pantalla YouTube)<\/p>\n<p class=\"paragraph\">La reciente eliminaci\u00f3n de <b>Guana<\/b> de <b>La Casa de los Famosos M\u00e9xico 2025<\/b> desat\u00f3 una oleada de reacciones tanto dentro como fuera del reality. El actor, que hab\u00eda permanecido <b>m\u00e1s de 57 d\u00edas <\/b>en la competencia, se convirti\u00f3 en el<b> octavo expulsado<\/b> tras un proceso de nominaci\u00f3n que modific\u00f3 la din\u00e1mica habitual y gener\u00f3 controversia entre los participantes y el p\u00fablico durante la semana. <\/p>\n<p><a aria-label=\"Los mejores memes que dej\u00f3 la eliminaci\u00f3n de Guana de La Casa de los Famosos M\u00e9xico\" href=\"https:\/\/www.infobae.com\/mexico\/2025\/09\/22\/los-mejores-memes-que-dejo-la-eliminacion-de-guana-de-la-casa-de-los-famosos-mexico\/\" rel=\"noreferrer nofollow noopener\" target=\"_blank\">Los mejores memes que dej\u00f3 la eliminaci\u00f3n de Guana de La Casa de los Famosos M\u00e9xico<\/a>El actor y comediante se qued\u00f3 a dos semanas de llegar a la gran final del reality show<\/p>\n<p class=\"display_flex authors-name-txt-ctn\">Por  Anayeli  Tapia Sandoval <\/p>\n<p><img alt=\"(Redes sociales)\" class=\"global-image\" decoding=\"async\" fetchpriority=\"high\" height=\"1080\" loading=\"eager\" src=\"https:\/\/www.europesays.com\/es\/wp-content\/uploads\/2025\/09\/VRHRAXUIJNCQ7HTZHJAQSORLJY.jpg\" width=\"1920\"\/>(Redes sociales)<\/p>\n<p class=\"paragraph\">La<b> eliminaci\u00f3n de Guana<\/b> durante la octava gala de La Casa de los Famosos M\u00e9xico desat\u00f3 una oleada de memes, reacciones y comentarios en redes sociales, convirti\u00e9ndose en uno de los temas m\u00e1s comentados de la noche. <\/p>\n<p><a aria-label=\"Guana rompi\u00f3 el silencio tras su salida de La Casa de los Famosos M\u00e9xico\" href=\"https:\/\/www.infobae.com\/mexico\/2025\/09\/22\/guana-rompio-el-silencio-tras-su-salida-de-la-casa-de-los-famosos-mexico\/\" rel=\"noreferrer nofollow noopener\" target=\"_blank\">Guana rompi\u00f3 el silencio tras su salida de La Casa de los Famosos M\u00e9xico<\/a>El actor se convirti\u00f3 en el octavo eliminado del reality show <img alt=\"El actor se convirti\u00f3 en\" class=\"global-image\" decoding=\"async\" fetchpriority=\"high\" height=\"1080\" loading=\"eager\" src=\"https:\/\/www.europesays.com\/es\/wp-content\/uploads\/2025\/09\/1758537428_857_673QKAXAWRGUHAI7Q7TAO6XVFU.jpeg\" width=\"1920\"\/>El actor se convirti\u00f3 en el octavo eliminado del reality show. (La Casa de los Famosos)<\/p>\n<p class=\"paragraph\"><b>Guana<\/b>, uno de los participantes \u00faltimamente m\u00e1s pol\u00e9micos de <b>La Casa de los Famosos M\u00e9xico 2025<\/b>, se convirti\u00f3 en el<b> octavo eliminado<\/b> del reality, tras una jornada marcada por tensiones internas y una entrevista reveladora que ofreci\u00f3 nuevos detalles sobre su experiencia dentro del programa. <\/p>\n<p><a aria-label=\"As\u00ed se vivi\u00f3 la eliminaci\u00f3n de Guana de La Casa de los Famosos M\u00e9xico y el regreso de Shiky (video)\" href=\"https:\/\/www.infobae.com\/mexico\/2025\/09\/22\/asi-se-vivio-la-eliminacion-de-guana-de-la-casa-de-los-famosos-mexico-y-el-regreso-de-shiky-video\/\" rel=\"noreferrer nofollow noopener\" target=\"_blank\">As\u00ed se vivi\u00f3 la eliminaci\u00f3n de Guana de La Casa de los Famosos M\u00e9xico y el regreso de Shiky (video)<\/a>El actor se convirti\u00f3 en el octavo eliminado del reality show<\/p>\n<p class=\"display_flex authors-name-txt-ctn\">Por  Anayeli  Tapia Sandoval <\/p>\n<p><img alt=\"Guana y Shiky se enfrentaron\" class=\"global-image\" decoding=\"async\" fetchpriority=\"high\" height=\"1080\" loading=\"eager\" src=\"https:\/\/www.europesays.com\/es\/wp-content\/uploads\/2025\/09\/1758537429_896_SICYYLJCJ5FZ7IELW4Z5LWMNIU.jpg\" width=\"1920\"\/>Guana y Shiky se enfrentaron en la silla giratoria y finalmente Guana se convirti\u00f3 en el octavo eliminado de La Casa de los Famosos M\u00e9xico. (Capturas de pantalla)<\/p>\n<p class=\"paragraph\">La octava gala de \u201cLa Casa de los Famosos M\u00e9xico 2025\u201d se convirti\u00f3 en uno de los episodios m\u00e1s comentados entre el p\u00fablico al confirmarse la salida de<b> Guana como octavo eliminado de la temporada <\/b>y el inesperado regreso de Shiky, en medio de un ambiente cargado de emociones y reacciones dentro y fuera de la casa. <\/p>\n<p><a aria-label=\"Qui\u00e9n fue el octavo eliminado de La Casa de los Famosos M\u00e9xico 2025 \" href=\"https:\/\/www.infobae.com\/mexico\/2025\/09\/22\/quien-fue-el-octavo-eliminado-de-la-casa-de-los-famosos-mexico-2025\/\" rel=\"noreferrer nofollow noopener\" target=\"_blank\">Qui\u00e9n fue el octavo eliminado de La Casa de los Famosos M\u00e9xico 2025 <\/a>La eliminaci\u00f3n n\u00famero nueve de LCDLFM se desarroll\u00f3 bajo un ambiente lleno de nerviosismo y tensi\u00f3n<img alt=\"La eliminaci\u00f3n n\u00famero nueve de\" class=\"global-image\" decoding=\"async\" fetchpriority=\"high\" height=\"1080\" loading=\"eager\" src=\"https:\/\/www.europesays.com\/es\/wp-content\/uploads\/2025\/09\/YORIV3WL5RBU3AYGSRDQE2EMFE.jpg\" width=\"1920\"\/>La eliminaci\u00f3n n\u00famero nueve de LCDLFM se desarroll\u00f3 bajo un ambiente lleno de nerviosismo y tensi\u00f3n. (Infobae M\u00e9xico)<\/p>\n<p class=\"paragraph\">La <b>octava noche de eliminaci\u00f3n <\/b>en <b>La Casa de los Famosos M\u00e9xico<\/b> present\u00f3 un nuevo escenario de tensi\u00f3n entre los participantes y el p\u00fablico al avanzar una de las fases m\u00e1s esperadas de la temporada. Durante la gala transmitida el domingo 21 de septiembre, tres concursantes quedaron expuestos ante la inminente expulsi\u00f3n tras la din\u00e1mica habitual de posicionamiento y el giro del <b>robo de la salvaci\u00f3n<\/b> aplicado en la misma jornada.<\/p>\n<p><img alt=\"(X\/@LaCasaFamososMx)\" class=\"global-image\" decoding=\"async\" fetchpriority=\"low\" height=\"383\" loading=\"lazy\" src=\"https:\/\/www.europesays.com\/es\/wp-content\/uploads\/2025\/09\/1758537429_336_VXGZLAWSAZHJBIQ5VLHOIBHNHE.jpg\" width=\"680\"\/>(X\/@LaCasaFamososMx)<\/p>\n<p class=\"paragraph\">El actor lleg\u00f3 al foro entre aplausos del p\u00fablico y, al ser cuestionado sobre c\u00f3mo se sent\u00eda tras 57 d\u00edas de encierro, respondi\u00f3: \u201cMe siento muy contento de todo lo que pas\u00f3 all\u00e1 adentro, me llevo una experiencia de vida, y lo que se queda en la casa, se queda en la casa\u201d.<\/p>\n<p class=\"paragraph\">El momento m\u00e1s emotivo lleg\u00f3 cuando Citlali, novia de Guana, lo recibi\u00f3 con gran emoci\u00f3n en el escenario.<\/p>\n<p class=\"paragraph\">El octavo eliminado del reality show <b>Guana, <\/b>por lo que Shiky contin\u00faa una semana m\u00e1s en el programa. <b> <\/b><\/p>\n<p class=\"paragraph\">Por decisi\u00f3n del p\u00fablico, <b>Dal\u00edlah Polanco<\/b> contin\u00faa su aventura por La Casa de los Famosos M\u00e9xico y permanece una semana m\u00e1s.<\/p>\n<p>Abelito salva a Aldo de Nigris<\/p>\n<p class=\"paragraph\">Abelito gana la salvaci\u00f3n y decide otorgarle el beneficio a Aldo de Nigris, quien era el \u00fanico habitante de Noche que estaba nominado. En la placa con riesgo de ser eliminados est\u00e1n: Dal\u00edlah Polanco, Shiky y Guana.<\/p>\n<p>P\u00fablico hace preguntas a los habitantes<\/p>\n<p class=\"paragraph\">Durante la gala se permitieron preguntas del p\u00fablico a cada uno de los habitantes, quienes tuvieron que contestar al tiempo que tuvieron la posibilidad de ver un poco sobre c\u00f3mo se aprecia el actuar de cada uno desde afuera. <\/p>\n<p class=\"paragraph\"><b>\u00bfHay algo que hayas dicho al inicio del show que ahora te arrepientas de haber dicho?<\/b><\/p>\n<p class=\"paragraph\"><b>Alexis Ayala:<\/b> \u201cNo, porque no hay nada que tome como personal. Lo que se dice en la casa se queda en la casa. Uno tiene que aceptar las consecuencias de lo que dice y si te equivocas, decirlo. No hay de lo que me arrepienta y si lo hay, lo har\u00e9 en su momento.\u201d<\/p>\n<p class=\"paragraph\"><b>En ciertas ocasiones dec\u00edas que te sent\u00edas excluida, \u00bfpor qu\u00e9 ahora que pas\u00f3 lo de Shiky no te pusiste en sus zapatos?<\/b><\/p>\n<p class=\"paragraph\"><b>Mar Contreras:<\/b> \u201cJam\u00e1s se excluy\u00f3 a Shiky. Como lo mencionamos, es un ritual que tenemos entre la manada. Era un momento de Aldo y de cuarto Noche. En ning\u00fan momento se hizo para excluir a alguien y no tiene que ver con lo que sent\u00ed con el grupo de mujeres. Tan es as\u00ed que muchas de ellas ya no est\u00e1n aqu\u00ed.\u201d<\/p>\n<p class=\"paragraph\"><b>Si tuvieras el beneficio de volver a traer a alguien que ya sali\u00f3 de la casa, pero a cambio tendr\u00edas que expulsar a alguien, \u00bflo har\u00edas?<\/b><\/p>\n<p class=\"paragraph\"><b>Dal\u00edlah:<\/b> \u201cNo regresar\u00eda a nadie, para que el curso fuera natural. Creo que regresar\u00eda a la Botas.\u201d<\/p>\n<p class=\"paragraph\"><b>Si existiera la moneda de resurrecci\u00f3n para traer a alguno de los habitantes que ya fueron eliminados, \u00bfa qui\u00e9n traer\u00edas de vuelta y por qu\u00e9?<\/b><\/p>\n<p class=\"paragraph\"><b>Aldo:<\/b> \u201cTraer\u00eda de vuelta a alguien que ten\u00eda la filosof\u00eda de cuarto Noche y ese fue Adri\u00e1n. Es muy bueno para las competencias. Y a Olivia porque la conoc\u00ed muy poquito.\u201d<\/p>\n<p class=\"paragraph\"><b>\u00bfEst\u00e1s actuando como realmente eres o como lo que el p\u00fablico quiere ver de ti?<\/b><\/p>\n<p class=\"paragraph\"><b>Abelito:<\/b> \u201cAqu\u00ed como jugadores tenemos que adaptarnos. Somos bromistas, pero luego se nos salen de las manos. Cuando la cosa ya se vuelve personal, hay que reconocer que la regamos. Juego el juego adapt\u00e1ndome y siendo yo mismo.\u201d<\/p>\n<p class=\"paragraph\"><b>\u00bfQu\u00e9 sentir\u00edas si vieras a tu mam\u00e1 en el lugar de Dal\u00edlah, recibiendo los mismos comentarios en los posicionamientos?<\/b><\/p>\n<p class=\"paragraph\"><b>Aar\u00f3n Mercury:<\/b> \u201cSe nos explicaron las reglas al entrar a este reality y se sabe que todos vamos a dar y a recibir. A nadie se trajo con enga\u00f1os y es parte del reality. Nunca he faltado al respeto ni me he puesto al t\u00fa por t\u00fa con Dal\u00edlah. Es parte del juego y no me disculpo porque as\u00ed es el juego.\u201d<\/p>\n<p class=\"paragraph\"><b>\u00bfQui\u00e9n de los habitantes te decepcion\u00f3?<\/b><\/p>\n<p class=\"paragraph\"><b>Shiky:<\/b> \u201cSi soy sincero, no es decepci\u00f3n, pero siento que me hubiera gustado con Facundo tener m\u00e1s clic. Pensaba jugar m\u00e1s con \u00e9l, me hubiera gustado que hubiera habido m\u00e1s uni\u00f3n.\u201d<\/p>\n<p class=\"paragraph\"><b>T\u00fa que has estado con ambos equipos, \u00bfcon cu\u00e1l te has sentido m\u00e1s identificado y por qu\u00e9 con el otro no? <\/b><\/p>\n<p class=\"paragraph\"><b>Guana:<\/b> \u201cCon D\u00eda he tenido m\u00e1s v\u00ednculo. Con Noche las primeras semanas s\u00ed, pero cada vez que yo entraba a ese cuarto hab\u00eda un silencio sepulcral. Creo que es por lo que dicen, que jugaba mucho con D\u00eda.\u201d<\/p>\n","protected":false},"excerpt":{"rendered":"Dal\u00edlah Polanco y Shiky respaldan a Guana y niegan que los haya traicionado en La Casa de los&hellip;\n","protected":false},"author":2,"featured_media":131551,"comment_status":"","ping_status":"","sticky":false,"template":"","format":"standard","meta":{"footnotes":""},"categories":[171],"tags":[146,147,25,24,23,214],"class_list":{"0":"post-131550","1":"post","2":"type-post","3":"status-publish","4":"format-standard","5":"has-post-thumbnail","7":"category-tv","8":"tag-entertainment","9":"tag-entretenimiento","10":"tag-es","11":"tag-espana","12":"tag-spain","13":"tag-tv"},"share_on_mastodon":{"url":"","error":""},"_links":{"self":[{"href":"https:\/\/www.europesays.com\/es\/wp-json\/wp\/v2\/posts\/131550","targetHints":{"allow":["GET"]}}],"collection":[{"href":"https:\/\/www.europesays.com\/es\/wp-json\/wp\/v2\/posts"}],"about":[{"href":"https:\/\/www.europesays.com\/es\/wp-json\/wp\/v2\/types\/post"}],"author":[{"embeddable":true,"href":"https:\/\/www.europesays.com\/es\/wp-json\/wp\/v2\/users\/2"}],"replies":[{"embeddable":true,"href":"https:\/\/www.europesays.com\/es\/wp-json\/wp\/v2\/comments?post=131550"}],"version-history":[{"count":0,"href":"https:\/\/www.europesays.com\/es\/wp-json\/wp\/v2\/posts\/131550\/revisions"}],"wp:featuredmedia":[{"embeddable":true,"href":"https:\/\/www.europesays.com\/es\/wp-json\/wp\/v2\/media\/131551"}],"wp:attachment":[{"href":"https:\/\/www.europesays.com\/es\/wp-json\/wp\/v2\/media?parent=131550"}],"wp:term":[{"taxonomy":"category","embeddable":true,"href":"https:\/\/www.europesays.com\/es\/wp-json\/wp\/v2\/categories?post=131550"},{"taxonomy":"post_tag","embeddable":true,"href":"https:\/\/www.europesays.com\/es\/wp-json\/wp\/v2\/tags?post=131550"}],"curies":[{"name":"wp","href":"https:\/\/api.w.org\/{rel}","templated":true}]}}