{"id":131552,"date":"2025-09-22T10:38:08","date_gmt":"2025-09-22T10:38:08","guid":{"rendered":"https:\/\/www.europesays.com\/es\/131552\/"},"modified":"2025-09-22T10:38:08","modified_gmt":"2025-09-22T10:38:08","slug":"limp-bizkit-estaran-en-resurrection-fest-2026-unico-concierto-en-espana","status":"publish","type":"post","link":"https:\/\/www.europesays.com\/es\/131552\/","title":{"rendered":"LIMP BIZKIT estar\u00e1n en Resurrection Fest 2026. \u00a1\u00danico concierto en Espa\u00f1a!"},"content":{"rendered":"\n<p> 22\/09\/2025<\/p>\n<p><strong>BOOOM! \ud83d\udca3 LIMP BIZKIT WILL HEADLINE RESURRECTION FEST EG 2026, ONLY SHOW IN SPAIN! \ud83d\udd25 <\/strong><\/p>\n<p>It\u2019s just one of those days\u2026 \ud83e\udd18<\/p>\n<p>Tras muchos a\u00f1os intent\u00e1ndolo, una de las bandas m\u00e1s pedidas por tod@s vosotr@s y un icono generacional POR FIN estar\u00e1 en Viveiro el pr\u00f3ximo verano en el mejor momento de su carrera. Encabezando grandes festivales de todo el mundo, y tras 14 a\u00f1os sin pisar Espa\u00f1a, \u00a1LIMP BIZKIT ESTAR\u00c1N EN EL RESURRECTION FEST ENCABEZANDO UNO DE LOS D\u00cdAS!\u00a0<\/p>\n<p>Ser\u00e1 el \u00fanico concierto que hagan en Espa\u00f1a en 2026 y va a ser uno de los m\u00e1s brutales que jam\u00e1s hemos visto en Viveiro, entrando directamente en la historia del festival y de nuestro pa\u00eds sin ninguna duda. Por favor dad la bienvenida a Fred Durst y compa\u00f1\u00eda, porque LIMP BIZKIT IS IN DA HOUSE!<\/p>\n<p>\u00bfListxs para saltar como si se acabase el mundo? \u00a1No os lo pod\u00e9is perder por nada del mundo!<\/p>\n<p>\u00a1Y esto es s\u00f3lo el principio! Atent@s, \u00a1se vienen grandes noticias!<\/p>\n","protected":false},"excerpt":{"rendered":"22\/09\/2025 BOOOM! \ud83d\udca3 LIMP BIZKIT WILL HEADLINE RESURRECTION FEST EG 2026, ONLY SHOW IN SPAIN! \ud83d\udd25 It\u2019s just&hellip;\n","protected":false},"author":2,"featured_media":131553,"comment_status":"","ping_status":"","sticky":false,"template":"","format":"standard","meta":{"footnotes":""},"categories":[170],"tags":[146,147,25,24,184,185,23],"class_list":{"0":"post-131552","1":"post","2":"type-post","3":"status-publish","4":"format-standard","5":"has-post-thumbnail","7":"category-musica","8":"tag-entertainment","9":"tag-entretenimiento","10":"tag-es","11":"tag-espana","12":"tag-music","13":"tag-musica","14":"tag-spain"},"share_on_mastodon":{"url":"","error":""},"_links":{"self":[{"href":"https:\/\/www.europesays.com\/es\/wp-json\/wp\/v2\/posts\/131552","targetHints":{"allow":["GET"]}}],"collection":[{"href":"https:\/\/www.europesays.com\/es\/wp-json\/wp\/v2\/posts"}],"about":[{"href":"https:\/\/www.europesays.com\/es\/wp-json\/wp\/v2\/types\/post"}],"author":[{"embeddable":true,"href":"https:\/\/www.europesays.com\/es\/wp-json\/wp\/v2\/users\/2"}],"replies":[{"embeddable":true,"href":"https:\/\/www.europesays.com\/es\/wp-json\/wp\/v2\/comments?post=131552"}],"version-history":[{"count":0,"href":"https:\/\/www.europesays.com\/es\/wp-json\/wp\/v2\/posts\/131552\/revisions"}],"wp:featuredmedia":[{"embeddable":true,"href":"https:\/\/www.europesays.com\/es\/wp-json\/wp\/v2\/media\/131553"}],"wp:attachment":[{"href":"https:\/\/www.europesays.com\/es\/wp-json\/wp\/v2\/media?parent=131552"}],"wp:term":[{"taxonomy":"category","embeddable":true,"href":"https:\/\/www.europesays.com\/es\/wp-json\/wp\/v2\/categories?post=131552"},{"taxonomy":"post_tag","embeddable":true,"href":"https:\/\/www.europesays.com\/es\/wp-json\/wp\/v2\/tags?post=131552"}],"curies":[{"name":"wp","href":"https:\/\/api.w.org\/{rel}","templated":true}]}}