{"id":131554,"date":"2025-09-22T10:39:08","date_gmt":"2025-09-22T10:39:08","guid":{"rendered":"https:\/\/www.europesays.com\/es\/131554\/"},"modified":"2025-09-22T10:39:08","modified_gmt":"2025-09-22T10:39:08","slug":"doomsday-muestra-el-aspecto-de-doctor-muerte-magneto-o-black-panther-en-imagenes-entre-bastidores","status":"publish","type":"post","link":"https:\/\/www.europesays.com\/es\/131554\/","title":{"rendered":"Doomsday muestra el aspecto de Doctor Muerte, Magneto o Black Panther en im\u00e1genes entre bastidores"},"content":{"rendered":"<p>Unas fotos de maquillaje filtradas revelan el aspecto y parte del vestuario de personajes como Black Panther, C\u00edclope, Magneto o el Doctor Muerte.<\/p>\n<p>Sin riesgo a equivocarnos, <a href=\"https:\/\/www.hobbyconsolas.com\/noticias\/desmienten-supuesta-pelea-ryan-reynolds-robert-downey-jr-rodaje-avengers-doomsday-ni-siquiera-conocen-1480709\" title=\"Desmienten una supuesta pelea entre Ryan Reynolds y Robert Downey Jr. en el rodaje de Avengers: Doomsday: &quot;Ni siquiera se conocen&quot;\" rel=\"nofollow noopener\" target=\"_blank\">Avengers: Doomsday<\/a> es, a d\u00eda de hoy, una de las <strong>pel\u00edculas <\/strong>futuras con m\u00e1s expectaci\u00f3n. Los <strong>hermanos Russo<\/strong> regresan para dirigir el final del nuevo cap\u00edtulo del <a href=\"https:\/\/www.hobbyconsolas.com\/reportajes\/universo-cinematografico-marvel-origen-fases-futuro-orden-ver-series-peliculas-ucm-2025-1208290\" title=\"Universo Cinematogr\u00e1fico de Marvel: origen, fases, futuro y orden para ver las series y pel\u00edculas del UCM en 2025\" rel=\"nofollow noopener\" target=\"_blank\">Universo Cinematogr\u00e1fico de Marvel<\/a>, la <strong>Saga del Multiverso<\/strong>.<\/p>\n<p>Al igual que hicieron con la <strong>Saga del Infinito<\/strong>, Anthony y Joe Russo dividir\u00e1n la aventura en dos, pues un a\u00f1o despu\u00e9s llegar\u00e1 <a href=\"https:\/\/www.hobbyconsolas.com\/noticias\/marvel-analiza-doomsday-secret-wars-reiniciaran-franquicia-vengadores-1445604\" title=\"Marvel analiza si Doomsday y Secret Wars reiniciar\u00e1n la franquicia Vengadores\" rel=\"nofollow noopener\" target=\"_blank\">Avengers: Secret Wars<\/a>. Pero vamos a quedarnos, por ahora, en la pel\u00edcula de 2026.<\/p>\n<p><img alt=\"Date de alta en Disney+\" loading=\"lazy\" width=\"127\" height=\"72\" decoding=\"async\" data-nimg=\"1\" style=\"color:transparent\"  src=\"https:\/\/www.europesays.com\/es\/wp-content\/uploads\/2025\/07\/cardimage1718973826767-3562917.jpg\"\/>Date de alta en Disney+<\/p>\n<p>Disney+ tiene cientos de pel\u00edculas y series cl\u00e1sicas y nuevas, y todas ellas las puedes ver desde 5,99\u20ac al mes.<\/p>\n<p><a class=\"product-button\" href=\"https:\/\/disneyplus.bn5x.net\/c\/2096496\/772703\/9358?sharedid=computerhoy\" title=\"Date de alta en Disney+\" data-gacat=\"Tarjetas\" data-gaact=\"impresion-tarjeta\" target=\"_blank\" rel=\"noreferrer nofollow noopener\">Date de alta<\/a><\/p>\n<p>Avengers: Doomsday genera expectaci\u00f3n por muchos motivos, empezando por el regreso de <strong>Robert Downey Jr.<\/strong> al UCM, aunque sea para interpretar al <strong>Doctor Muerte<\/strong>.<\/p>\n<p>A \u00e9l se unen estrellas como <strong>Chris Hemsworth, Vanessa Kirby, Anthony Mackie, Sebastian Stan, Letitia Wright, Paul Rudd, Wyatt Russell, Tenoch Huerta, Ebon Moss-Bachrach, Simu Liu, Florence Pugh, Kelsey Grammer, Lewis Pullman, Danny Ramirez o Joseph Quinn<\/strong>.<\/p>\n<p>Eso sin olvidarnos de <strong>David Harbour, Winston Duke, Hannah John-Kamen, Tom Hiddleston, Patrick Stewart, Ian McKellen, Alan Cumming, Rebecca Romijn, James Marsden, Channing Tatum y Pedro Pascal<\/strong>.<\/p>\n<p>Un vistazo entre bastidores a Avengers: Doomsday<\/p>\n<p>A pesar del hermetismo de <strong>Marvel Studios<\/strong> en torno a su pel\u00edcula coral, algunas im\u00e1genes reveladoras han llegado a internet con detalles muy interesantes.<\/p>\n<p>La primera es un regalo que las estrellas y el equipo est\u00e1n recibiendo tras terminar la fotograf\u00eda principal de Avengers: Doomsday, una prenda que lleva un parque bordado con los diferentes personajes caricaturizados.<\/p>\n<p>La segunda es m\u00e1s interesante, pues son fotos de pruebas de maquillaje de cuatro de dichos personajes: James Marsden como <strong>C\u00edclope<\/strong>, Ian McKellen como <strong>Magneto<\/strong>, Letitia Wright como Shuri (<strong>Black Panther<\/strong>) y una frontal de Robert Downey Jr. como el Doctor Muerte, pero sin la m\u00e1scara.<\/p>\n<p>El despliegue de personajes que prepara el <strong>Universo Cinematogr\u00e1fico de Marvel<\/strong> en su pr\u00f3xima pel\u00edcula-evento nos va a tener ocupados durante meses. Esperemos que las pr\u00f3ximas im\u00e1genes sean m\u00e1s f\u00e1cilmente verificables o, mejor a\u00fan, lanzamientos oficiales para promocional <strong>Avengers: Doomsday<\/strong>.<\/p>\n<p>Conoce <a href=\"https:\/\/www.hobbyconsolas.com\/como-trabajamos\" title=\"&quot;C\u00f3mo trabajamos en HobbyConsolas&quot;\" target=\"_blank\" rel=\"nofollow noopener\">c\u00f3mo trabajamos<\/a> en HobbyConsolas.<\/p>\n","protected":false},"excerpt":{"rendered":"Unas fotos de maquillaje filtradas revelan el aspecto y parte del vestuario de personajes como Black Panther, C\u00edclope,&hellip;\n","protected":false},"author":2,"featured_media":131555,"comment_status":"","ping_status":"","sticky":false,"template":"","format":"standard","meta":{"footnotes":""},"categories":[169],"tags":[177,146,147,25,24,176,175,23],"class_list":{"0":"post-131554","1":"post","2":"type-post","3":"status-publish","4":"format-standard","5":"has-post-thumbnail","7":"category-cine","8":"tag-cine","9":"tag-entertainment","10":"tag-entretenimiento","11":"tag-es","12":"tag-espana","13":"tag-film","14":"tag-movies","15":"tag-spain"},"share_on_mastodon":{"url":"","error":""},"_links":{"self":[{"href":"https:\/\/www.europesays.com\/es\/wp-json\/wp\/v2\/posts\/131554","targetHints":{"allow":["GET"]}}],"collection":[{"href":"https:\/\/www.europesays.com\/es\/wp-json\/wp\/v2\/posts"}],"about":[{"href":"https:\/\/www.europesays.com\/es\/wp-json\/wp\/v2\/types\/post"}],"author":[{"embeddable":true,"href":"https:\/\/www.europesays.com\/es\/wp-json\/wp\/v2\/users\/2"}],"replies":[{"embeddable":true,"href":"https:\/\/www.europesays.com\/es\/wp-json\/wp\/v2\/comments?post=131554"}],"version-history":[{"count":0,"href":"https:\/\/www.europesays.com\/es\/wp-json\/wp\/v2\/posts\/131554\/revisions"}],"wp:featuredmedia":[{"embeddable":true,"href":"https:\/\/www.europesays.com\/es\/wp-json\/wp\/v2\/media\/131555"}],"wp:attachment":[{"href":"https:\/\/www.europesays.com\/es\/wp-json\/wp\/v2\/media?parent=131554"}],"wp:term":[{"taxonomy":"category","embeddable":true,"href":"https:\/\/www.europesays.com\/es\/wp-json\/wp\/v2\/categories?post=131554"},{"taxonomy":"post_tag","embeddable":true,"href":"https:\/\/www.europesays.com\/es\/wp-json\/wp\/v2\/tags?post=131554"}],"curies":[{"name":"wp","href":"https:\/\/api.w.org\/{rel}","templated":true}]}}