{"id":131566,"date":"2025-09-22T10:45:08","date_gmt":"2025-09-22T10:45:08","guid":{"rendered":"https:\/\/www.europesays.com\/es\/131566\/"},"modified":"2025-09-22T10:45:08","modified_gmt":"2025-09-22T10:45:08","slug":"informe-de-la-onu-senala-a-rusia-por-crimenes-de-guerra-en-ucrania","status":"publish","type":"post","link":"https:\/\/www.europesays.com\/es\/131566\/","title":{"rendered":"Informe de la ONU se\u00f1ala a Rusia por cr\u00edmenes de guerra en Ucrania"},"content":{"rendered":"<p>El \u00faltimo informe de la Comisi\u00f3n de Investigaci\u00f3n de la ONU sobre Ucrania ha determinado que Rusia contin\u00faa cometiendo cr\u00edmenes de guerra y contra la humanidad durante su intervenci\u00f3n militar en Ucrania, perpetrando abusos sistem\u00e1ticos que incluyen bombardeos sin distinci\u00f3n en \u00e1reas civiles y desplazamientos forzados de la poblaci\u00f3n, entre otras violaciones.<\/p>\n<p>\u201cEl conflicto armado en Ucrania sigue teniendo un impacto devastador sobre la poblaci\u00f3n civil\u201d, expres\u00f3 Erik Mose, l\u00edder de la comisi\u00f3n, durante una presentaci\u00f3n en el Consejo de Derechos Humanos de la ONU, destacando un aumento del 40 por ciento en las v\u00edctimas civiles en los primeros ocho meses del a\u00f1o comparado con el mismo periodo de 2024.<\/p>\n<p>Los ataques continuos en zonas civiles con armamento de largo alcance se han intensificado, y la comisi\u00f3n tambi\u00e9n ha expresado preocupaci\u00f3n por el uso creciente de drones de corto alcance en el frente, con el prop\u00f3sito de \u201cexpandir el terror entre la poblaci\u00f3n\u201d.<\/p>\n<p>Los ataques no solo se dirigen a objetivos militares, sino tambi\u00e9n a infraestructuras y servicios civiles como transporte y centros m\u00e9dicos, que deber\u00edan estar protegidos bajo el Derecho Internacional.<\/p>\n<p>Adem\u00e1s, Rusia utiliza plataformas y redes afines para emitir mensajes y v\u00eddeos que anuncian ataques o que instan a los ciudadanos a evacuar, indicando que no hay zonas seguras. \u201cLas circunstancias de los ataques demuestran la intenci\u00f3n de matar, da\u00f1ar y destruir\u201d, se\u00f1al\u00f3 Mose, a\u00f1adiendo que hay localidades que han quedado \u201cinhabitables\u201d.<\/p>\n<p>La comisi\u00f3n ha hecho un llamado a la rendici\u00f3n de cuentas como un medio para asegurar los derechos de las v\u00edctimas, incluso en contextos adversos como el actual. \u201cEvitar la impunidad y juzgar a los responsables es clave para garantizar una paz sostenible\u201d, advirti\u00f3 Mose ante el Consejo.<\/p>\n","protected":false},"excerpt":{"rendered":"El \u00faltimo informe de la Comisi\u00f3n de Investigaci\u00f3n de la ONU sobre Ucrania ha determinado que Rusia contin\u00faa&hellip;\n","protected":false},"author":2,"featured_media":131567,"comment_status":"","ping_status":"","sticky":false,"template":"","format":"standard","meta":{"footnotes":""},"categories":[42],"tags":[17,18,13,14,11,61,62,63,64,19,20,9,10,15,16,12,21,22,65,66,67],"class_list":{"0":"post-131566","1":"post","2":"type-post","3":"status-publish","4":"format-standard","5":"has-post-thumbnail","7":"category-internacional","8":"tag-breaking-news","9":"tag-breakingnews","10":"tag-featured-news","11":"tag-featurednews","12":"tag-headlines","13":"tag-internacional","14":"tag-international","15":"tag-international-news","16":"tag-internationalnews","17":"tag-latest-news","18":"tag-latestnews","19":"tag-news","20":"tag-noticias","21":"tag-noticias-destacadas","22":"tag-noticiasdestacadas","23":"tag-titulares","24":"tag-ultimas-noticias","25":"tag-ultimasnoticias","26":"tag-world","27":"tag-world-news","28":"tag-worldnews"},"share_on_mastodon":{"url":"","error":""},"_links":{"self":[{"href":"https:\/\/www.europesays.com\/es\/wp-json\/wp\/v2\/posts\/131566","targetHints":{"allow":["GET"]}}],"collection":[{"href":"https:\/\/www.europesays.com\/es\/wp-json\/wp\/v2\/posts"}],"about":[{"href":"https:\/\/www.europesays.com\/es\/wp-json\/wp\/v2\/types\/post"}],"author":[{"embeddable":true,"href":"https:\/\/www.europesays.com\/es\/wp-json\/wp\/v2\/users\/2"}],"replies":[{"embeddable":true,"href":"https:\/\/www.europesays.com\/es\/wp-json\/wp\/v2\/comments?post=131566"}],"version-history":[{"count":0,"href":"https:\/\/www.europesays.com\/es\/wp-json\/wp\/v2\/posts\/131566\/revisions"}],"wp:featuredmedia":[{"embeddable":true,"href":"https:\/\/www.europesays.com\/es\/wp-json\/wp\/v2\/media\/131567"}],"wp:attachment":[{"href":"https:\/\/www.europesays.com\/es\/wp-json\/wp\/v2\/media?parent=131566"}],"wp:term":[{"taxonomy":"category","embeddable":true,"href":"https:\/\/www.europesays.com\/es\/wp-json\/wp\/v2\/categories?post=131566"},{"taxonomy":"post_tag","embeddable":true,"href":"https:\/\/www.europesays.com\/es\/wp-json\/wp\/v2\/tags?post=131566"}],"curies":[{"name":"wp","href":"https:\/\/api.w.org\/{rel}","templated":true}]}}