{"id":131568,"date":"2025-09-22T10:46:08","date_gmt":"2025-09-22T10:46:08","guid":{"rendered":"https:\/\/www.europesays.com\/es\/131568\/"},"modified":"2025-09-22T10:46:08","modified_gmt":"2025-09-22T10:46:08","slug":"yolanda-diaz-pide-una-investigacion-para-esclarecer-que-ha-pasado-con-las-pulseras-de-los-maltratadores-sociedad","status":"publish","type":"post","link":"https:\/\/www.europesays.com\/es\/131568\/","title":{"rendered":"Yolanda D\u00edaz pide una investigaci\u00f3n para esclarecer qu\u00e9 ha pasado con las pulseras de los maltratadores | Sociedad"},"content":{"rendered":"<p class=\"loc\">Madrid<\/p>\n<p>La vicepresidenta segunda del Gobierno, Yolanda D\u00edaz, ha pedido que se haga una \u00abpeque\u00f1a investigaci\u00f3n\u00bb para esclarecer <a href=\"https:\/\/cadenaser.com\/nacional\/2025\/09\/17\/igualdad-aclara-que-el-problema-con-las-pulseras-de-maltratadores-que-provoco-sobreseimientos-y-absoluciones-ya-esta-solucionado-cadena-ser\/\" target=\"_blank\" rel=\"noreferrer nofollow noopener\" title=\"https:\/\/cadenaser.com\/nacional\/2025\/09\/17\/igualdad-aclara-que-el-problema-con-las-pulseras-de-maltratadores-que-provoco-sobreseimientos-y-absoluciones-ya-esta-solucionado-cadena-ser\/\">qu\u00e9 ha pasado con las pulseras de control telem\u00e1tico<\/a> de la ubicaci\u00f3n de agresores machistas y ha indicado que, si han existido fallos, se repare a las v\u00edctimas que pudieran haber resultado perjudicadas.<\/p>\n<p><img decoding=\"async\" src=\"https:\/\/www.europesays.com\/es\/wp-content\/uploads\/2025\/09\/HBMBKSGK7RJU3AZVCDQTVCIABE.jpg\" alt=\"si han existido fallos o disfunciones es conveniente que se esclarezca todo lo que ha pasado durante estos meses de aplicaci\u00f3n de un sistema que parece no funcionaba correctamente&quot;,\" width=\"240\" height=\"135\"  loading=\"lazy\"\/><\/p>\n<p>En declaraciones a los medios de comunicaci\u00f3n este lunes, la pol\u00edtica de Sumar ha expresado que \u00abes conveniente que se esclarezca todo lo que ha pasado durante estos meses de aplicaci\u00f3n de un sistema que parece que no funcionaba correctamente\u00bb, en referencia a las incidencias del sistema Cometa, que controla la ubicaci\u00f3n de agresores con orden de alejamiento.<\/p>\n<p>M\u00e1s informaci\u00f3n<\/p>\n<p>\u00abEl mecanismo de las pulseras a d\u00eda de hoy, por la informaci\u00f3n que da el Ministerio de Igualdad, est\u00e1 funcionando correctamente. Ahora bien, si han existido fallos o disfunciones es conveniente que se esclarezca todo lo que ha pasado durante estos meses de aplicaci\u00f3n de un sistema que parece no funcionaba correctamente\u00bb, ha destacado.<\/p>\n<p>\u00abSi hubo mujeres que se vieron perjudicadas por estos fallos, desde luego, como es l\u00f3gico, el derecho a la reparaci\u00f3n. (&#8230;) Si los fallos antecedentes existieron, como siempre, que se aclare, que se haga una peque\u00f1a investigaci\u00f3n, sepamos qu\u00e9 es lo que ha pasado y, por supuesto, el derecho de reparaci\u00f3n de las v\u00edctimas\u00bb, ha insistido. <\/p>\n<p>M\u00f3nica Garc\u00eda: \u00abEs un fallo que no nos podemos permitir\u00bb<\/p>\n<p>La ministra de Sanidad, M\u00f3nica Garc\u00eda, tambi\u00e9n se ha referido a las incidencias detectadas en las pulseras para maltratadores. \u00abCualquier fallo que tenga que ver con la violencia machista, con la detecci\u00f3n, creo que es un fallo que no nos podemos permitir\u00bb, ha asegurado.<\/p>\n<blockquote class=\"twitter-tweet\">\n<p lang=\"es\" dir=\"ltr\">M\u00f3nica Garc\u00eda afirma sobre los fallos en pulseras de maltratadores que \u00abes un fallo que no nos podemos permitir\u00bb y rechaza lecciones \u00abde quienes niegan la violencia machista\u00bb: \u00abNos aseguran que ya est\u00e1 solucionado. Las mujeres no han estado en peligro\u00bb <a href=\"https:\/\/twitter.com\/hashtag\/EPDesayunoMonicaGarcia?src=hash&amp;ref_src=twsrc%5Etfw\" rel=\"nofollow noopener\" target=\"_blank\">#EPDesayunoMonicaGarcia<\/a> <a href=\"https:\/\/t.co\/E4E71uXYDw\" rel=\"nofollow\">pic.twitter.com\/E4E71uXYDw<\/a><\/p>\n<p>\u2014 Europa Press (@europapress) <a href=\"https:\/\/twitter.com\/europapress\/status\/1970056803300811100?ref_src=twsrc%5Etfw\" rel=\"nofollow noopener\" target=\"_blank\">September 22, 2025<\/a><\/p><\/blockquote>\n<p>La ministra ha se\u00f1alado que, \u00abpor los datos\u00bb de los que disponen, \u00abha habido unos problemas a la hora de la migraci\u00f3n de los datos de una compa\u00f1\u00eda a otra, toda vez que se ha hecho a trav\u00e9s de un mecanismo externalizado\u00bb.<\/p>\n<p>\u00abNos aseguran y yo conf\u00edo en que, en ning\u00fan caso, se ha puesto en peligro a ninguna mujer\u00bb, ha declarado M\u00f3nica Garc\u00eda, que ha a\u00f1adido que \u00abs\u00ed que ha podido haber algunos problemas a la hora de los procedimientos judiciales que se est\u00e1n resolviendo, se han resuelto ya\u00bb. <\/p>\n<p>La titular de la cartera de Sanidad ha advertido: \u00abNinguna lecci\u00f3n de quienes quieren hacer de esto nuevamente un ataque partidista y torticero de aquellos que niegan la violencia machista como es la derecha de este pa\u00eds\u00bb.<\/p>\n<p><script async src=\"https:\/\/platform.twitter.com\/widgets.js\" charset=\"utf-8\"><\/script><\/p>\n","protected":false},"excerpt":{"rendered":"Madrid La vicepresidenta segunda del Gobierno, Yolanda D\u00edaz, ha pedido que se haga una \u00abpeque\u00f1a investigaci\u00f3n\u00bb para esclarecer&hellip;\n","protected":false},"author":2,"featured_media":131569,"comment_status":"","ping_status":"","sticky":false,"template":"","format":"standard","meta":{"footnotes":""},"categories":[8],"tags":[17,18,25,24,13,14,11,19,20,9,10,15,16,23,12,21,22],"class_list":{"0":"post-131568","1":"post","2":"type-post","3":"status-publish","4":"format-standard","5":"has-post-thumbnail","7":"category-espana","8":"tag-breaking-news","9":"tag-breakingnews","10":"tag-es","11":"tag-espana","12":"tag-featured-news","13":"tag-featurednews","14":"tag-headlines","15":"tag-latest-news","16":"tag-latestnews","17":"tag-news","18":"tag-noticias","19":"tag-noticias-destacadas","20":"tag-noticiasdestacadas","21":"tag-spain","22":"tag-titulares","23":"tag-ultimas-noticias","24":"tag-ultimasnoticias"},"share_on_mastodon":{"url":"","error":""},"_links":{"self":[{"href":"https:\/\/www.europesays.com\/es\/wp-json\/wp\/v2\/posts\/131568","targetHints":{"allow":["GET"]}}],"collection":[{"href":"https:\/\/www.europesays.com\/es\/wp-json\/wp\/v2\/posts"}],"about":[{"href":"https:\/\/www.europesays.com\/es\/wp-json\/wp\/v2\/types\/post"}],"author":[{"embeddable":true,"href":"https:\/\/www.europesays.com\/es\/wp-json\/wp\/v2\/users\/2"}],"replies":[{"embeddable":true,"href":"https:\/\/www.europesays.com\/es\/wp-json\/wp\/v2\/comments?post=131568"}],"version-history":[{"count":0,"href":"https:\/\/www.europesays.com\/es\/wp-json\/wp\/v2\/posts\/131568\/revisions"}],"wp:featuredmedia":[{"embeddable":true,"href":"https:\/\/www.europesays.com\/es\/wp-json\/wp\/v2\/media\/131569"}],"wp:attachment":[{"href":"https:\/\/www.europesays.com\/es\/wp-json\/wp\/v2\/media?parent=131568"}],"wp:term":[{"taxonomy":"category","embeddable":true,"href":"https:\/\/www.europesays.com\/es\/wp-json\/wp\/v2\/categories?post=131568"},{"taxonomy":"post_tag","embeddable":true,"href":"https:\/\/www.europesays.com\/es\/wp-json\/wp\/v2\/tags?post=131568"}],"curies":[{"name":"wp","href":"https:\/\/api.w.org\/{rel}","templated":true}]}}