{"id":131574,"date":"2025-09-22T10:49:09","date_gmt":"2025-09-22T10:49:09","guid":{"rendered":"https:\/\/www.europesays.com\/es\/131574\/"},"modified":"2025-09-22T10:49:09","modified_gmt":"2025-09-22T10:49:09","slug":"el-circulo-taurino-pablo-aguado-rinde-homenaje-a-antonio-bienvenida-en-el-cincuentenario-de-su-muerte","status":"publish","type":"post","link":"https:\/\/www.europesays.com\/es\/131574\/","title":{"rendered":"El C\u00edrculo Taurino Pablo Aguado rinde homenaje a Antonio Bienvenida en el cincuentenario de su muerte"},"content":{"rendered":"<p class=\"voc-pretitle\">\nColoquio taurino\n<\/p>\n<p>El acto se llevar\u00e1 a cabo el pr\u00f3ximo jueves 25 de septiembre en el Real C\u00edrculo de Labradores de Sevilla con la participaci\u00f3n de Gonzalo y Miguel Bienvenida<\/p>\n<p><img fetchpriority=\"high\" class=\"voc-img\" src=\"https:\/\/www.europesays.com\/es\/wp-content\/uploads\/2025\/09\/WhatsAppImage2025-09-18at08.40.46-R9us5HXdC8ewXVLGjdq1V8L-1200x840@abc.jpeg\" loading=\"eager\" decoding=\"async\" alt=\"Cartel del homenaje a Antonio Bienvenida que organiza el C\u00edrculo Taurino Pablo Aguado\" width=\"1200\" height=\"840\"\/><\/p>\n<p>Cartel del homenaje a Antonio Bienvenida que organiza el C\u00edrculo Taurino Pablo Aguado      <\/p>\n<p><img decoding=\"async\" class=\"voc-author__img\" src=\"https:\/\/www.europesays.com\/es\/wp-content\/uploads\/2025\/09\/autor-7335-foto-3.jpeg\" alt=\"Jos\u00e9 Manuel Pe\u00f1a\"\/><\/p>\n<p>22\/09\/2025<br \/>\n<br \/><strong><br \/>\nActualizado a las 12:26h.<br \/>\n<\/strong><\/p>\n<p class=\"voc-p\" style=\"\">Con motivo del cincuentenario de la muerte de <strong>Antonio Bienvenida,<\/strong> una de las grandes leyendas del toreo cl\u00e1sico de Sevilla, el <strong>C\u00edrculo Cultural Taurino Pablo Aguado<\/strong> celebrar\u00e1 de un coloquio homenaje en memoria del maestro. El acto tendr\u00e1 lugar el jueves 25 de septiembre a las 20:00 horas en el <strong>Real C\u00edrculo de Labradores y Propietarios de Sevilla<\/strong> (Calle Pedro Caravaca, 1).<\/p>\n<p class=\"voc-p\" style=\"\">En el encuentro intervendr\u00e1n <strong>Gonzalo Bienvenida<\/strong>, periodista y nieto del torero, y <strong>Miguel Bienvenida<\/strong>, matador de toros y sobrino del homenajeado. Ambos compartir\u00e1n recuerdos, an\u00e9cdotas y reflexiones sobre la elegancia, entrega y se\u00f1or\u00edo que caracterizaron la tauromaquia de Antonio Bienvenida, as\u00ed como su profunda huella en la historia de la Fiesta.<\/p>\n<p class=\"voc-p\" style=\"\">La junta directiva del C\u00edrculo ha realizado un llamamiento a trav\u00e9s de sus redes sociales a los aficionados para que no falten a esta cita, concebida como un sentido tributo a un torero eterno.<\/p>\n<p>Reportar un error<\/p>\n","protected":false},"excerpt":{"rendered":"Coloquio taurino El acto se llevar\u00e1 a cabo el pr\u00f3ximo jueves 25 de septiembre en el Real C\u00edrculo&hellip;\n","protected":false},"author":2,"featured_media":131575,"comment_status":"","ping_status":"","sticky":false,"template":"","format":"standard","meta":{"footnotes":""},"categories":[277],"tags":[1247,5228,373,42096,168,25,24,6552,4920,3656,23,167,374],"class_list":{"0":"post-131574","1":"post","2":"type-post","3":"status-publish","4":"format-standard","5":"has-post-thumbnail","7":"category-toreo","8":"tag-antonio","9":"tag-bienvenida","10":"tag-bullfighting","11":"tag-cincuentenario","12":"tag-deportes","13":"tag-es","14":"tag-espana","15":"tag-homenaje","16":"tag-muerte","17":"tag-rinde","18":"tag-spain","19":"tag-sports","20":"tag-toreo"},"share_on_mastodon":{"url":"","error":""},"_links":{"self":[{"href":"https:\/\/www.europesays.com\/es\/wp-json\/wp\/v2\/posts\/131574","targetHints":{"allow":["GET"]}}],"collection":[{"href":"https:\/\/www.europesays.com\/es\/wp-json\/wp\/v2\/posts"}],"about":[{"href":"https:\/\/www.europesays.com\/es\/wp-json\/wp\/v2\/types\/post"}],"author":[{"embeddable":true,"href":"https:\/\/www.europesays.com\/es\/wp-json\/wp\/v2\/users\/2"}],"replies":[{"embeddable":true,"href":"https:\/\/www.europesays.com\/es\/wp-json\/wp\/v2\/comments?post=131574"}],"version-history":[{"count":0,"href":"https:\/\/www.europesays.com\/es\/wp-json\/wp\/v2\/posts\/131574\/revisions"}],"wp:featuredmedia":[{"embeddable":true,"href":"https:\/\/www.europesays.com\/es\/wp-json\/wp\/v2\/media\/131575"}],"wp:attachment":[{"href":"https:\/\/www.europesays.com\/es\/wp-json\/wp\/v2\/media?parent=131574"}],"wp:term":[{"taxonomy":"category","embeddable":true,"href":"https:\/\/www.europesays.com\/es\/wp-json\/wp\/v2\/categories?post=131574"},{"taxonomy":"post_tag","embeddable":true,"href":"https:\/\/www.europesays.com\/es\/wp-json\/wp\/v2\/tags?post=131574"}],"curies":[{"name":"wp","href":"https:\/\/api.w.org\/{rel}","templated":true}]}}