{"id":131584,"date":"2025-09-22T10:56:11","date_gmt":"2025-09-22T10:56:11","guid":{"rendered":"https:\/\/www.europesays.com\/es\/131584\/"},"modified":"2025-09-22T10:56:11","modified_gmt":"2025-09-22T10:56:11","slug":"el-rayo-tiene-el-equipo-mas-veterano-de-laliga-y-el-barca-el-mas-joven","status":"publish","type":"post","link":"https:\/\/www.europesays.com\/es\/131584\/","title":{"rendered":"El Rayo tiene el equipo m\u00e1s veterano de LaLiga y el Bar\u00e7a el m\u00e1s joven"},"content":{"rendered":"<p>De \u00d3scar Trejo a Lamine Yamal\u00a0<\/p>\n<p>                                    <img decoding=\"async\" src=\"https:\/\/www.europesays.com\/es\/wp-content\/uploads\/2025\/09\/lamine-yamal-fc-barcelona-2025-2026-1758198357-178053.jpg\" title=\"El Rayo tiene el equipo m\u00e1s veterano de LaLiga y el Bar\u00e7a el m\u00e1s joven \" alt=\"El Rayo tiene el equipo m\u00e1s veterano de LaLiga y el Bar\u00e7a el m\u00e1s joven \"\/><\/p>\n<p>\n                                       \u00a9IMAGO\n                                    <\/p>\n<p>Al igual que la temporada pasada, el <a title=\"FC Barcelona\" href=\"https:\/\/www.transfermarkt.es\/fc-barcelona\/startseite\/verein\/131\" target=\"_blank\" rel=\"nofollow noopener\">FC Barcelona<\/a> presume del plantel m\u00e1s joven de <a title=\"LaLiga\" href=\"https:\/\/www.transfermarkt.es\/laliga\/startseite\/wettbewerb\/ES1\" target=\"_blank\" rel=\"nofollow noopener\">LaLiga<\/a> con una media de edad de 25,4 a\u00f1os, aunque es algo m\u00e1s veterano que el del curso anterior que era de dos a\u00f1os menos, 23,3. La <a title=\"Real Sociedad\" href=\"https:\/\/www.transfermarkt.es\/real-sociedad\/startseite\/verein\/681\" target=\"_blank\" rel=\"nofollow noopener\">Real Sociedad <\/a>ocupa la segunda plaza con 25,6 a\u00f1os, cifra muy similar a la que presenta el <a title=\"Real Madrid CF\" href=\"https:\/\/www.transfermarkt.es\/real-madrid-cf\/startseite\/verein\/418\" target=\"_blank\" rel=\"nofollow noopener\">Real Madrid<\/a>, con 25,8. Los tres conjuntos son <a href=\"https:\/\/www.transfermarkt.es\/laliga\/startseite\/wettbewerb\/ES1\/saison_id\/2025\/plus\/sort\/alter_durchschnitt\/\/sort\/alter_durchschnitt\" target=\"_blank\" rel=\"nofollow noopener\">los \u00fanicos con promedios por debajo de los 26 a\u00f1os<\/a>. En t\u00e9rminos globales, los 20 clubes de Primera Divisi\u00f3n ostentan una media de 27,1 a\u00f1os, 1,7 m\u00e1s que en la campa\u00f1a precedente (25,4).<\/p>\n<p><\/p>\n<p>Por cierto, que el conjunto blanco termin\u00f3 <a href=\"https:\/\/www.transfermarkt.es\/laliga\/startseite\/wettbewerb\/ES1\/ajax\/yw1\/saison_id\/2024\/plus\/sort\/alter_durchschnitt\/\/sort\/alter_durchschnitt\" target=\"_blank\" rel=\"nofollow noopener\">la pasada campa\u00f1a como el segundo plantel m\u00e1s precoz<\/a> con una media de edad de 24,4 a\u00f1os. De esta manera, los tres equipos citados han visto envejecer sus plantillas respecto al curso pasado, pero es llamativo que los dos grandes clubes de LaLiga presenten dos de las tres n\u00f3minas m\u00e1s j\u00f3venes del campeonato. El azulgrana impulsado por la clara apuesta por la cantera y el merengue por la pol\u00edtica de reforzarse con futuros talentos.<\/p>\n<p>\nLamine Yamal, Franco Mastantuono y Jon Mart\u00edn<\/p>\n<p>En el FC Barcelona figuran <a href=\"https:\/\/www.transfermarkt.es\/fc-barcelona\/startseite\/verein\/131\/ajax\/yw0\/sort\/dateOfBirthTimestamp.desc\" target=\"_blank\" rel=\"nofollow noopener\">hasta cuatro jugadores por debajo de los 20 a\u00f1os<\/a>: <a title=\"Lamine Yamal\" href=\"https:\/\/www.transfermarkt.es\/lamine-yamal\/profil\/spieler\/937958\" target=\"_blank\" rel=\"nofollow noopener\">Lamine Yamal<\/a>, <a title=\"Pau Cubars\u00ed\" href=\"https:\/\/www.transfermarkt.es\/pau-cubars-\/profil\/spieler\/962110\" target=\"_blank\" rel=\"nofollow noopener\">Pau Cubars\u00ed<\/a> y <a title=\"Marc Bernal\" href=\"https:\/\/www.transfermarkt.es\/marc-bernal\/profil\/spieler\/1018920\" target=\"_blank\" rel=\"nofollow noopener\">Marc Bernal<\/a> con 18, y <a title=\"Roony Bardghji\" href=\"https:\/\/www.transfermarkt.es\/roony-bardghji\/profil\/spieler\/792331\" target=\"_blank\" rel=\"nofollow noopener\">Roony Bardghji<\/a> con 19. En las filas madridistas, los m\u00e1s biso\u00f1os son <a title=\"Franco Mastantuono\" href=\"https:\/\/www.transfermarkt.es\/franco-mastantuono\/profil\/spieler\/1057316\" target=\"_blank\" rel=\"nofollow noopener\">Franco Mastantuono<\/a> (18), <a title=\"Endrick\" href=\"https:\/\/www.transfermarkt.es\/endrick\/profil\/spieler\/971570\" target=\"_blank\" rel=\"nofollow noopener\">Endrick<\/a> (19), <a title=\"Arda G\u00fcler\" href=\"https:\/\/www.transfermarkt.es\/arda-g-ler\/profil\/spieler\/861410\" target=\"_blank\" rel=\"nofollow noopener\">Arda G\u00fcler<\/a> y <a title=\"Dean Huijsen\" href=\"https:\/\/www.transfermarkt.es\/dean-huijsen\/profil\/spieler\/890290\" target=\"_blank\" rel=\"nofollow noopener\">Dean Huijsen<\/a>, ambos con 20. Curiosamente, el argentino y el futbolista del filial del Barcelona <a title=\"Jofre Torrents\" href=\"https:\/\/www.transfermarkt.es\/jofre-torrents\/profil\/spieler\/1009765\" rel=\"nofollow noopener\" target=\"_blank\">Jofre Torrents<\/a> forman parte del podio de los <a href=\"https:\/\/www.transfermarkt.es\/laliga\/profidebuetanten\/wettbewerb\/ES1\" target=\"_blank\" rel=\"nofollow noopener\">debutantes m\u00e1s j\u00f3venes<\/a> en las cinco primeras jornadas ligueras. La Real Sociedad tiene en <a title=\"Jon Mart\u00edn\" href=\"https:\/\/www.transfermarkt.es\/jon-mart-n\/profil\/spieler\/1018938\" target=\"_blank\" rel=\"nofollow noopener\">Jon Mart\u00edn<\/a> (19) y <a title=\"Orri \u00d3skarsson\" href=\"https:\/\/www.transfermarkt.es\/orri--skarsson\/profil\/spieler\/660438\" target=\"_blank\" rel=\"nofollow noopener\">Orri \u00d3skarsson<\/a> (21) a sus profesionales m\u00e1s precoces.<\/p>\n<p>\nEl Rayo Vallecano es el equipo m\u00e1s veterano de Primera<\/p>\n<p>Respecto a los conjuntos m\u00e1s veteranos, el <a title=\"Rayo Vallecano\" href=\"https:\/\/www.transfermarkt.es\/rayo-vallecano\/startseite\/verein\/367\" target=\"_blank\" rel=\"nofollow noopener\">Rayo Vallecano<\/a> lidera el ranking con 29 a\u00f1os de media que acumulan sus 24 futbolistas. De hecho, los vallecanos disponen <a href=\"https:\/\/www.transfermarkt.es\/rayo-vallecano\/startseite\/verein\/367\/saison_id\/2025\" target=\"_blank\" rel=\"nofollow noopener\">de nueve jugadores de 30 a\u00f1os o m\u00e1s<\/a> con <a title=\"\u00d3scar Trejo\" href=\"https:\/\/www.transfermarkt.es\/-scar-trejo\/profil\/spieler\/30321\" target=\"_blank\" rel=\"nofollow noopener\">\u00d3scar Trejo<\/a>, <a title=\"Florian Lejeune\" href=\"https:\/\/www.transfermarkt.es\/florian-lejeune\/profil\/spieler\/127108\" target=\"_blank\" rel=\"nofollow noopener\">Florian Lejeune<\/a>, <a title=\"Iv\u00e1n Balliu\" href=\"https:\/\/www.transfermarkt.es\/iv-n-balliu\/profil\/spieler\/85295\" target=\"_blank\" rel=\"nofollow noopener\">Iv\u00e1n Balliu<\/a> y <a title=\"Alfonso Espino\" href=\"https:\/\/www.transfermarkt.es\/alfonso-espino\/profil\/spieler\/311044\" target=\"_blank\" rel=\"nofollow noopener\">Alfonso Espino<\/a> como los m\u00e1s experimentados.<\/p>\n<p>El reci\u00e9n ascendido <a title=\"Real Oviedo\" href=\"https:\/\/www.transfermarkt.es\/real-oviedo\/startseite\/verein\/2497\" target=\"_blank\" rel=\"nofollow noopener\">Real Oviedo<\/a> es segundo con 28,6, superando por poco al <a title=\"Real Betis Balompi\u00e9\" href=\"https:\/\/www.transfermarkt.es\/real-betis-balompi-\/startseite\/verein\/150\" target=\"_blank\" rel=\"nofollow noopener\">Real Betis<\/a> (28,7) y al <a title=\"CA Osasuna\" href=\"https:\/\/www.transfermarkt.es\/ca-osasuna\/startseite\/verein\/331\" target=\"_blank\" rel=\"nofollow noopener\">CA Osasun<\/a>a (28,3). En los carbayones destacan <a title=\"Santi Cazorla\" href=\"https:\/\/www.transfermarkt.es\/santi-cazorla\/profil\/spieler\/15799\" target=\"_blank\" rel=\"nofollow noopener\">Santi Cazorla<\/a> (40) y <a title=\"Salom\u00f3n Rond\u00f3n\" href=\"https:\/\/www.transfermarkt.es\/salom-n-rond-n\/profil\/spieler\/80197\" target=\"_blank\" rel=\"nofollow noopener\">Salom\u00f3n Rond\u00f3n<\/a> (36), mientras que el portero <a title=\"Adri\u00e1n\" href=\"https:\/\/www.transfermarkt.es\/adri-n\/profil\/spieler\/71271\" target=\"_blank\" rel=\"nofollow noopener\">Adri\u00e1n<\/a> es el b\u00e9tico m\u00e1s veterano con 38 a\u00f1os.<\/p>\n<p><a href=\"https:\/\/www.transfermarkt.es\/laliga\/startseite\/wettbewerb\/ES1\/saison_id\/2025\/plus\/sort\/alter_durchschnitt\/\/sort\/alter_durchschnitt\" target=\"_blank\" rel=\"nofollow noopener\"><img loading=\"lazy\" decoding=\"async\" title=\"El Rayo tiene el equipo m\u00e1s veterano de LaLiga y el Bar\u00e7a el m\u00e1s joven \" src=\"https:\/\/www.europesays.com\/es\/wp-content\/uploads\/2025\/09\/plantillas-mas-jovenes-de-laliga-1758527881-178261.png\" alt=\"El Rayo tiene el equipo m\u00e1s veterano de LaLiga y el Bar\u00e7a el m\u00e1s joven \" width=\"503\" height=\"629\"\/><\/a><\/p>\n","protected":false},"excerpt":{"rendered":"De \u00d3scar Trejo a Lamine Yamal\u00a0 \u00a9IMAGO Al igual que la temporada pasada, el FC Barcelona presume del&hellip;\n","protected":false},"author":2,"featured_media":131585,"comment_status":"","ping_status":"","sticky":false,"template":"","format":"standard","meta":{"footnotes":""},"categories":[268],"tags":[2722,42101,8901,168,25,24,881,42099,280,21597,282,42100,42097,288,8138,42098,30314,14382,286,7792,3302,7209,42102,5116,281,23,167],"class_list":{"0":"post-131584","1":"post","2":"type-post","3":"status-publish","4":"format-standard","5":"has-post-thumbnail","7":"category-futbol","8":"tag-adrian","9":"tag-alfonso-espino","10":"tag-ca-osasuna","11":"tag-deportes","12":"tag-es","13":"tag-espana","14":"tag-fc-barcelona","15":"tag-florian-lejeune","16":"tag-football","17":"tag-franco-mastantuono","18":"tag-futbol","19":"tag-ivan-balliu","20":"tag-jon-martin","21":"tag-laliga","22":"tag-lamine-yamal","23":"tag-orri-oskarsson","24":"tag-oscar-trejo","25":"tag-rayo-vallecano","26":"tag-real-betis-balompie","27":"tag-real-madrid-cf","28":"tag-real-oviedo","29":"tag-real-sociedad","30":"tag-salomon-rondon","31":"tag-santi-cazorla","32":"tag-soccer","33":"tag-spain","34":"tag-sports"},"share_on_mastodon":{"url":"","error":""},"_links":{"self":[{"href":"https:\/\/www.europesays.com\/es\/wp-json\/wp\/v2\/posts\/131584","targetHints":{"allow":["GET"]}}],"collection":[{"href":"https:\/\/www.europesays.com\/es\/wp-json\/wp\/v2\/posts"}],"about":[{"href":"https:\/\/www.europesays.com\/es\/wp-json\/wp\/v2\/types\/post"}],"author":[{"embeddable":true,"href":"https:\/\/www.europesays.com\/es\/wp-json\/wp\/v2\/users\/2"}],"replies":[{"embeddable":true,"href":"https:\/\/www.europesays.com\/es\/wp-json\/wp\/v2\/comments?post=131584"}],"version-history":[{"count":0,"href":"https:\/\/www.europesays.com\/es\/wp-json\/wp\/v2\/posts\/131584\/revisions"}],"wp:featuredmedia":[{"embeddable":true,"href":"https:\/\/www.europesays.com\/es\/wp-json\/wp\/v2\/media\/131585"}],"wp:attachment":[{"href":"https:\/\/www.europesays.com\/es\/wp-json\/wp\/v2\/media?parent=131584"}],"wp:term":[{"taxonomy":"category","embeddable":true,"href":"https:\/\/www.europesays.com\/es\/wp-json\/wp\/v2\/categories?post=131584"},{"taxonomy":"post_tag","embeddable":true,"href":"https:\/\/www.europesays.com\/es\/wp-json\/wp\/v2\/tags?post=131584"}],"curies":[{"name":"wp","href":"https:\/\/api.w.org\/{rel}","templated":true}]}}