{"id":131596,"date":"2025-09-22T11:03:13","date_gmt":"2025-09-22T11:03:13","guid":{"rendered":"https:\/\/www.europesays.com\/es\/131596\/"},"modified":"2025-09-22T11:03:13","modified_gmt":"2025-09-22T11:03:13","slug":"7-frases-de-russo-tras-el-empate-ante-central-cordoba-el-buen-nivel-de-boca-por-que-hizo-solo-un-cambio-y-enojo-por-una-pregunta","status":"publish","type":"post","link":"https:\/\/www.europesays.com\/es\/131596\/","title":{"rendered":"7 frases de Russo tras el empate ante Central C\u00f3rdoba: el \u201cbuen nivel\u201d de Boca, por qu\u00e9 hizo solo un cambio y enojo por una pregunta"},"content":{"rendered":"<p class=\"paragraph\"><b>Boca Juniors<\/b> dej\u00f3 escapar una ventaja de dos goles y <a href=\"https:\/\/www.infobae.com\/deportes\/2025\/09\/21\/boca-juniors-buscara-la-cima-de-su-zona-en-el-torneo-clausura-ante-central-cordoba-hora-tv-y-formaciones\/\" target=\"_blank\" rel=\"noreferrer nofollow noopener\" title=\"https:\/\/www.infobae.com\/deportes\/2025\/09\/21\/boca-juniors-buscara-la-cima-de-su-zona-en-el-torneo-clausura-ante-central-cordoba-hora-tv-y-formaciones\/\">empat\u00f3 2-2 ante <b>Central C\u00f3rdoba<\/b> en <b>La Bombonera<\/b><\/a>, resultado que le impidi\u00f3 alcanzar la cima de la Zona A del <b>Torneo Clausura<\/b> y de la Tabla Anual. El equipo dirigido por <b>Miguel \u00c1ngel Russo<\/b> se hab\u00eda adelantado con tantos de <b>Rodrigo Battaglia y Miguel Merentiel<\/b>, pero la visita reaccion\u00f3 en la segunda mitad y rescat\u00f3 un punto con goles de <b>Jos\u00e9 Florent\u00edn e Iv\u00e1n G\u00f3mez.<\/b><\/p>\n<p class=\"paragraph\"><b>\u201cHay que tener tranquilidad, saber manejar los tiempos y las formas. Boca hizo un buen partido en muchos niveles. Me voy con bronca porque el partido lo pudimos haber ganado. El f\u00fatbol argentino es as\u00ed, cualquier te puede anotar como sea\u201d, fue el primer an\u00e1lisis de Miguel Russo en la conferencia de prensa.<\/b><\/p>\n<p class=\"paragraph\">El empate se sell\u00f3 a los 38 minutos del segundo tiempo, cuando G\u00f3mez conect\u00f3 un derechazo desde fuera del \u00e1rea que igual\u00f3 el marcador y silenci\u00f3 a la Bombonera. <b>Central C\u00f3rdoba<\/b>, que llegaba tras una derrota ante <b>Deportivo Riestra<\/b>, aprovech\u00f3 la pasividad defensiva de <b>Boca<\/b> y la falta de variantes desde el banco local, que solo realiz\u00f3 un cambio de los cinco posibles.<\/p>\n<p class=\"paragraph\">\u201cEs una decisi\u00f3n m\u00eda, yo me hago cargo de todo\u201d, dijo el DT de Boca sobre el ingreso de Alan Velasco por Brian Aguirre, la \u00fanica modificaci\u00f3n del encuentro. <b>\u201cSi hac\u00edamos cuatro goles estaba bien. Estamos en un buen nivel, me duele haber empatado hoy, pero el f\u00fatbol es as\u00ed. Me hago cargo de todo\u201d, reconoci\u00f3 Russo.<\/b><\/p>\n<p class=\"paragraph\">Sobre si el equipo sufre de falta de definici\u00f3n, por la gran cantidad de oportunidades que desperdici\u00f3 en el primer tiempo, Miguelo agreg\u00f3: \u201cNo, creo que hicimos un buen partido. En determinados momentos cometimos errores, era un partido que ten\u00edamos manejado de muchas formas. No considero que el equipo retrocedi\u00f3. Manej\u00f3 las pelotas, la salida, tuvo buen juego, el f\u00fatbol es esto, nadie especula con nada en el f\u00fatbol argentino. Todo el mundo cree que te puede ganar\u201d.<\/p>\n<p class=\"paragraph\">Mientras se mostr\u00f3 agradecido al p\u00fablico por la ovaci\u00f3n que le brind\u00f3 y asegur\u00f3 que va a \u201cseguir intentando buscar lo mejor para <b>Boca<\/b>\u201d, fue contundente al ser consultado si se perdieron dos puntos: <b>\u201cUno en la Bombonera gana, no me preguntes c\u00f3mo ni por qu\u00e9. De local hay que ganar, me duele eso, era un partido que ten\u00edamos acomodado. Pero es normal en el f\u00fatbol argentino, todos los entrenadores buscan atacarte con tres delanteros\u201d.<\/b><\/p>\n<p class=\"paragraph\">La primera parte mostr\u00f3 a un <b>Boca<\/b> dominante, que abri\u00f3 el marcador tras un c\u00f3rner ejecutado por <b>Leandro Paredes<\/b> y definido por Battaglia. El segundo tanto lleg\u00f3 gracias a la definici\u00f3n de Merentiel, quien aprovech\u00f3 un rebote en el \u00e1rea para ampliar la diferencia. Sin embargo, la reacci\u00f3n de <b>Central C\u00f3rdoba<\/b> comenz\u00f3 con el descuento de Florent\u00edn, que gan\u00f3 en el aire tras un centro de Galv\u00e1n.<\/p>\n<p class=\"paragraph\">En este punto, <b>Russo<\/b> tuvo un contrapunto con un periodista que le remarc\u00f3 merma del equipo tras el segundo gol. \u201cTen\u00e9s una visi\u00f3n irreal. \u00bfC\u00f3mo sabes que Boca baj\u00f3 el nivel? No es as\u00ed, la pelota la manej\u00f3 siempre Boca. Es tu opini\u00f3n la respeto, pero para m\u00ed no es la realidad\u00bb.<\/p>\n<p class=\"paragraph\">Lo cierto que en los minutos finales, <b>Boca<\/b> perdi\u00f3 agresividad tras la salida de Brian Aguirre y no logr\u00f3 sostener la ventaja, mientras que <b>Central C\u00f3rdoba<\/b> estuvo cerca de llevarse la victoria en la \u00faltima jugada, cuando Gast\u00f3n Ver\u00f3n remat\u00f3 desviado ante la salida de <b>Agust\u00edn Marches\u00edn<\/b>.<\/p>\n<p class=\"paragraph\"><b>\u201c\u00bfQu\u00e9 hay que mejorar? Ser m\u00e1s inteligentes, m\u00e1s duro y m\u00e1s fino. Eso es la clave de todo. Igual en muchas cosas estoy contento. Esto es f\u00fatbol hay que saber manejarlo. Boca no sufri\u00f3 muchas situaciones de gol, hay que seguir\u00bb, concluy\u00f3 Miguel Russo.<\/b><\/p>\n","protected":false},"excerpt":{"rendered":"Boca Juniors dej\u00f3 escapar una ventaja de dos goles y empat\u00f3 2-2 ante Central C\u00f3rdoba en La Bombonera,&hellip;\n","protected":false},"author":2,"featured_media":131597,"comment_status":"","ping_status":"","sticky":false,"template":"","format":"standard","meta":{"footnotes":""},"categories":[93],"tags":[168,25,24,23,167],"class_list":{"0":"post-131596","1":"post","2":"type-post","3":"status-publish","4":"format-standard","5":"has-post-thumbnail","7":"category-deportes","8":"tag-deportes","9":"tag-es","10":"tag-espana","11":"tag-spain","12":"tag-sports"},"share_on_mastodon":{"url":"","error":""},"_links":{"self":[{"href":"https:\/\/www.europesays.com\/es\/wp-json\/wp\/v2\/posts\/131596","targetHints":{"allow":["GET"]}}],"collection":[{"href":"https:\/\/www.europesays.com\/es\/wp-json\/wp\/v2\/posts"}],"about":[{"href":"https:\/\/www.europesays.com\/es\/wp-json\/wp\/v2\/types\/post"}],"author":[{"embeddable":true,"href":"https:\/\/www.europesays.com\/es\/wp-json\/wp\/v2\/users\/2"}],"replies":[{"embeddable":true,"href":"https:\/\/www.europesays.com\/es\/wp-json\/wp\/v2\/comments?post=131596"}],"version-history":[{"count":0,"href":"https:\/\/www.europesays.com\/es\/wp-json\/wp\/v2\/posts\/131596\/revisions"}],"wp:featuredmedia":[{"embeddable":true,"href":"https:\/\/www.europesays.com\/es\/wp-json\/wp\/v2\/media\/131597"}],"wp:attachment":[{"href":"https:\/\/www.europesays.com\/es\/wp-json\/wp\/v2\/media?parent=131596"}],"wp:term":[{"taxonomy":"category","embeddable":true,"href":"https:\/\/www.europesays.com\/es\/wp-json\/wp\/v2\/categories?post=131596"},{"taxonomy":"post_tag","embeddable":true,"href":"https:\/\/www.europesays.com\/es\/wp-json\/wp\/v2\/tags?post=131596"}],"curies":[{"name":"wp","href":"https:\/\/api.w.org\/{rel}","templated":true}]}}