{"id":131610,"date":"2025-09-22T11:11:16","date_gmt":"2025-09-22T11:11:16","guid":{"rendered":"https:\/\/www.europesays.com\/es\/131610\/"},"modified":"2025-09-22T11:11:16","modified_gmt":"2025-09-22T11:11:16","slug":"la-moncloa-22-09-2025-margarita-robles-visita-la-nueva-escuela-infantil-del-hospital-central-de-la-defensa-gomez-ulla-prensa-actualidad-defensa","status":"publish","type":"post","link":"https:\/\/www.europesays.com\/es\/131610\/","title":{"rendered":"La Moncloa. 22\/09\/2025. Margarita Robles visita la nueva escuela infantil del Hospital Central de la Defensa G\u00f3mez Ulla [Prensa\/Actualidad\/Defensa]"},"content":{"rendered":"<p class=\"main-image\">&#13;<br \/>\n                     &#13;<br \/>\n                        &#13;<br \/>\n                        <img decoding=\"async\" alt=\"La ministra de Defensa, Margarita Robles, en el patio de la nueva escuela infantil\" title=\"La ministra de Defensa, Margarita Robles, en el patio de la nueva escuela infantil\" src=\"https:\/\/www.europesays.com\/es\/wp-content\/uploads\/2025\/09\/220925-robles-visita-escuela-infantil.jpg\"\/>&#13;<br \/>\n                        La ministra de Defensa, Margarita Robles, en el patio de la nueva escuela infantil.&#13;<br \/>\n                    &#13;\n                <\/p>\n<p>Reafirmar el compromiso del Ministerio de Defensa con el fomento y el apoyo de la conciliaci\u00f3n laboral y familiar de su personal civil y militar, ese es uno de los principales objetivos de la puesta en funcionamiento de centros de educaci\u00f3n infantil adscritos al Departamento y a las Fuerzas Armadas, como el del Hospital Central de la Defensa &#8216;G\u00f3mez Ulla&#8217;, que ha visitado hoy la ministra de Defensa, Margarita Robles.<\/p>\n<p>Robles, que ha estado acompa\u00f1ada por la secretaria de Estado de Defensa, Amparo Valcarce, y por la subsecretaria de Defensa, Adoraci\u00f3n Mateos, ha recorrido las instalaciones de esta escuela que lleva tres semanas en funcionamiento y que cuenta con seis aulas distribuidas por edades de 0 a 3 a\u00f1os, con capacidad total para 84 ni\u00f1os y un patio de recreo de 900 m2. Entre otros servicios, cuenta con un amplio horario, de 07:30 a 18:30, y con servicio de comedor.<\/p>\n<p>Sostenibilidad, eficiencia energ\u00e9tica y seguridad infantil<\/p>\n<p>La titular de Defensa ha compartido impresiones con el equipo directivo y docente, el personal sanitario y algunas familias usuarias de este centro ubicado en el mismo recinto del Hospital G\u00f3mez Ulla, en Madrid, que ha sido concebido bajo los principios de sostenibilidad, eficiencia energ\u00e9tica y seguridad infantil. As\u00ed, entre otras acciones llevadas a cabo tras dos a\u00f1os de obras, que finalizaron en junio de este a\u00f1o, se han eliminado los combustibles f\u00f3siles e implementado la producci\u00f3n de energ\u00eda el\u00e9ctrica mediante paneles solares, que suponen un consumo cercano a cero.<\/p>\n<p>Mediante estas innovaciones, que incluyen la climatizaci\u00f3n por suelo radiante y materiales de bajo impacto ambiental, se ponen en valor, adem\u00e1s de las pol\u00edticas de conciliaci\u00f3n, un modelo de gesti\u00f3n eficiente e innovador.<\/p>\n<p>El Ministerio cuenta con una red de m\u00e1s de 30 centros de educaci\u00f3n infantil, distribuidos por todo el territorio nacional, con una oferta total de cerca de 2.000 plazas gratuitas. Este plan se inscribe en la voluntad del Ministerio de Defensa de potenciar aquellas actuaciones que hacen efectivo el principio de corresponsabilidad, conciliaci\u00f3n e igualdad, pol\u00edticas fundamentales para conseguir avances reales y duraderos en materia de derechos sociales.<\/p>\n","protected":false},"excerpt":{"rendered":"&#13; &#13; &#13; &#13; La ministra de Defensa, Margarita Robles, en el patio de la nueva escuela infantil.&#13;&hellip;\n","protected":false},"author":2,"featured_media":131611,"comment_status":"","ping_status":"","sticky":false,"template":"","format":"standard","meta":{"footnotes":""},"categories":[5],"tags":[17,18,25,24,13,14,11,19,20,9,10,15,16,23,12,21,22],"class_list":{"0":"post-131610","1":"post","2":"type-post","3":"status-publish","4":"format-standard","5":"has-post-thumbnail","7":"category-titulares","8":"tag-breaking-news","9":"tag-breakingnews","10":"tag-es","11":"tag-espana","12":"tag-featured-news","13":"tag-featurednews","14":"tag-headlines","15":"tag-latest-news","16":"tag-latestnews","17":"tag-news","18":"tag-noticias","19":"tag-noticias-destacadas","20":"tag-noticiasdestacadas","21":"tag-spain","22":"tag-titulares","23":"tag-ultimas-noticias","24":"tag-ultimasnoticias"},"share_on_mastodon":{"url":"","error":""},"_links":{"self":[{"href":"https:\/\/www.europesays.com\/es\/wp-json\/wp\/v2\/posts\/131610","targetHints":{"allow":["GET"]}}],"collection":[{"href":"https:\/\/www.europesays.com\/es\/wp-json\/wp\/v2\/posts"}],"about":[{"href":"https:\/\/www.europesays.com\/es\/wp-json\/wp\/v2\/types\/post"}],"author":[{"embeddable":true,"href":"https:\/\/www.europesays.com\/es\/wp-json\/wp\/v2\/users\/2"}],"replies":[{"embeddable":true,"href":"https:\/\/www.europesays.com\/es\/wp-json\/wp\/v2\/comments?post=131610"}],"version-history":[{"count":0,"href":"https:\/\/www.europesays.com\/es\/wp-json\/wp\/v2\/posts\/131610\/revisions"}],"wp:featuredmedia":[{"embeddable":true,"href":"https:\/\/www.europesays.com\/es\/wp-json\/wp\/v2\/media\/131611"}],"wp:attachment":[{"href":"https:\/\/www.europesays.com\/es\/wp-json\/wp\/v2\/media?parent=131610"}],"wp:term":[{"taxonomy":"category","embeddable":true,"href":"https:\/\/www.europesays.com\/es\/wp-json\/wp\/v2\/categories?post=131610"},{"taxonomy":"post_tag","embeddable":true,"href":"https:\/\/www.europesays.com\/es\/wp-json\/wp\/v2\/tags?post=131610"}],"curies":[{"name":"wp","href":"https:\/\/api.w.org\/{rel}","templated":true}]}}