{"id":131612,"date":"2025-09-22T11:12:09","date_gmt":"2025-09-22T11:12:09","guid":{"rendered":"https:\/\/www.europesays.com\/es\/131612\/"},"modified":"2025-09-22T11:12:09","modified_gmt":"2025-09-22T11:12:09","slug":"el-balonmano-mislata-rescata-un-punto-imposible-de-su-visita-a-petrer-2","status":"publish","type":"post","link":"https:\/\/www.europesays.com\/es\/131612\/","title":{"rendered":"El Balonmano Mislata rescata un punto imposible de su visita a Petrer"},"content":{"rendered":"<p class=\"v-mdl-ath__p v-mdl-ath__p--6\">\nLunes, 22 de septiembre 2025, 11:44<\/p>\n<p class=\"v-p\">Un gol abajo, dos hombres menos por exclusiones, poco m\u00e1s de un minuto por jugar y bal\u00f3n en manos del rival. Ese era el panorama que ten\u00eda delante el Balonmano Mislata en los momentos finales de su visita a Balonmano Petrer por la Jornada 2 del Grupo E de la Primera Divisi\u00f3n masculina. A\u00fan as\u00ed, el equipo del \u00e1rea metropolitana de Valencia logr\u00f3 llevarse un empate en 29 de un partido que lo supo tener 5 goles en desventaja.<\/p>\n<p class=\"v-p\">El primer tiempo del encuentro fue de m\u00e1xima paridad, con ambos equipos intercambiando goles, pero tambi\u00e9n errores y p\u00e9rdidas de bal\u00f3n. Hugo Herraiz (termin\u00f3 con 6 goles) y Tom\u00e1s De San Roque (5) lideraban el juego de la visita, mientras que Rafael Moscat (8) era el gran responsable del nivel del local. La igualdad se plasm\u00f3 en el marcador, que mostr\u00f3 un 15-15 al descanso y todo por resolver en la segunda mitad.<\/p>\n<p class=\"v-p\">El complemento comenz\u00f3 de la misma manera, pero a los siete minutos algo se rompi\u00f3. Errores de Mislata y aciertos de Petrer, en manos de Pablo Agullo (5 goles) y David Serna (5), permitieron que el local consiguiera un parcial de 5-0 para alejarse en el marcador. Faltando poco m\u00e1s de siete minutos, Petrer marchaba 29-25 por delante y parec\u00eda que se llevaba la victoria. Fue el momento de aparecer para jugadores como Santino Bogado (6 goles), Jorge Ferrer en la porter\u00eda, y los propios De San Roque y Herraiz. Con dos y medio para el cierre, los dirigidos por Jorge Fern\u00e1ndez y Mauro Longarini se acercaron al 29-28.<\/p>\n<p class=\"v-p\">El final del partido fue impensado. La exclusi\u00f3n de Guzm\u00e1n L\u00e1zaro ten\u00eda a la visita con un jugador menos y el bal\u00f3n en manos de Petrer, que ganaba por uno. Ese ataque dur\u00f3 un minuto y medio porque al borde del pasivo, C\u00e9sar Clemente fue excluido y Mislata qued\u00f3 con cuatro en pista. El local tuvo una clara para liquidarlo, pero Jorge Ferrer estuvo inmenso en la porter\u00eda y le dio vida a su equipo. Faltando 45 segundos, Herraiz logr\u00f3 el empate y en fly (una suerte de alley-oop del balonmano). Incluso, la visita recuper\u00f3 otro bal\u00f3n y tuvo la chance de ganarlo, pero no tuvo suerte y se qued\u00f3 con un sufrido e impensado empate en 29.<\/p>\n<p class=\"v-p\">Con este resultado, el Balonmano Mislata se ubica tercero junto al propio Petrer y a Elda. La pr\u00f3xima semana, los valencianos visitar\u00e1n a Puerto Sagunto B, que hab\u00eda ca\u00eddo en la primera jornada ante Petrer y que venci\u00f3 este fin de semana a Torrevieja a domicilio. La competici\u00f3n la lideran Sant Joan y \u00c1guilas, que ganaron sus respectivos encuentros.<\/p>\n<p class=\"v-p\"><strong>PRIMERA MASCULINA &#8211; GRUPO E &#8211; JORNADA 2<\/strong><\/p>\n<p class=\"v-p\">BM Torrevieja 22-26 Puerto Sagunto B<\/p>\n<p class=\"v-p\">Levante UDBM Marni 30-30 BM Elda<\/p>\n<p class=\"v-p\">BM Elche 32-28 BM Algemes\u00ed<\/p>\n<p class=\"v-p\">Agustinos Alicante 27-34 Handbol Sant Joan<\/p>\n<p class=\"v-p\">BM \u00c1guilas 34-26 BM M\u00f3stoles<\/p>\n<p class=\"v-p\">Handbol Mallorca 31-33 BM Legan\u00e9s<\/p>\n<p class=\"v-p\">BM Castell\u00f3n 31-23 UCAM Murcia<\/p>\n<p class=\"v-p\">BM Petrer 29-29 BM Mislata<\/p>\n<p class=\"v-p\"><strong>PRIMERA MASCULINA &#8211; GRUPO E &#8211; CLASIFICACI\u00d3N<\/strong><\/p>\n<p class=\"v-p\">Handbol Sant Joan &#8211; 2 PJ &#8211; 4 PTS<\/p>\n<p class=\"v-p\">BM \u00c1guilas &#8211; 2 PJ &#8211; 2 PTS<\/p>\n<p class=\"v-p\">BM Mislata &#8211; 2 PJ &#8211; 3 PTS<\/p>\n<p class=\"v-p\">BM Petrer &#8211; 2 PJ &#8211; 3 PTS<\/p>\n<p class=\"v-p\">BM Elda &#8211; 2 PJ &#8211; 3 PTS<\/p>\n<p class=\"v-p\">Handbol Mallorca &#8211; 2 PJ &#8211; 2 PTS<\/p>\n<p class=\"v-p\">Puerto Sagunto B &#8211; 2 PJ &#8211; 2 PTS<\/p>\n<p class=\"v-p\">BM Legan\u00e9s &#8211; 2 PJ &#8211; 2 PTS<\/p>\n<p class=\"v-p\">Levante UDBM Marni &#8211; 2 PJ &#8211; 2 PTS<\/p>\n<p class=\"v-p\">BM Castell\u00f3n &#8211; 2 PJ &#8211; 2 PTS<\/p>\n<p class=\"v-p\">BM M\u00f3stoles &#8211; 2 PJ &#8211; 2 PTS<\/p>\n<p class=\"v-p\">BM Elche &#8211; 2 PJ &#8211; 2 PTS<\/p>\n<p class=\"v-p\">BM Algemes\u00ed &#8211; 2 PJ &#8211; 1 PTS<\/p>\n<p class=\"v-p\">BM Torrevieja &#8211; 2 PJ &#8211; 0 PTS<\/p>\n<p class=\"v-p\">Agustinos Alicante &#8211; 2 PJ &#8211; 0 PTS<\/p>\n<p class=\"v-p\">UCAM Murcia &#8211; 2 PJ &#8211; 0 PTS<\/p>\n<p>Comenta<\/p>\n<p>Reporta un error<\/p>\n","protected":false},"excerpt":{"rendered":"Lunes, 22 de septiembre 2025, 11:44 Un gol abajo, dos hombres menos por exclusiones, poco m\u00e1s de un&hellip;\n","protected":false},"author":2,"featured_media":99305,"comment_status":"","ping_status":"","sticky":false,"template":"","format":"standard","meta":{"footnotes":""},"categories":[278],"tags":[376,168,25,24,375,23830,27851,42105,2320,6964,23,167,938],"class_list":{"0":"post-131612","1":"post","2":"type-post","3":"status-publish","4":"format-standard","5":"has-post-thumbnail","7":"category-balonmano","8":"tag-balonmano","9":"tag-deportes","10":"tag-es","11":"tag-espana","12":"tag-handball","13":"tag-imposible","14":"tag-mislata","15":"tag-petrer","16":"tag-punto","17":"tag-rescata","18":"tag-spain","19":"tag-sports","20":"tag-visita"},"share_on_mastodon":{"url":"","error":""},"_links":{"self":[{"href":"https:\/\/www.europesays.com\/es\/wp-json\/wp\/v2\/posts\/131612","targetHints":{"allow":["GET"]}}],"collection":[{"href":"https:\/\/www.europesays.com\/es\/wp-json\/wp\/v2\/posts"}],"about":[{"href":"https:\/\/www.europesays.com\/es\/wp-json\/wp\/v2\/types\/post"}],"author":[{"embeddable":true,"href":"https:\/\/www.europesays.com\/es\/wp-json\/wp\/v2\/users\/2"}],"replies":[{"embeddable":true,"href":"https:\/\/www.europesays.com\/es\/wp-json\/wp\/v2\/comments?post=131612"}],"version-history":[{"count":0,"href":"https:\/\/www.europesays.com\/es\/wp-json\/wp\/v2\/posts\/131612\/revisions"}],"wp:featuredmedia":[{"embeddable":true,"href":"https:\/\/www.europesays.com\/es\/wp-json\/wp\/v2\/media\/99305"}],"wp:attachment":[{"href":"https:\/\/www.europesays.com\/es\/wp-json\/wp\/v2\/media?parent=131612"}],"wp:term":[{"taxonomy":"category","embeddable":true,"href":"https:\/\/www.europesays.com\/es\/wp-json\/wp\/v2\/categories?post=131612"},{"taxonomy":"post_tag","embeddable":true,"href":"https:\/\/www.europesays.com\/es\/wp-json\/wp\/v2\/tags?post=131612"}],"curies":[{"name":"wp","href":"https:\/\/api.w.org\/{rel}","templated":true}]}}