{"id":131613,"date":"2025-09-22T11:13:11","date_gmt":"2025-09-22T11:13:11","guid":{"rendered":"https:\/\/www.europesays.com\/es\/131613\/"},"modified":"2025-09-22T11:13:11","modified_gmt":"2025-09-22T11:13:11","slug":"la-real-maestranza-de-sevilla-acoge-la-mesa-redonda-los-toros-en-francia-dirigida-por-francis-wolff","status":"publish","type":"post","link":"https:\/\/www.europesays.com\/es\/131613\/","title":{"rendered":"La Real Maestranza de Sevilla acoge la mesa redonda \u00abLos toros en Francia\u00bb, dirigida por Francis Wolff"},"content":{"rendered":"<p class=\"voc-pretitle\">\nMesa redonda taurina\n<\/p>\n<p>Ser\u00e1 el pr\u00f3ximo jueves 25 de septiembre y est\u00e1 organizada por la Fundaci\u00f3n de Estudios Taurinos<br \/>\nEn ella se analizar\u00e1 la situaci\u00f3n jur\u00eddica, medi\u00e1tica y cultural de la tauromaquia en el pa\u00eds vecino<\/p>\n<p><img fetchpriority=\"high\" class=\"voc-img\" src=\"https:\/\/www.europesays.com\/es\/wp-content\/uploads\/2025\/09\/WhatsAppImage2025-09-22at12.45.28(1)-RmWbEJJ4xumTCpHehFDAxyI-1200x840@abc.jpeg\" loading=\"eager\" decoding=\"async\" alt=\"Cartel de la mesa redonda en la que se disertar\u00e1 sobre los toros en Francia\" width=\"1200\" height=\"840\"\/><\/p>\n<p>Cartel de la mesa redonda en la que se disertar\u00e1 sobre los toros en Francia    ABC  <\/p>\n<p><img decoding=\"async\" class=\"voc-author__img\" src=\"https:\/\/www.europesays.com\/es\/wp-content\/uploads\/2025\/09\/autor-7335-foto-3.jpeg\" alt=\"Jos\u00e9 Manuel Pe\u00f1a\"\/><\/p>\n<p class=\"voc-p\" style=\"\">La <strong>Fundaci\u00f3n de Estudios Taurinos<\/strong>, con el patrocinio de la <strong>Real Maestranza de Caballer\u00eda de Sevilla<\/strong>, ha organizado la mesa redonda <strong>\u00abLos toros en Francia\u00bb, <\/strong>un encuentro que tendr\u00e1 lugar el pr\u00f3ximo 25 de septiembre en el Sal\u00f3n de Carteles de la Real Maestranza, con <strong>entrada libre<\/strong> hasta completar aforo.<\/p>\n<p class=\"voc-p\" style=\"\">El acto, que comenzar\u00e1 a las 19:00 horas, estar\u00e1 dirigido por el fil\u00f3sofo y escritor taurino <strong>Francis Wolff<\/strong>, quien presentar\u00e1 la sesi\u00f3n con la ponencia \u00abDe la tauromaquia como producto importado (hecho en Espa\u00f1a) al supuesto modelo franc\u00e9s\u00bb. A lo largo de la tarde intervendr\u00e1n reconocidos expertos del mundo taurino franc\u00e9s como <strong>Fanny Jourdan-Gal<\/strong> en colaboraci\u00f3n con <strong>Antoine Capdeville, <\/strong>quienes hablar\u00e1n sobre el estatuto jur\u00eddico y la geograf\u00eda de los toros en Francia; <strong>Thierry Vignal<\/strong> disertar\u00e1 sobre los toros bravos y los toros de Camarga; <strong>Elvire Oliu<\/strong> har\u00e1 lo propio sobre el sistema y la regulaci\u00f3n de los espect\u00e1culos taurinos en Francia, y <strong>Marc Lavie<\/strong> hablar\u00e1 sobre la historia de los toreros franceses: de Nime\u00f1o I y Simon Casas a Clemente. La jornada concluir\u00e1 con una mesa redonda y discusi\u00f3n general, en la que Francis Wolff expondr\u00e1 las conclusiones del encuentro.<\/p>\n<p class=\"voc-p\" style=\"\">Esta iniciativa busca dar a conocer la particular situaci\u00f3n de la tauromaquia en Francia, donde las corridas est\u00e1n prohibidas salvo en aquellas localidades que acrediten una tradici\u00f3n taurina ininterrumpida. La Fundaci\u00f3n pretende as\u00ed ofrecer al p\u00fablico sevillano una visi\u00f3n completa sobre la <strong>defensa social y cultural<\/strong> de la tauromaquia en el pa\u00eds vecino.<\/p>\n<p>Reportar un error<\/p>\n","protected":false},"excerpt":{"rendered":"Mesa redonda taurina Ser\u00e1 el pr\u00f3ximo jueves 25 de septiembre y est\u00e1 organizada por la Fundaci\u00f3n de Estudios&hellip;\n","protected":false},"author":2,"featured_media":131614,"comment_status":"","ping_status":"","sticky":false,"template":"","format":"standard","meta":{"footnotes":""},"categories":[277],"tags":[771,373,168,25,24,317,34395,2570,798,42106,23,167,374,444],"class_list":{"0":"post-131613","1":"post","2":"type-post","3":"status-publish","4":"format-standard","5":"has-post-thumbnail","7":"category-toreo","8":"tag-acoge","9":"tag-bullfighting","10":"tag-deportes","11":"tag-es","12":"tag-espana","13":"tag-francia","14":"tag-maestranza","15":"tag-mesa","16":"tag-real","17":"tag-redonda","18":"tag-spain","19":"tag-sports","20":"tag-toreo","21":"tag-toros"},"share_on_mastodon":{"url":"","error":""},"_links":{"self":[{"href":"https:\/\/www.europesays.com\/es\/wp-json\/wp\/v2\/posts\/131613","targetHints":{"allow":["GET"]}}],"collection":[{"href":"https:\/\/www.europesays.com\/es\/wp-json\/wp\/v2\/posts"}],"about":[{"href":"https:\/\/www.europesays.com\/es\/wp-json\/wp\/v2\/types\/post"}],"author":[{"embeddable":true,"href":"https:\/\/www.europesays.com\/es\/wp-json\/wp\/v2\/users\/2"}],"replies":[{"embeddable":true,"href":"https:\/\/www.europesays.com\/es\/wp-json\/wp\/v2\/comments?post=131613"}],"version-history":[{"count":0,"href":"https:\/\/www.europesays.com\/es\/wp-json\/wp\/v2\/posts\/131613\/revisions"}],"wp:featuredmedia":[{"embeddable":true,"href":"https:\/\/www.europesays.com\/es\/wp-json\/wp\/v2\/media\/131614"}],"wp:attachment":[{"href":"https:\/\/www.europesays.com\/es\/wp-json\/wp\/v2\/media?parent=131613"}],"wp:term":[{"taxonomy":"category","embeddable":true,"href":"https:\/\/www.europesays.com\/es\/wp-json\/wp\/v2\/categories?post=131613"},{"taxonomy":"post_tag","embeddable":true,"href":"https:\/\/www.europesays.com\/es\/wp-json\/wp\/v2\/tags?post=131613"}],"curies":[{"name":"wp","href":"https:\/\/api.w.org\/{rel}","templated":true}]}}