{"id":131615,"date":"2025-09-22T11:14:09","date_gmt":"2025-09-22T11:14:09","guid":{"rendered":"https:\/\/www.europesays.com\/es\/131615\/"},"modified":"2025-09-22T11:14:09","modified_gmt":"2025-09-22T11:14:09","slug":"oban-elliott-los-ojos-de-la-venganza-de-combate-de-ufc-gales-en-la-batalla-de-jonathan-micallef","status":"publish","type":"post","link":"https:\/\/www.europesays.com\/es\/131615\/","title":{"rendered":"Oban Elliott: Los ojos de la venganza de combate de UFC gal\u00e9s en la batalla de Jonathan Micallef"},"content":{"rendered":"<p>        <a href=\"https:\/\/www.elpueblo.pe\/wp-content\/uploads\/2025\/09\/Oban-Elliott-Los-ojos-de-la-venganza-de-combate-de.jpg\" data-caption=\"\" rel=\"nofollow noopener\" target=\"_blank\"><img loading=\"lazy\" decoding=\"async\" width=\"640\" height=\"360\" class=\"entry-thumb td-modal-image\" src=\"https:\/\/www.europesays.com\/es\/wp-content\/uploads\/2025\/09\/Oban-Elliott-Los-ojos-de-la-venganza-de-combate-de-640x360.jpg\"   alt=\"\" title=\"Oban Elliott: Los ojos de la venganza de combate de\"\/><\/a><\/p>\n<p class=\"ssrcss-1q0x1qg-Paragraph e1jhz7w10\">\u201cEs como ir a la escuela juntos y luego terminas yendo a la misma universidad\u201d, dijo el nativo de Merthyr Tydfil.<\/p>\n<p class=\"ssrcss-1q0x1qg-Paragraph e1jhz7w10\">\u201cEst\u00e1bamos juntos en la jaula, la misma edad. Eran amigos en ese momento, nos mantuvimos en contacto y ahora finalmente entrenamos juntos este a\u00f1o\u201d.<\/p>\n<p class=\"ssrcss-1q0x1qg-Paragraph e1jhz7w10\">Micallef obtuvo el estatus de UFC con la serie Contender de Dana White e inmediatamente venci\u00f3 a Kevin Jousset (10-4).<\/p>\n<p class=\"ssrcss-1q0x1qg-Paragraph e1jhz7w10\">Elliott gan\u00f3 tres juegos y perdi\u00f3 uno de sus cuatro juegos de UFC, y tambi\u00e9n se gradu\u00f3 de la serie Contender y aprendi\u00f3 sobre los niveles peligrosos de tales combatientes presentes.<\/p>\n<p class=\"ssrcss-1q0x1qg-Paragraph e1jhz7w10\">A\u00f1adi\u00f3: \u201cS\u00e9 lo aterradora que es esa serie de contendientes, as\u00ed que s\u00e9 que cualquiera que conozco es una gran amenaza\u201d.<\/p>\n<p class=\"ssrcss-1q0x1qg-Paragraph e1jhz7w10\">A pesar de la presi\u00f3n de luchar lejos de casa, Elliott todav\u00eda est\u00e1 disfrutando de la posibilidad de ocupar Micallef en su propia casa.<\/p>\n<p class=\"ssrcss-1q0x1qg-Paragraph e1jhz7w10\">\u201cVolar\u00e9 a Perth. No ir\u00e9 all\u00ed y lo perder\u00e9\u201d, dijo. <\/p>\n<p><a href=\"https:\/\/www.bbc.com\/sport\/mixed-martial-arts\/articles\/cp980xvvev3o?at_medium=RSS&amp;at_campaign=rss&amp;rand=115\" rel=\"nofollow noopener\" target=\"_blank\">Enlace de origen<\/a><\/p>\n","protected":false},"excerpt":{"rendered":"\u201cEs como ir a la escuela juntos y luego terminas yendo a la misma universidad\u201d, dijo el nativo&hellip;\n","protected":false},"author":2,"featured_media":131616,"comment_status":"","ping_status":"","sticky":false,"template":"","format":"standard","meta":{"footnotes":""},"categories":[276],"tags":[168,25,24,23,167,343],"class_list":{"0":"post-131615","1":"post","2":"type-post","3":"status-publish","4":"format-standard","5":"has-post-thumbnail","7":"category-ufc","8":"tag-deportes","9":"tag-es","10":"tag-espana","11":"tag-spain","12":"tag-sports","13":"tag-ufc"},"share_on_mastodon":{"url":"","error":""},"_links":{"self":[{"href":"https:\/\/www.europesays.com\/es\/wp-json\/wp\/v2\/posts\/131615","targetHints":{"allow":["GET"]}}],"collection":[{"href":"https:\/\/www.europesays.com\/es\/wp-json\/wp\/v2\/posts"}],"about":[{"href":"https:\/\/www.europesays.com\/es\/wp-json\/wp\/v2\/types\/post"}],"author":[{"embeddable":true,"href":"https:\/\/www.europesays.com\/es\/wp-json\/wp\/v2\/users\/2"}],"replies":[{"embeddable":true,"href":"https:\/\/www.europesays.com\/es\/wp-json\/wp\/v2\/comments?post=131615"}],"version-history":[{"count":0,"href":"https:\/\/www.europesays.com\/es\/wp-json\/wp\/v2\/posts\/131615\/revisions"}],"wp:featuredmedia":[{"embeddable":true,"href":"https:\/\/www.europesays.com\/es\/wp-json\/wp\/v2\/media\/131616"}],"wp:attachment":[{"href":"https:\/\/www.europesays.com\/es\/wp-json\/wp\/v2\/media?parent=131615"}],"wp:term":[{"taxonomy":"category","embeddable":true,"href":"https:\/\/www.europesays.com\/es\/wp-json\/wp\/v2\/categories?post=131615"},{"taxonomy":"post_tag","embeddable":true,"href":"https:\/\/www.europesays.com\/es\/wp-json\/wp\/v2\/tags?post=131615"}],"curies":[{"name":"wp","href":"https:\/\/api.w.org\/{rel}","templated":true}]}}