{"id":131617,"date":"2025-09-22T11:16:11","date_gmt":"2025-09-22T11:16:11","guid":{"rendered":"https:\/\/www.europesays.com\/es\/131617\/"},"modified":"2025-09-22T11:16:11","modified_gmt":"2025-09-22T11:16:11","slug":"no-queria-estar-solo-en-la-pista","status":"publish","type":"post","link":"https:\/\/www.europesays.com\/es\/131617\/","title":{"rendered":"No quer\u00eda estar solo en la pista"},"content":{"rendered":"<p class=\"c-paragraph\"><a href=\"https:\/\/www.20minutos.es\/tags\/deportes\/roger-federer.html\" title=\"Roger Federer\" rel=\"nofollow noopener\" target=\"_blank\">Roger Federer<\/a> colg\u00f3 la raqueta en 2022 tras dejar atr\u00e1s una incre\u00edble carrera ten\u00edstica, siendo considerado uno de los mejores jugadores de la historia, <b>parte del &#8216;Big Three&#8217; y con 20 Grand Slam en su palmar\u00e9s. <\/b>El extenista suizo escogi\u00f3 la Laver Cup 2022, torneo del que es cofundador, para retirarse y, ahora, ha explicado el motivo.\u00a0<\/p>\n<p class=\"c-paragraph\">Federer ha concedido una entrevista a Andy Roddick en su podcast Served en el que ha hablado de c\u00f3mo fue el momento en el que decidi\u00f3 dejar el tenis profesional y el motivo por el <b>cual eligi\u00f3 la Laver Cup como el escenario para hacerlo.\u00a0<\/b><\/p>\n<p class=\"c-paragraph\"><b>\u00abSab\u00eda que el momento de retirarme iba a ser muy complicado<\/b> porque amo el tenis y todo lo que le envuelve significa mucho para m\u00ed. Sin embargo, mi rodilla llevaba tiempo haciendo el tonto y sab\u00eda que me ten\u00eda que retirar, as\u00ed que me tom\u00e9 un descanso ese verano para decidir d\u00f3nde retirarme\u00bb, comienza explicando el suizo.\u00a0<\/p>\n<p class=\"c-paragraph\">Asimismo, Federer cuenta entre qu\u00e9 torneos estuvo dudando para despedirse del tenis profesional: \u00abEstuve entre el US Open, el ATP Basilea y la Laver Cup.\u00a0<b>No quer\u00eda estar solo en la pista al retirarme<\/b> y escog\u00ed Londres porque all\u00ed viv\u00ed de los mejores momentos de mi carrera (refiri\u00e9ndose a Wimbledon)\u00bb.\u00a0<\/p>\n<p class=\"c-paragraph\">El suizo tambi\u00e9n cuenta c\u00f3mo tuvo la idea de impulsar la Laver Cup, la cual se celebra desde 2017 y lleva el nombre de la leyenda australiana Rod Laver. \u00abSent\u00eda que las leyendas merec\u00edan un espacio m\u00e1s grande de reconocimiento en el tenis tras sus retiradas. Fue en la parte de atr\u00e1s de un coche cuando\u00a0<b>me vino el pensamiento de que Rod Laver merec\u00eda ser m\u00e1s recordado,<\/b>\u00a0as\u00ed que se me ocurri\u00f3 la idea de la Laver Cup\u00bb.\u00a0<\/p>\n<p class=\"c-paragraph\">Y, aunque asegura que es un torneo muy complicado de organizar y en el que hay que juntar a grandes jugadores, merece la pena: \u00abEst\u00e1 siendo un \u00e9xito y\u00a0podemos llevar el tenis a lugares que quiz\u00e1 no est\u00e1n acostumbrados a ver tanto tenis en directo.\u00a0Aunque en 2026 <b>volveremos a Londres, es muy posible que pronto estemos por Asia o por Sudam\u00e9rica\u00bb.<\/b><\/p>\n","protected":false},"excerpt":{"rendered":"Roger Federer colg\u00f3 la raqueta en 2022 tras dejar atr\u00e1s una incre\u00edble carrera ten\u00edstica, siendo considerado uno de&hellip;\n","protected":false},"author":2,"featured_media":131618,"comment_status":"","ping_status":"","sticky":false,"template":"","format":"standard","meta":{"footnotes":""},"categories":[274],"tags":[168,25,24,39126,3440,23,167,327,326],"class_list":{"0":"post-131617","1":"post","2":"type-post","3":"status-publish","4":"format-standard","5":"has-post-thumbnail","7":"category-tenis","8":"tag-deportes","9":"tag-es","10":"tag-espana","11":"tag-laver-cup","12":"tag-roger-federer","13":"tag-spain","14":"tag-sports","15":"tag-tenis","16":"tag-tennis"},"share_on_mastodon":{"url":"","error":""},"_links":{"self":[{"href":"https:\/\/www.europesays.com\/es\/wp-json\/wp\/v2\/posts\/131617","targetHints":{"allow":["GET"]}}],"collection":[{"href":"https:\/\/www.europesays.com\/es\/wp-json\/wp\/v2\/posts"}],"about":[{"href":"https:\/\/www.europesays.com\/es\/wp-json\/wp\/v2\/types\/post"}],"author":[{"embeddable":true,"href":"https:\/\/www.europesays.com\/es\/wp-json\/wp\/v2\/users\/2"}],"replies":[{"embeddable":true,"href":"https:\/\/www.europesays.com\/es\/wp-json\/wp\/v2\/comments?post=131617"}],"version-history":[{"count":0,"href":"https:\/\/www.europesays.com\/es\/wp-json\/wp\/v2\/posts\/131617\/revisions"}],"wp:featuredmedia":[{"embeddable":true,"href":"https:\/\/www.europesays.com\/es\/wp-json\/wp\/v2\/media\/131618"}],"wp:attachment":[{"href":"https:\/\/www.europesays.com\/es\/wp-json\/wp\/v2\/media?parent=131617"}],"wp:term":[{"taxonomy":"category","embeddable":true,"href":"https:\/\/www.europesays.com\/es\/wp-json\/wp\/v2\/categories?post=131617"},{"taxonomy":"post_tag","embeddable":true,"href":"https:\/\/www.europesays.com\/es\/wp-json\/wp\/v2\/tags?post=131617"}],"curies":[{"name":"wp","href":"https:\/\/api.w.org\/{rel}","templated":true}]}}