{"id":131619,"date":"2025-09-22T11:17:09","date_gmt":"2025-09-22T11:17:09","guid":{"rendered":"https:\/\/www.europesays.com\/es\/131619\/"},"modified":"2025-09-22T11:17:09","modified_gmt":"2025-09-22T11:17:09","slug":"pogacar-tras-las-protestas-propalestinas-de-la-vuelta-a-espana-en-africa-me-siento-mas-seguro-que-en-algunos-paises-de-europa","status":"publish","type":"post","link":"https:\/\/www.europesays.com\/es\/131619\/","title":{"rendered":"Pogacar, tras las protestas propalestinas de La Vuelta a Espa\u00f1a: \u201cEn \u00c1frica me siento m\u00e1s seguro que en algunos pa\u00edses de Europa\u201d"},"content":{"rendered":"<p><img alt=\"El ciclista Tadej Pogacar (REUTERS\/Sarah\" class=\"global-image\" decoding=\"async\" fetchpriority=\"high\" height=\"2142\" loading=\"eager\" src=\"https:\/\/www.europesays.com\/es\/wp-content\/uploads\/2025\/09\/23LM5MAXJFHZZHGVVBRWMSJFXY.JPG\" width=\"3808\"\/>El ciclista Tadej Pogacar (REUTERS\/Sarah Meyssonnier)<\/p>\n<p class=\"paragraph\">La decisi\u00f3n de <b>Tadej Pogacar<\/b> de no participar en la <a href=\"https:\/\/www.infobae.com\/espana\/deportes\/2025\/09\/20\/la-vuelta-a-espana-fue-solo-el-principio-crece-la-presion-para-apartar-a-israel-de-los-eventos-deportivos-pero-las-organizaciones-guardan-silencio\/\" target=\"_blank\" rel=\"noreferrer nofollow noopener\" title=\"https:\/\/www.infobae.com\/espana\/deportes\/2025\/09\/20\/la-vuelta-a-espana-fue-solo-el-principio-crece-la-presion-para-apartar-a-israel-de-los-eventos-deportivos-pero-las-organizaciones-guardan-silencio\/\"><b>Vuelta a Espa\u00f1a 2025<\/b><\/a> ha generado repercusiones en el \u00e1mbito ciclista internacional, especialmente tras comentar la situaci\u00f3n de seguridad vivida en la ronda espa\u00f1ola y su experiencia m\u00e1s reciente en \u00c1frica, donde se celebrar\u00e1 el pr\u00f3ximo <b>Mundial de Ciclismo<\/b>. Pogacar, considerado uno de los grandes favoritos de la temporada y actual figura destacada del pelot\u00f3n mundial, opt\u00f3 por ausentarse de la \u00faltima gran vuelta del calendario europeo para priorizar su recuperaci\u00f3n f\u00edsica y enfocarse en el campeonato mundial que tendr\u00e1 lugar, por primera vez en la historia, en <b>Ruanda<\/b>.<\/p>\n<p class=\"paragraph\">Mientras el ciclista se entrenaba con la selecci\u00f3n de <b>Eslovenia<\/b> en la antesala de la cita mundialista, se refiri\u00f3 a los acontecimientos sucedidos durante las <a href=\"https:\/\/www.infobae.com\/espana\/2025\/09\/14\/la-vuelta-cambia-el-recorrido-de-entrada-a-madrid-mientras-los-manifestantes-ocupan-la-gran-via-y-hay-disturbios-en-atocha\/\" target=\"_blank\" rel=\"noreferrer nofollow noopener\" title=\"https:\/\/www.infobae.com\/espana\/2025\/09\/14\/la-vuelta-cambia-el-recorrido-de-entrada-a-madrid-mientras-los-manifestantes-ocupan-la-gran-via-y-hay-disturbios-en-atocha\/\">etapas de la Vuelta<\/a>, marcadas por protestas y manifestaciones en apoyo al pueblo palestino, que terminaron por alterar el desarrollo habitual de la carrera. Las declaraciones de Pogacar, recogidas por el medio Sportklub, han destacado por la contundencia y el contraste realizado respecto a las percepciones de seguridad entre ambos continentes. El esloveno expres\u00f3 con claridad: <b>\u201cMe siento m\u00e1s seguro en \u00c1frica\u201d<\/b>. Esta aseveraci\u00f3n llega tras un periodo de tensiones dentro de las propias etapas espa\u00f1olas y, en t\u00e9rminos de imagen p\u00fablica, supone un rev\u00e9s para los organizadores locales.<\/p>\n<p class=\"paragraph\">Las palabras de <b>Pogacar<\/b> ofrecen una perspectiva inusual desde el <a href=\"https:\/\/www.infobae.com\/espana\/deportes\/2025\/09\/03\/la-vuelta-a-espana-se-blinda-ante-el-auge-de-protestas-pro-palestina-contra-el-equipo-israel-premier-tech\/\" target=\"_blank\" rel=\"noreferrer nofollow noopener\" title=\"https:\/\/www.infobae.com\/espana\/deportes\/2025\/09\/03\/la-vuelta-a-espana-se-blinda-ante-el-auge-de-protestas-pro-palestina-contra-el-equipo-israel-premier-tech\/\">mundo del ciclismo profesional<\/a>, donde muchos deportistas suelen mantener posiciones prudentes sobre cuestiones extradeportivas. En este caso, <b>el doble campe\u00f3n del Tour de Francia<\/b> quiso especificar sus sensaciones respecto al entorno que ha encontrado en Ruanda. \u201c\u00c1frica est\u00e1 bastante bien, quiz\u00e1s el aire es un poco malo. Pero la gente es muy amable. <b>Me siento seguro, mucho m\u00e1s que en alg\u00fan pa\u00eds europeo<\/b>\u201d, destac\u00f3 el corredor. Su testimonio refuerza la impresi\u00f3n positiva sobre el ambiente local pese a tratarse de un territorio debutante en la organizaci\u00f3n de campeonatos del mundo.<\/p>\n<p><img alt=\"El ciclistaTadej Pogacar (REUTERS\/Sarah Meyssonnier)\" class=\"global-image\" decoding=\"async\" fetchpriority=\"low\" height=\"3473\" loading=\"lazy\" src=\"https:\/\/www.europesays.com\/es\/wp-content\/uploads\/2025\/09\/DQDE6FV7QFAZDPMNQ22PEENIUE.JPG\" width=\"5562\"\/>El ciclistaTadej Pogacar (REUTERS\/Sarah Meyssonnier)<\/p>\n<p class=\"paragraph\">Al abordar las dificultades t\u00e9cnicas del trazado, <b>Pogacar<\/b> explic\u00f3: \u201cNo hay mucho trabajo t\u00e9cnico. Es sencillo, con muchos desniveles. Tenemos cuatro subidas. <b>Hay que esforzarse mucho en todas partes. No hay tiempo suficiente para descansar<\/b>. El recorrido es r\u00e1pido. Espero que mis piernas est\u00e9n bien\u201d. De este modo, el esloveno dej\u00f3 clara la exigencia que caracteriza el circuito africano y subray\u00f3 la necesidad de dosificar las energ\u00edas para mantener la regularidad durante toda la prueba.<\/p>\n<p class=\"paragraph\">La ausencia del l\u00edder esloveno en la \u00faltima Vuelta a Espa\u00f1a tuvo implicaciones deportivas, ya que cedi\u00f3 su plaza al joven catal\u00e1n <a href=\"https:\/\/www.infobae.com\/espana\/deportes\/2025\/09\/02\/el-ciclista-espanol-juan-ayuso-carga-contra-su-equipo-por-anunciar-su-salida-quieren-danar-mi-imagen-es-una-dictadura\/\" target=\"_blank\" rel=\"noreferrer nofollow noopener\" title=\"https:\/\/www.infobae.com\/espana\/deportes\/2025\/09\/02\/el-ciclista-espanol-juan-ayuso-carga-contra-su-equipo-por-anunciar-su-salida-quieren-danar-mi-imagen-es-una-dictadura\/\"><b>Juan Ayuso<\/b><\/a>, y motiv\u00f3 comentarios sobre la gesti\u00f3n de calendario de los principales referentes del pelot\u00f3n internacional. Pogacar aclar\u00f3 que fue una decisi\u00f3n tomada en conjunto con su equipo, orientada a garantizar una adecuada recuperaci\u00f3n tras \u201cun Tour tan exigente\u201d. El ciclista argument\u00f3: \u201cDespu\u00e9s de un Tour tan exigente, decidimos que lo mejor era tomarnos un descanso. <b>La Vuelta es, por supuesto, una carrera a la que me encantar\u00eda volver<\/b>. Tengo recuerdos fant\u00e1sticos de 2019, pero ahora mi cuerpo me pide descansar\u201d. De esta forma, dej\u00f3 abierta la puerta a regresar en pr\u00f3ximas ediciones mientras reafirmaba la prioridad de su preparaci\u00f3n f\u00edsica.<\/p>\n<p>Nuevas detenciones por las protestas en la Vuelta contra la participaci\u00f3n del equipo Israel.<\/p>\n<p class=\"paragraph\">El objetivo inmediato de <b>Pogacar<\/b> en Ruanda es doble. Su aspiraci\u00f3n pasa por sumar el oro en la contrarreloj y en la prueba de fondo de los Mundiales. Un reto de alt\u00edsima dificultad nunca alcanzado en un mismo a\u00f1o por ning\u00fan corredor, ni siquiera por su rival m\u00e1s inmediato, <b>Remco Evenepoel<\/b>, quien conquist\u00f3 ambos t\u00edtulos s\u00f3lo en temporadas distintas.<\/p>\n","protected":false},"excerpt":{"rendered":"El ciclista Tadej Pogacar (REUTERS\/Sarah Meyssonnier) La decisi\u00f3n de Tadej Pogacar de no participar en la Vuelta a&hellip;\n","protected":false},"author":2,"featured_media":131620,"comment_status":"","ping_status":"","sticky":false,"template":"","format":"standard","meta":{"footnotes":""},"categories":[273],"tags":[313,312,168,25,24,406,4759,23,3020,167],"class_list":{"0":"post-131619","1":"post","2":"type-post","3":"status-publish","4":"format-standard","5":"has-post-thumbnail","7":"category-ciclismo","8":"tag-ciclismo","9":"tag-cycling","10":"tag-deportes","11":"tag-es","12":"tag-espana","13":"tag-europe","14":"tag-paris","15":"tag-spain","16":"tag-sport","17":"tag-sports"},"share_on_mastodon":{"url":"","error":""},"_links":{"self":[{"href":"https:\/\/www.europesays.com\/es\/wp-json\/wp\/v2\/posts\/131619","targetHints":{"allow":["GET"]}}],"collection":[{"href":"https:\/\/www.europesays.com\/es\/wp-json\/wp\/v2\/posts"}],"about":[{"href":"https:\/\/www.europesays.com\/es\/wp-json\/wp\/v2\/types\/post"}],"author":[{"embeddable":true,"href":"https:\/\/www.europesays.com\/es\/wp-json\/wp\/v2\/users\/2"}],"replies":[{"embeddable":true,"href":"https:\/\/www.europesays.com\/es\/wp-json\/wp\/v2\/comments?post=131619"}],"version-history":[{"count":0,"href":"https:\/\/www.europesays.com\/es\/wp-json\/wp\/v2\/posts\/131619\/revisions"}],"wp:featuredmedia":[{"embeddable":true,"href":"https:\/\/www.europesays.com\/es\/wp-json\/wp\/v2\/media\/131620"}],"wp:attachment":[{"href":"https:\/\/www.europesays.com\/es\/wp-json\/wp\/v2\/media?parent=131619"}],"wp:term":[{"taxonomy":"category","embeddable":true,"href":"https:\/\/www.europesays.com\/es\/wp-json\/wp\/v2\/categories?post=131619"},{"taxonomy":"post_tag","embeddable":true,"href":"https:\/\/www.europesays.com\/es\/wp-json\/wp\/v2\/tags?post=131619"}],"curies":[{"name":"wp","href":"https:\/\/api.w.org\/{rel}","templated":true}]}}