{"id":131621,"date":"2025-09-22T11:19:08","date_gmt":"2025-09-22T11:19:08","guid":{"rendered":"https:\/\/www.europesays.com\/es\/131621\/"},"modified":"2025-09-22T11:19:08","modified_gmt":"2025-09-22T11:19:08","slug":"micic-hace-su-prediccion-de-la-euroliga-y-no-deja-en-buen-lugar-al-barca","status":"publish","type":"post","link":"https:\/\/www.europesays.com\/es\/131621\/","title":{"rendered":"Micic hace su predicci\u00f3n de la Euroliga y no deja en buen lugar al Bar\u00e7a"},"content":{"rendered":"<p data-gtm-element-container=\"modulo-texto-link\" class=\"paragraph\"><strong>Vasilije Micic<\/strong> regresa a <strong>Europa <\/strong>tras dos temporadas en la NBA. El serbio es el fichaje estrella del <strong>Hapoel Tel Aviv<\/strong> y ser\u00e1 una de las grandes atracciones de la competici\u00f3n, que arranca el pr\u00f3ximo martes 30 de septiembre, precisamente con un choque entre el equipo israel\u00ed y el Bar\u00e7a. <strong>Micic<\/strong>, de 31 a\u00f1os, reconoci\u00f3 recientemente en una entrevista que su vuelta al baloncesto europeo \u00abes la decisi\u00f3n m\u00e1s importante relacionada con el baloncesto que he tomado en mi vida\u00bb.<\/p>\n<p>    Lee tambi\u00e9n<\/p>\n<p data-gtm-element-container=\"modulo-texto-link\" class=\"paragraph\">Ya en plena din\u00e1mica de equipo con el <strong>Hapoel Tel Aviv <\/strong>tras un<strong>\u00a0<\/strong>discreto <strong>Eurobasket<\/strong>, Micic hizo una predicci\u00f3n de la clasificaci\u00f3n de la fase regular de la Euroliga. El v\u00eddeo, publicado por la cuenta oficial de la competici\u00f3n, deja varias elecciones sorprendentes.<\/p>\n<blockquote class=\"twitter-tweet\" data-lang=\"es\"><p>\n<a href=\"https:\/\/twitter.com\/EuroLeague\/status\/1970052017016946841\" rel=\"nofollow noopener\" target=\"_blank\">\n<\/p><\/blockquote>\n<p data-gtm-element-container=\"modulo-texto-link\" class=\"paragraph\"><strong>Micic <\/strong>coloca a su equipo en lo m\u00e1s alto de la tabla, por delante de <strong>Olympiacos y Panathinaikos<\/strong>. El vigente campe\u00f3n, <strong>Fenerbahce<\/strong>, ocupar\u00eda la quinta plaza. El primer equipo espa\u00f1ol ser\u00eda el <strong>Real Madrid<\/strong>, s\u00e9ptimo.<\/p>\n<p data-gtm-element-container=\"modulo-texto-link\" class=\"paragraph\">El <strong>Bar\u00e7a, und\u00e9cimo,<\/strong> quedar\u00eda fuera del play-in, al igual que Baskonia (13\u00ba) y Valencia Basket (17\u00ba). Finalmente, para Micic, la Virtus Bolonia ser\u00eda el peor equipo de la temporada regular.<\/p>\n<p><script async src=\"https:\/\/platform.twitter.com\/widgets.js\" charset=\"utf-8\"><\/script><\/p>\n","protected":false},"excerpt":{"rendered":"Vasilije Micic regresa a Europa tras dos temporadas en la NBA. El serbio es el fichaje estrella del&hellip;\n","protected":false},"author":2,"featured_media":131622,"comment_status":"","ping_status":"","sticky":false,"template":"","format":"standard","meta":{"footnotes":""},"categories":[269],"tags":[299,298,168,25,24,23,167],"class_list":{"0":"post-131621","1":"post","2":"type-post","3":"status-publish","4":"format-standard","5":"has-post-thumbnail","7":"category-baloncesto","8":"tag-baloncesto","9":"tag-basketball","10":"tag-deportes","11":"tag-es","12":"tag-espana","13":"tag-spain","14":"tag-sports"},"share_on_mastodon":{"url":"","error":""},"_links":{"self":[{"href":"https:\/\/www.europesays.com\/es\/wp-json\/wp\/v2\/posts\/131621","targetHints":{"allow":["GET"]}}],"collection":[{"href":"https:\/\/www.europesays.com\/es\/wp-json\/wp\/v2\/posts"}],"about":[{"href":"https:\/\/www.europesays.com\/es\/wp-json\/wp\/v2\/types\/post"}],"author":[{"embeddable":true,"href":"https:\/\/www.europesays.com\/es\/wp-json\/wp\/v2\/users\/2"}],"replies":[{"embeddable":true,"href":"https:\/\/www.europesays.com\/es\/wp-json\/wp\/v2\/comments?post=131621"}],"version-history":[{"count":0,"href":"https:\/\/www.europesays.com\/es\/wp-json\/wp\/v2\/posts\/131621\/revisions"}],"wp:featuredmedia":[{"embeddable":true,"href":"https:\/\/www.europesays.com\/es\/wp-json\/wp\/v2\/media\/131622"}],"wp:attachment":[{"href":"https:\/\/www.europesays.com\/es\/wp-json\/wp\/v2\/media?parent=131621"}],"wp:term":[{"taxonomy":"category","embeddable":true,"href":"https:\/\/www.europesays.com\/es\/wp-json\/wp\/v2\/categories?post=131621"},{"taxonomy":"post_tag","embeddable":true,"href":"https:\/\/www.europesays.com\/es\/wp-json\/wp\/v2\/tags?post=131621"}],"curies":[{"name":"wp","href":"https:\/\/api.w.org\/{rel}","templated":true}]}}