{"id":131623,"date":"2025-09-22T11:20:14","date_gmt":"2025-09-22T11:20:14","guid":{"rendered":"https:\/\/www.europesays.com\/es\/131623\/"},"modified":"2025-09-22T11:20:14","modified_gmt":"2025-09-22T11:20:14","slug":"fc-barcelona-horas-decisivas-para-fermin-y-gavi","status":"publish","type":"post","link":"https:\/\/www.europesays.com\/es\/131623\/","title":{"rendered":"FC Barcelona | Horas decisivas para Ferm\u00edn y Gavi"},"content":{"rendered":"<p class=\"ft-text\"><strong>Este lunes ser\u00e1 agitado en las dependencias m\u00e9dicas del FC Barcelona<\/strong>. <a class=\"ft-link ft-link--decoration\" href=\"https:\/\/www.sport.es\/es\/noticias\/barca\/fermin-rompe-121817799\" rel=\"nofollow noopener\" target=\"_blank\">Ferm\u00edn y Gavi pasar\u00e1n revisi\u00f3n para conocer de forma concreta<\/a> el tiempo que pasar\u00e1n alejados de los terrenos de juego.<\/p>\n<p class=\"ft-text\">En el caso de <a class=\"ft-link ft-link--decoration\" href=\"https:\/\/www.sport.es\/es\/noticias\/barca\/cruyff-lloro-emocionado-cielo-121814880\" rel=\"nofollow noopener\" target=\"_blank\">Ferm\u00edn, se lesion\u00f3 en la ingle en el tiempo de descuento del partido ante el Getafe<\/a>. Sus gestos de dolor fueron sensibles y las pruebas de este lunes determinar\u00e1n el tiempo de baja. <strong>Las previsiones no son optimistas para el onubense.<\/strong><\/p>\n<p class=\"ft-text\">Esta baja llega en un momento muy inoportuno ya que <strong>Ferm\u00edn atravesaba por un excelente momento de forma<\/strong>. Aunque frente al Getafe fue suplente, <strong>el canterano protagoniz\u00f3 una de las acciones m\u00e1s espectaculares del choque<\/strong> arrancando desde la banda izquierda y disparando sin \u00e1ngulo buscando la porter\u00eda, donde encontr\u00f3 los dedos de Soria.<\/p>\n<p><img decoding=\"async\" src=\"https:\/\/www.europesays.com\/es\/wp-content\/uploads\/2025\/09\/f1b42639-ee0e-4272-a186-ee81a064c8e9_alta-libre-aspect-ratio_default_0.jpg\" width=\"1200\" height=\"800\" alt=\"Ferm\u00edn L\u00f3pez qued\u00f3 tendido en el suelo al final del encuentro ante el Getafe\" class=\"ft-helper-img-rd\" loading=\"lazy\" hasdataaida=\"true\"\/><\/p>\n<p class=\"ft-helper-fontColor-quaternary ft-helper-fontSize-body-S ft-helper-spacer-t-xxs\">Ferm\u00edn L\u00f3pez qued\u00f3 tendido en el suelo al final del encuentro ante el Getafe  \/ Dani Barbeito<\/p>\n<p class=\"ft-text\"><strong>Restan dos semanas para el pr\u00f3ximo par\u00f3n de selecciones de octubre<\/strong>, por lo que parece dif\u00edcil que pueda ser convocados para<strong> los partidos ante Georgia (11\/10) en Elche y Bulgaria (14\/10) en Valladolid. <\/strong>Una baja notable para Luis de la Fuente, quien ya lo hab\u00eda citado para la anterior ventana de septiembre.<\/p>\n<p>No esperar\u00e1n m\u00e1s por Gavi<\/p>\n<p class=\"ft-text\"><a class=\"ft-link ft-link--decoration\" href=\"https:\/\/www.sport.es\/es\/noticias\/barca\/gavi-decision-inminente-121775930\" rel=\"nofollow noopener\" target=\"_blank\">En cuanto a Gavi, est\u00e1 siguiendo el tratamiento conservador<\/a>, pero ya ha llegado el momento de tomar una decisi\u00f3n. <strong>Este lunes se probar\u00e1 para comprobar si las molestias han remitido o contin\u00faa notando dolor<\/strong>. El veredicto de este entrenamiento fijar\u00e1 si debe pasar por el quir\u00f3fano o lo puede esquivar.<\/p>\n<p class=\"ft-text\">De tener que ser operado del menisco interno de la rodilla derecha, <strong>Gavi se perder\u00eda entre cuatro y seis semanas de competici\u00f3n.<\/strong> El centrocampista se someter\u00eda a una artroscopia poco invasiva, por lo que <strong>el tiempo de recuperaci\u00f3n ser\u00eda relativamente corto por ser una intervenci\u00f3n.<\/strong><\/p>\n<p><img decoding=\"async\" src=\"https:\/\/www.europesays.com\/es\/wp-content\/uploads\/2025\/09\/d7c321b3-ae3c-4432-93fd-32efd4d6e892_alta-libre-aspect-ratio_default_0.jpg\" width=\"1200\" height=\"800\" alt=\"Gavi quiere solucionar sus problemas en la rodilla derecha\" class=\"ft-helper-img-rd\" loading=\"lazy\" hasdataaida=\"true\"\/><\/p>\n<p class=\"ft-helper-fontColor-quaternary ft-helper-fontSize-body-S ft-helper-spacer-t-xxs\">Gavi quiere solucionar sus problemas en la rodilla derecha  \/ FC BARCELONA<\/p>\n<p class=\"ft-text\"><strong>Gavi ha trabajado duro en los \u00faltimos d\u00edas para fortalecer su rodilla<\/strong>, pero durante la jornada de hoy debe conocer el pr\u00f3ximo paso que dar\u00e1. Aunque se trata de la misma rodilla que se lesion\u00f3 de gravedad, <strong>no tiene afectado ni el ligamento cruzado anterior ni el menisco externo<\/strong>, las dos zonas por las que precisaron de cirug\u00eda.<\/p>\n<p class=\"ft-text\"><strong>Hansi Flick cuenta con un importante fondo de armario esta temporada<\/strong>, pero se trata de dos ausencias capitales en el exigente calendario que le espera al Bar\u00e7a. <strong>La cantera puede ser de nuevo la soluci\u00f3n para seguir con las rotaciones.<\/strong><\/p>\n","protected":false},"excerpt":{"rendered":"Este lunes ser\u00e1 agitado en las dependencias m\u00e9dicas del FC Barcelona. Ferm\u00edn y Gavi pasar\u00e1n revisi\u00f3n para conocer&hellip;\n","protected":false},"author":2,"featured_media":131624,"comment_status":"","ping_status":"","sticky":false,"template":"","format":"standard","meta":{"footnotes":""},"categories":[268],"tags":[2296,168,25,24,881,12556,280,282,30979,8252,281,23,167],"class_list":{"0":"post-131623","1":"post","2":"type-post","3":"status-publish","4":"format-standard","5":"has-post-thumbnail","7":"category-futbol","8":"tag-barca","9":"tag-deportes","10":"tag-es","11":"tag-espana","12":"tag-fc-barcelona","13":"tag-fermin","14":"tag-football","15":"tag-futbol","16":"tag-gavi","17":"tag-lesion","18":"tag-soccer","19":"tag-spain","20":"tag-sports"},"share_on_mastodon":{"url":"","error":""},"_links":{"self":[{"href":"https:\/\/www.europesays.com\/es\/wp-json\/wp\/v2\/posts\/131623","targetHints":{"allow":["GET"]}}],"collection":[{"href":"https:\/\/www.europesays.com\/es\/wp-json\/wp\/v2\/posts"}],"about":[{"href":"https:\/\/www.europesays.com\/es\/wp-json\/wp\/v2\/types\/post"}],"author":[{"embeddable":true,"href":"https:\/\/www.europesays.com\/es\/wp-json\/wp\/v2\/users\/2"}],"replies":[{"embeddable":true,"href":"https:\/\/www.europesays.com\/es\/wp-json\/wp\/v2\/comments?post=131623"}],"version-history":[{"count":0,"href":"https:\/\/www.europesays.com\/es\/wp-json\/wp\/v2\/posts\/131623\/revisions"}],"wp:featuredmedia":[{"embeddable":true,"href":"https:\/\/www.europesays.com\/es\/wp-json\/wp\/v2\/media\/131624"}],"wp:attachment":[{"href":"https:\/\/www.europesays.com\/es\/wp-json\/wp\/v2\/media?parent=131623"}],"wp:term":[{"taxonomy":"category","embeddable":true,"href":"https:\/\/www.europesays.com\/es\/wp-json\/wp\/v2\/categories?post=131623"},{"taxonomy":"post_tag","embeddable":true,"href":"https:\/\/www.europesays.com\/es\/wp-json\/wp\/v2\/tags?post=131623"}],"curies":[{"name":"wp","href":"https:\/\/api.w.org\/{rel}","templated":true}]}}