{"id":131625,"date":"2025-09-22T11:21:18","date_gmt":"2025-09-22T11:21:18","guid":{"rendered":"https:\/\/www.europesays.com\/es\/131625\/"},"modified":"2025-09-22T11:21:18","modified_gmt":"2025-09-22T11:21:18","slug":"las-fotos-ineditas-de-gossip-girl-que-blake-lively-acaba-de-revelar-y-han-enloquecido-a-los-fans","status":"publish","type":"post","link":"https:\/\/www.europesays.com\/es\/131625\/","title":{"rendered":"Las fotos in\u00e9ditas de &#8216;Gossip Girl&#8217; que Blake Lively acaba de revelar y han enloquecido a los fans"},"content":{"rendered":"<p id=\"ebGWN8AxAe\" data-wc=\"85\"><strong>Blake Lively\u00a0<\/strong>alcanz\u00f3 la fama mundial gracias a<a class=\"hm-link ho-link\" href=\"https:\/\/www.hola.com\/fashion\/lifestyle\/2020100570332\/blake-lively-recuerda-gossip-girl\/\" data-mrf-recirculation=\"article-body-link\" rel=\"nofollow noopener\" target=\"_blank\">\u00a0Gossip Girl, la serie que conquist\u00f3 a toda una generaci\u00f3n<\/a> con su combinaci\u00f3n de intriga, romance y el glamour de la \u00e9lite juvenil neoyorquina. \u00a0La ficci\u00f3n no solo no arras\u00f3 en audiencia durante seis temporadas -de 2007 a 2012- sino que influy\u00f3 notablemente en la moda y el estilo de vida juvenil. Cada personaje luc\u00eda un vestuario \u00fanico, utilizando la moda como una extensi\u00f3n de su personalidad y convirti\u00e9ndose en fuente de inspiraci\u00f3n para miles de j\u00f3venes. \u00a0<\/p>\n<p> <img src=\"https:\/\/www.europesays.com\/es\/wp-content\/uploads\/2025\/09\/c25b43147863-blake-lively-ig7.jpg\"   width=\"1024\" height=\"768\" loading=\"lazy\" decoding=\"async\" alt=\"Blake Lively abre el \u00e1lbum de fotos de 'Gossip Girl'\" fetchpriority=\"auto\" class=\"image ho-image\"\/>\u00a9 blakelively<\/p>\n<p> <img src=\"https:\/\/www.europesays.com\/es\/wp-content\/uploads\/2025\/09\/474b56c25650-blake-lively-ig.jpg\"   width=\"1024\" height=\"768\" loading=\"lazy\" decoding=\"async\" alt=\"Blake Lively abre el \u00e1lbum de fotos de 'Gossip Girl'\" fetchpriority=\"auto\" class=\"image ho-image\"\/><\/p>\n<p> <img src=\"https:\/\/www.europesays.com\/es\/wp-content\/uploads\/2025\/09\/822c93e94e92-blake-lively-ig6.jpg\"   width=\"1024\" height=\"767\" loading=\"lazy\" decoding=\"async\" alt=\"Blake Lively abre el \u00e1lbum de fotos de 'Gossip Girl'\" fetchpriority=\"auto\" class=\"image ho-image\"\/>\u00a9 blakelively<\/p>\n<p> <img src=\"https:\/\/www.europesays.com\/es\/wp-content\/uploads\/2025\/09\/56d3650905a2-blake-lively-ig11.jpg\"   width=\"1024\" height=\"768\" loading=\"lazy\" decoding=\"async\" alt=\"Blake Lively abre el \u00e1lbum de fotos de 'Gossip Girl'\" fetchpriority=\"auto\" class=\"image ho-image\"\/>\u00a9 blakelively<\/p>\n<p> <img src=\"https:\/\/www.europesays.com\/es\/wp-content\/uploads\/2025\/09\/02943900d2d1-blake-lively-ig13.jpg\"   width=\"1024\" height=\"768\" loading=\"lazy\" decoding=\"async\" alt=\"Blake Lively abre el \u00e1lbum de fotos de 'Gossip Girl'\" fetchpriority=\"auto\" class=\"image ho-image\"\/>\u00a9 blakelively<\/p>\n<p id=\"eBcttFyUnp\" data-wc=\"98\">Blake, inolvidable en el papel de Serena van der Woodsen, ha abierto su \u00e1lbum personal para celebrar <strong>los 18 a\u00f1os de la ficci\u00f3n que transform\u00f3 su vida y la de los espectadores<\/strong>. \u201cEl verano que Gossip Girl cumpli\u00f3 18\u2026 Este espect\u00e1culo era mi universidad. Fue mi educaci\u00f3n, mi vida social, mi trabajo duro, mis noches tarde y madrugadas, mi maestro. Nueva York y Silvercup Studios (y a veces Par\u00eds \u2728) fue mi campus durante seis a\u00f1os. Tantos recuerdos. \u00bfQu\u00e9? Una D\u00e9cada. Qu\u00e9 Universidad\u201d, recuerda la actriz mientras rescata im\u00e1genes in\u00e9ditas y p\u00f3steres que decoraron su habitaci\u00f3n durante a\u00f1os.<\/p>\n<p> <img src=\"https:\/\/www.europesays.com\/es\/wp-content\/uploads\/2025\/09\/d6d1b1967dcd-blake-lively-ig4.jpg\"   width=\"1024\" height=\"768\" loading=\"lazy\" decoding=\"async\" alt=\"Blake Lively abre el \u00e1lbum de fotos de 'Gossip Girl'\" fetchpriority=\"auto\" class=\"image ho-image\"\/>\u00a9 blakelively<\/p>\n<p> <img src=\"https:\/\/www.europesays.com\/es\/wp-content\/uploads\/2025\/09\/4aa57e9638c7-blake-lively-ig16.jpg\"   width=\"1024\" height=\"768\" loading=\"lazy\" decoding=\"async\" alt=\"Blake Lively abre el \u00e1lbum de fotos de 'Gossip Girl'\" fetchpriority=\"auto\" class=\"image ho-image\"\/>\u00a9 blakelively<\/p>\n<p> <img src=\"https:\/\/www.europesays.com\/es\/wp-content\/uploads\/2025\/09\/238422e504b2-blake-lively-ig10.jpg\"   width=\"1024\" height=\"768\" loading=\"lazy\" decoding=\"async\" alt=\"Blake Lively abre el \u00e1lbum de fotos de 'Gossip Girl'\" fetchpriority=\"auto\" class=\"image ho-image\"\/>\u00a9 blakelively<\/p>\n<p> <img src=\"https:\/\/www.europesays.com\/es\/wp-content\/uploads\/2025\/09\/4f455179d334-blake-lively-ig9.jpg\"   width=\"1024\" height=\"768\" loading=\"lazy\" decoding=\"async\" alt=\"Blake Lively abre el \u00e1lbum de fotos de 'Gossip Girl'\" fetchpriority=\"auto\" class=\"image ho-image\"\/>\u00a9 blakelively<\/p>\n<p> <img src=\"https:\/\/www.europesays.com\/es\/wp-content\/uploads\/2025\/09\/aa8048160029-blake-lively-ig2.jpg\"   width=\"1024\" height=\"768\" loading=\"lazy\" decoding=\"async\" alt=\"Blake Lively abre el \u00e1lbum de fotos de 'Gossip Girl'\" fetchpriority=\"auto\" class=\"image ho-image\"\/>\u00a9 blakelively<\/p>\n<p id=\"eze3kcyT0C\" data-wc=\"102\">En esas fotos revive momentos compartidos con<a class=\"hm-link ho-link\" href=\"https:\/\/www.hola.com\/actualidad\/20230528232350\/gossip-girl-que-ha-sido-elenco-original-serie\/\" data-mrf-recirculation=\"article-body-link\" rel=\"nofollow noopener\" target=\"_blank\">\u00a0los otros protagonistas de la serie<\/a>: <strong>Leighton Meester (Blair Waldorf), Ed Westwick (Chuck Bass), Penn Badgley (Dan Humphrey) y Chace Crawford (Nate Archibald),<\/strong> as\u00ed como an\u00e9cdotas del ambiente juvenil y la complicidad detr\u00e1s de las c\u00e1maras. Esta publicaci\u00f3n ha desatado una oleada de nostalgia entre los fans y ya acumula m\u00e1s de un mill\u00f3n de likes en apenas unas horas. Durante a\u00f1os Blake Lively mantuvo cierto hermetismo sobre su etapa en \u00abGossip Girl\u00bb, por lo que sus seguidores han recibido con entusiasmo este gesto de cari\u00f1o y memoria hacia la serie que marc\u00f3 una generaci\u00f3n.<\/p>\n<p> <img src=\"https:\/\/www.europesays.com\/es\/wp-content\/uploads\/2025\/09\/ffe2f2b2dc20-blake-lively-ig14.jpg\"   width=\"1024\" height=\"768\" loading=\"lazy\" decoding=\"async\" alt=\"Blake Lively abre el \u00e1lbum de fotos de 'Gossip Girl'\" fetchpriority=\"auto\" class=\"image ho-image\"\/>\u00a9 blakelively<\/p>\n<p> <img src=\"https:\/\/www.europesays.com\/es\/wp-content\/uploads\/2025\/09\/8a25f478815e-blake-lively-ig8.jpg\"   width=\"1024\" height=\"768\" loading=\"lazy\" decoding=\"async\" alt=\"Blake Lively abre el \u00e1lbum de fotos de 'Gossip Girl'\" fetchpriority=\"auto\" class=\"image ho-image\"\/>\u00a9 blakelively<\/p>\n<p> <img src=\"https:\/\/www.europesays.com\/es\/wp-content\/uploads\/2025\/09\/9651d0ea3a3e-blake-lively-ig12.jpg\"   width=\"1024\" height=\"768\" loading=\"lazy\" decoding=\"async\" alt=\"Blake Lively abre el \u00e1lbum de fotos de 'Gossip Girl'\" fetchpriority=\"auto\" class=\"image ho-image\"\/>\u00a9 blakelively<\/p>\n<p> <img src=\"https:\/\/www.europesays.com\/es\/wp-content\/uploads\/2025\/09\/02c9e8312bc0-blake-lively-ig5.jpg\"   width=\"1024\" height=\"768\" loading=\"lazy\" decoding=\"async\" alt=\"Blake Lively abre el \u00e1lbum de fotos de 'Gossip Girl'\" fetchpriority=\"auto\" class=\"image ho-image\"\/>\u00a9 blakelively<\/p>\n<p> <img src=\"https:\/\/www.europesays.com\/es\/wp-content\/uploads\/2025\/09\/fad5e680c216-blake-lively-ig3.jpg\"   width=\"1024\" height=\"768\" loading=\"lazy\" decoding=\"async\" alt=\"Blake Lively abre el \u00e1lbum de fotos de 'Gossip Girl'\" fetchpriority=\"auto\" class=\"image ho-image\"\/>\u00a9 blakelively<\/p>\n<p id=\"eQYjOy-U1O\" data-wc=\"43\">M\u00e1s all\u00e1 del <a class=\"hm-link ho-link\" href=\"https:\/\/www.hola.com\/actualidad\/20211211307255\/serie-gossip-girl-reboot\/\" data-mrf-recirculation=\"article-body-link\" rel=\"nofollow noopener\" target=\"_blank\">reboot estrenado en HBO<\/a>, los seguidores contin\u00faan so\u00f1ando con el regreso de la ficci\u00f3n junto al elenco original. Por ahora, tendr\u00e1n que conformarse con los recuerdos y las im\u00e1genes cargadas de significado que Blake y otros protagonistas han querido compartir.<a class=\"hm-link ho-link\" href=\"https:\/\/www.instagram.com\/p\/DO4IVffCfRZ\/\" rel=\"noopener nofollow\" target=\"_blank\" data-mrf-recirculation=\"article-body-link\"><\/p>\n<p><script async src=\"\/\/www.instagram.com\/embed.js\"><\/script><\/p>\n","protected":false},"excerpt":{"rendered":"Blake Lively\u00a0alcanz\u00f3 la fama mundial gracias a\u00a0Gossip Girl, la serie que conquist\u00f3 a toda una generaci\u00f3n con su&hellip;\n","protected":false},"author":2,"featured_media":131626,"comment_status":"","ping_status":"","sticky":false,"template":"","format":"standard","meta":{"footnotes":""},"categories":[174],"tags":[517,29858,255,146,147,25,24,256,23],"class_list":{"0":"post-131625","1":"post","2":"type-post","3":"status-publish","4":"format-standard","5":"has-post-thumbnail","7":"category-famosos","8":"tag-actualidad","9":"tag-blake-lively","10":"tag-celebrities","11":"tag-entertainment","12":"tag-entretenimiento","13":"tag-es","14":"tag-espana","15":"tag-famosos","16":"tag-spain"},"share_on_mastodon":{"url":"","error":""},"_links":{"self":[{"href":"https:\/\/www.europesays.com\/es\/wp-json\/wp\/v2\/posts\/131625","targetHints":{"allow":["GET"]}}],"collection":[{"href":"https:\/\/www.europesays.com\/es\/wp-json\/wp\/v2\/posts"}],"about":[{"href":"https:\/\/www.europesays.com\/es\/wp-json\/wp\/v2\/types\/post"}],"author":[{"embeddable":true,"href":"https:\/\/www.europesays.com\/es\/wp-json\/wp\/v2\/users\/2"}],"replies":[{"embeddable":true,"href":"https:\/\/www.europesays.com\/es\/wp-json\/wp\/v2\/comments?post=131625"}],"version-history":[{"count":0,"href":"https:\/\/www.europesays.com\/es\/wp-json\/wp\/v2\/posts\/131625\/revisions"}],"wp:featuredmedia":[{"embeddable":true,"href":"https:\/\/www.europesays.com\/es\/wp-json\/wp\/v2\/media\/131626"}],"wp:attachment":[{"href":"https:\/\/www.europesays.com\/es\/wp-json\/wp\/v2\/media?parent=131625"}],"wp:term":[{"taxonomy":"category","embeddable":true,"href":"https:\/\/www.europesays.com\/es\/wp-json\/wp\/v2\/categories?post=131625"},{"taxonomy":"post_tag","embeddable":true,"href":"https:\/\/www.europesays.com\/es\/wp-json\/wp\/v2\/tags?post=131625"}],"curies":[{"name":"wp","href":"https:\/\/api.w.org\/{rel}","templated":true}]}}