{"id":131631,"date":"2025-09-22T11:25:10","date_gmt":"2025-09-22T11:25:10","guid":{"rendered":"https:\/\/www.europesays.com\/es\/131631\/"},"modified":"2025-09-22T11:25:10","modified_gmt":"2025-09-22T11:25:10","slug":"jon-bon-jovi-hablo-por-primera-vez-sobre-el-bebe-de-su-hijo-jake-y-millie-bobby-brown","status":"publish","type":"post","link":"https:\/\/www.europesays.com\/es\/131631\/","title":{"rendered":"Jon Bon Jovi habl\u00f3 por primera vez sobre el beb\u00e9 de su hijo Jake y Millie Bobby Brown"},"content":{"rendered":"<p><img alt=\"Jon Bon Jovi habl\u00f3 sobre\" class=\"global-image\" decoding=\"async\" fetchpriority=\"high\" height=\"1080\" loading=\"eager\" src=\"https:\/\/www.europesays.com\/es\/wp-content\/uploads\/2025\/09\/VRE3L7EUTJCFHGPPICUX3QMAPE.jpg\" width=\"1920\"\/>Jon Bon Jovi habl\u00f3 sobre su experiencia de convertirse en abuelo por primera vez tras la boda de Jake Bongiovi y Millie Bobby Brown. (Cr\u00e9ditos: REUTERS. Europa Press)<\/p>\n<p class=\"paragraph\">A sus 63 a\u00f1os, <b>Jon Bon Jovi <\/b>se ha convertido en abuelo por primera vez, luego de que su hijo <b>Jake Bongiovi<\/b> y su esposa, la actriz <b>Millie Bobby Brown<\/b>, adoptaran una ni\u00f1a este verano.<\/p>\n<p class=\"paragraph\">\u201cEs una locura, pero maravilloso. Incre\u00edble. Adoptaron una ni\u00f1a, <b>conocimos al beb\u00e9, obviamente, y en cuanto la ves, se convierte en tu nieta. Es tu beb\u00e9<\/b>\u201d, dijo Bon Jovi durante una entrevista reciente con Bunnie XO publicada en TikTok.<\/p>\n<p class=\"paragraph\">Asimismo, el cantante de \u201cLivin\u2019 on a Prayer\u201d no ocult\u00f3 su entusiasmo por esta nueva etapa como abuelo. \u201cQuiero ver fotos casi todos los d\u00edas.<b> Ya soy ese tipo molesto que siempre est\u00e1 pidiendo actualizaciones<\/b>, pero s\u00ed, es genial\u201d, confes\u00f3.<\/p>\n<p><img alt=\"Jon Bon Jovi asever\u00f3 que\" class=\"global-image\" decoding=\"async\" fetchpriority=\"low\" height=\"3551\" loading=\"lazy\" src=\"https:\/\/www.europesays.com\/es\/wp-content\/uploads\/2025\/09\/QIPHD73ZYZB2JAKVRP76N34UJI.JPG\" width=\"4879\"\/>Jon Bon Jovi asever\u00f3 que seimpre estp\u00e1 pidiendo fotos de su nieta. (REUTERS\/Eduardo Munoz)<\/p>\n<p class=\"paragraph\">Durante la entrevista, tambi\u00e9n habl\u00f3 sobre el matrimonio de Jake y Millie, defendiendo su decisi\u00f3n de casarse j\u00f3venes. La pareja contrajo matrimonio en mayo de 2024 en una ceremonia \u00edntima y posteriormente celebraron una boda m\u00e1s lujosa en Italia cinco meses despu\u00e9s.<\/p>\n<p class=\"paragraph\">\u201cEllos son maduros para su edad, lo entendimos desde el principio. As\u00ed que les dimos nuestra bendici\u00f3n. Millie viene de una familia cuyos padres siguen juntos y se casaron muy j\u00f3venes tambi\u00e9n. Ellos dos <b>se enamoraron y pensamos: \u2018Est\u00e1 bien, los apoyamos\u2019. Y est\u00e1 funcionando<\/b>\u201d, explic\u00f3.<\/p>\n<p class=\"paragraph\">Para <b>Jon Bon Jovi,<\/b> todo esto no solo es motivo de orgullo, sino tambi\u00e9n una nueva oportunidad de disfrutar la vida familiar desde otra perspectiva. \u201cEs hermoso. <b>Ser abuelo te cambia<\/b>\u201d, asegur\u00f3.<\/p>\n<p><img alt=\"Jon Bon Jovi asegur\u00f3 que\" class=\"global-image\" decoding=\"async\" fetchpriority=\"low\" height=\"1080\" loading=\"lazy\" src=\"https:\/\/www.europesays.com\/es\/wp-content\/uploads\/2025\/09\/XIPJFHQNQVDJZKUM4PNF3WIRDA.jpg\" width=\"1980\"\/>Jon Bon Jovi asegur\u00f3 que siempre apoy\u00f3 que su hijo y Millie Bobby Brown se casaran j\u00f3venes. (Cr\u00e9ditos: Drew Gurian\/Invision\/AP\/Instagram)<\/p>\n<p class=\"paragraph\">La pareja, que ha mantenido en gran parte su vida familiar fuera del ojo p\u00fablico, sorprendi\u00f3 a sus seguidores el pasado mes al anunciar la llegada de su primera hija a trav\u00e9s de la adopci\u00f3n. <\/p>\n<p class=\"paragraph\">\u201cEste verano le dimos la bienvenida a nuestra dulce ni\u00f1a mediante la adopci\u00f3n. Estamos m\u00e1s que emocionados de comenzar este hermoso nuevo cap\u00edtulo de la paternidad en paz y privacidad\u201d, compartieron en una publicaci\u00f3n conjunta en Instagram.<\/p>\n<p class=\"paragraph\"><b>Millie Bobby Brown,<\/b> conocida mundialmente por su papel de Eleven en Stranger Things, cumpli\u00f3 21 a\u00f1os recientemente. Pese a su juventud, ha dejado claro que siempre so\u00f1\u00f3 con formar una familia a temprana edad. <\/p>\n<p class=\"paragraph\">Una fuente cercana coment\u00f3 a Page Six que la actriz est\u00e1 completamente segura de sus decisiones: \u201c<b>Es demasiado segura de s\u00ed misma <\/b>como para dejarse afectar. No le importa lo que digan. \u00bfPor qu\u00e9 deber\u00eda?\u201d, expres\u00f3 el informante.<\/p>\n<p><img alt=\"Millie Bobby Brown nunca se\" class=\"global-image\" decoding=\"async\" fetchpriority=\"low\" height=\"3640\" loading=\"lazy\" src=\"https:\/\/www.europesays.com\/es\/wp-content\/uploads\/2025\/09\/X7FQDHXUKJHFLJHSA7EGG6L5E4.jpg\" width=\"5460\"\/>Millie Bobby Brown nunca se preocup\u00f3 por las cr\u00edticas hacia su matrimonio con Jake Bongiovi. (Foto: Jordan Strauss\/Invision\/AP)<\/p>\n<p class=\"paragraph\">La pareja tambi\u00e9n celebr\u00f3 su primer aniversario de bodas este 21 de septiembre. La actriz comparti\u00f3 una emotiva fotograf\u00eda en blanco y negro abrazando a su esposo en su gran d\u00eda, junto al mensaje: \u201c1 a\u00f1o casados. Amo ser tu esposa\u201d.<\/p>\n<p class=\"paragraph\">Por su parte, <b>Jake Bongiovi <\/b>tambi\u00e9n public\u00f3 una imagen conmemorativa del evento y escribi\u00f3: \u201cUn a\u00f1o en los libros, muchos m\u00e1s por venir. Te amo tanto, mi hermosa esposa. Feliz aniversario\u201d.<\/p>\n","protected":false},"excerpt":{"rendered":"Jon Bon Jovi habl\u00f3 sobre su experiencia de convertirse en abuelo por primera vez tras la boda de&hellip;\n","protected":false},"author":2,"featured_media":131632,"comment_status":"","ping_status":"","sticky":false,"template":"","format":"standard","meta":{"footnotes":""},"categories":[170],"tags":[3118,146,147,25,24,184,185,3120,3119,23,3020,326,5512],"class_list":{"0":"post-131631","1":"post","2":"type-post","3":"status-publish","4":"format-standard","5":"has-post-thumbnail","7":"category-musica","8":"tag-arts-culture-entertainment","9":"tag-entertainment","10":"tag-entretenimiento","11":"tag-es","12":"tag-espana","13":"tag-music","14":"tag-musica","15":"tag-new-york","16":"tag-north-america","17":"tag-spain","18":"tag-sport","19":"tag-tennis","20":"tag-tensid"},"share_on_mastodon":{"url":"","error":""},"_links":{"self":[{"href":"https:\/\/www.europesays.com\/es\/wp-json\/wp\/v2\/posts\/131631","targetHints":{"allow":["GET"]}}],"collection":[{"href":"https:\/\/www.europesays.com\/es\/wp-json\/wp\/v2\/posts"}],"about":[{"href":"https:\/\/www.europesays.com\/es\/wp-json\/wp\/v2\/types\/post"}],"author":[{"embeddable":true,"href":"https:\/\/www.europesays.com\/es\/wp-json\/wp\/v2\/users\/2"}],"replies":[{"embeddable":true,"href":"https:\/\/www.europesays.com\/es\/wp-json\/wp\/v2\/comments?post=131631"}],"version-history":[{"count":0,"href":"https:\/\/www.europesays.com\/es\/wp-json\/wp\/v2\/posts\/131631\/revisions"}],"wp:featuredmedia":[{"embeddable":true,"href":"https:\/\/www.europesays.com\/es\/wp-json\/wp\/v2\/media\/131632"}],"wp:attachment":[{"href":"https:\/\/www.europesays.com\/es\/wp-json\/wp\/v2\/media?parent=131631"}],"wp:term":[{"taxonomy":"category","embeddable":true,"href":"https:\/\/www.europesays.com\/es\/wp-json\/wp\/v2\/categories?post=131631"},{"taxonomy":"post_tag","embeddable":true,"href":"https:\/\/www.europesays.com\/es\/wp-json\/wp\/v2\/tags?post=131631"}],"curies":[{"name":"wp","href":"https:\/\/api.w.org\/{rel}","templated":true}]}}