{"id":131639,"date":"2025-09-22T11:29:08","date_gmt":"2025-09-22T11:29:08","guid":{"rendered":"https:\/\/www.europesays.com\/es\/131639\/"},"modified":"2025-09-22T11:29:08","modified_gmt":"2025-09-22T11:29:08","slug":"el-prado-presta-parte-del-tesoro-del-delfin-a-versalles","status":"publish","type":"post","link":"https:\/\/www.europesays.com\/es\/131639\/","title":{"rendered":"El Prado presta parte del Tesoro del Delf\u00edn a Versalles"},"content":{"rendered":"<p>\u00ab<strong>Hijo de rey, padre de rey, nunca rey<\/strong>\u00ab, con esas palabras Saint-Simon resumi\u00f3 el destino de <strong>Luis de Francia<\/strong>. Hijo de Luis XIV, alteza real desde la cuna, educado para reinar, cuya muerte a los 49 a\u00f1os, impidi\u00f3 que sucediera a su padre, el Rey Sol, en el trono franc\u00e9s.<\/p>\n<p>El <strong>Gran Delf\u00edn<\/strong> y su hijo mayor, el Peque\u00f1o Delf\u00edn, su heredero, nunca llegaron a ce\u00f1irse la corona M\u00e1s suerte tuvo <strong>su segundo hijo<\/strong>, Felipe, duque de Anjou, que subi\u00f3 al trono espa\u00f1ol como <strong>Felipe V<\/strong> e inaugur\u00f3 la dinast\u00eda de los Borbones. El monarca actual, Felipe VI, es el noveno soberano reinante de la familia.<\/p>\n<p>El Palacio de Versalles organiza la exposici\u00f3n Le Grand Dauphin, del 14 de octubre al 15 de febrero de 2026. Una muestra con <strong>250 obras<\/strong> en la que colabora el Museo del Prado con el pr\u00e9stamo de varias <strong>piezas del Tesoro del Delf\u00edn y cuatro retratos <\/strong>de la familia Borb\u00f3n.<\/p>\n<p>En el Museo de Ciencias Naturales<\/p>\n<p>El Tesoro del Delf\u00edn form\u00f3 durante a\u00f1os <a href=\"https:\/\/www.rtve.es\/noticias\/20250518\/museo-mas-antiguo-espana-ciencias-naturales\/16582981.shtml\" rel=\"nofollow noopener\" target=\"_blank\">parte de las colecciones del Museo de Ciencias Naturales<\/a> porque m\u00e1s que el valor art\u00edstico de sus piezas, el rey las deposit\u00f3 para el <strong>estudio de sus materiales, piedras preciosas, plata, oro y maderas ex\u00f3ticas<\/strong>.<\/p>\n<p>Bandeja oval de heliotropo con ret\u00edcula octogonal, c. 1610, del Tesoro del Delf\u00edn.\u00a0MUSEO DEL PRADO<\/p>\n<p>Estas obras suntuarias reflejan el gusto refinado y el coleccionismo de lujo del Delf\u00edn, que reuni\u00f3<strong> objetos \u00fanicos<\/strong> de cristal de roca, jade, lapisl\u00e1zuli y metales preciosos.<\/p>\n<p>Retratos de los Borbones<\/p>\n<p>La pinacoteca madrile\u00f1a presta <strong>cuatro retratos<\/strong>: Luis de Francia, el Gran Delf\u00edn de Jean Nocret, restaurado especialmente para la exposici\u00f3n (encabeza esta noticia). Del mismo autor, tambi\u00e9n se ha dejado un \u00f3leo que representa al Delf\u00edn en su bautismo, junto a Mar\u00eda Teresa de Francia.<\/p>\n<p>&#8216;Mar\u00eda Teresa de Austria. reina de Francia, con su hijo, el Gran Delf\u00edn, Luis de Borb\u00f3n&#8217; de los Beaubrun.\u00a0MUSEO DEL PRADO<\/p>\n<p>Completan el env\u00edo La reina Mar\u00eda Teresa de Austria y el Gran Delf\u00edn de Francia y Luis de Francia, el Gran Delf\u00edn, padre de Felipe V, ambos de<strong> Charles y Henri Beaubrun<\/strong>. <\/p>\n<p>Estos retratos representan un cap\u00edtulo esencial de la <strong>memoria din\u00e1stica<\/strong> de los Borbones y apenas tienen correspondencia en Francia, lo que confiere al pr\u00e9stamo un car\u00e1cter especialmente significativo. <\/p>\n<p>Vaso oriental de jade con pie de plata dorada Taller de la Dinast\u00eda Ching (s.XVII).\u00a0MUSEO DEL PRADO<\/p>\n<p>Entre las piezas del Tesoro del Delf\u00edn que viajar\u00e1n al Palacio de Versalles, se encuentra el Vaso oriental de jade con pie de plata dorada (siglo XVII), la Bandeja oval de heliotropo con ret\u00edcula octogonal (ver arriba) y el Jarro de pico de heliotropo del <strong>taller de los Miseroni<\/strong>.<\/p>\n<p>Piezas \u00fanicas<\/p>\n<p>El pr\u00e9stamo del Prado incluye varios <strong>estuches originales<\/strong> que constituyen un ejemplo \u00fanico en el mundo. <\/p>\n<p>Estuche para taza de lapisl\u00e1zuli con dragones y ni\u00f1o, siglo XVII. Museo del Prado.\u00a0Jos\u00e9 Baztan Lacasa<\/p>\n<p>El Prado, que conserva la colecci\u00f3n m\u00e1s relevante de su Tesoro, contribuye con este pr\u00e9stamo a contextualizar y dar a conocer uno de los conjuntos m\u00e1s singulares de Europa. El Palacio de Versalles pone de relieve que muchas de las piezas <strong>se exponen por primera vez<\/strong>.<\/p>\n<p>La muestra monogr\u00e1fica plantea redescubrir la figura de Luis de Francia, a trav\u00e9s de su faceta como coleccionista y mecenas. El recorrido expositivo se articula en torno a tres \u00e1mbitos: su <strong>educaci\u00f3n<\/strong> como pr\u00edncipe heredero, su <strong>vida en la corte<\/strong> de Versalles y su papel en los <strong>asuntos de Estado<\/strong>.<\/p>\n<p>Comisariada por <strong>Lionel Arsac<\/strong>, conservador del patrimonio del Palacio de Versalles, El Gran Delf\u00edn se puede visitar en las salas de exposici\u00f3n del ala norte del 14 de octubre al 15 de febrero de 2026.<\/p>\n","protected":false},"excerpt":{"rendered":"\u00abHijo de rey, padre de rey, nunca rey\u00ab, con esas palabras Saint-Simon resumi\u00f3 el destino de Luis de&hellip;\n","protected":false},"author":2,"featured_media":131640,"comment_status":"","ping_status":"","sticky":false,"template":"","format":"standard","meta":{"footnotes":""},"categories":[91],"tags":[146,147,25,24,23],"class_list":{"0":"post-131639","1":"post","2":"type-post","3":"status-publish","4":"format-standard","5":"has-post-thumbnail","7":"category-entretenimiento","8":"tag-entertainment","9":"tag-entretenimiento","10":"tag-es","11":"tag-espana","12":"tag-spain"},"share_on_mastodon":{"url":"","error":""},"_links":{"self":[{"href":"https:\/\/www.europesays.com\/es\/wp-json\/wp\/v2\/posts\/131639","targetHints":{"allow":["GET"]}}],"collection":[{"href":"https:\/\/www.europesays.com\/es\/wp-json\/wp\/v2\/posts"}],"about":[{"href":"https:\/\/www.europesays.com\/es\/wp-json\/wp\/v2\/types\/post"}],"author":[{"embeddable":true,"href":"https:\/\/www.europesays.com\/es\/wp-json\/wp\/v2\/users\/2"}],"replies":[{"embeddable":true,"href":"https:\/\/www.europesays.com\/es\/wp-json\/wp\/v2\/comments?post=131639"}],"version-history":[{"count":0,"href":"https:\/\/www.europesays.com\/es\/wp-json\/wp\/v2\/posts\/131639\/revisions"}],"wp:featuredmedia":[{"embeddable":true,"href":"https:\/\/www.europesays.com\/es\/wp-json\/wp\/v2\/media\/131640"}],"wp:attachment":[{"href":"https:\/\/www.europesays.com\/es\/wp-json\/wp\/v2\/media?parent=131639"}],"wp:term":[{"taxonomy":"category","embeddable":true,"href":"https:\/\/www.europesays.com\/es\/wp-json\/wp\/v2\/categories?post=131639"},{"taxonomy":"post_tag","embeddable":true,"href":"https:\/\/www.europesays.com\/es\/wp-json\/wp\/v2\/tags?post=131639"}],"curies":[{"name":"wp","href":"https:\/\/api.w.org\/{rel}","templated":true}]}}