{"id":131651,"date":"2025-09-22T11:35:20","date_gmt":"2025-09-22T11:35:20","guid":{"rendered":"https:\/\/www.europesays.com\/es\/131651\/"},"modified":"2025-09-22T11:35:20","modified_gmt":"2025-09-22T11:35:20","slug":"urdangarin-lidera-el-ciclon-granollers-ante-el-ademar","status":"publish","type":"post","link":"https:\/\/www.europesays.com\/es\/131651\/","title":{"rendered":"Urdangarin lidera el cicl\u00f3n Granollers ante el Ademar"},"content":{"rendered":"<p>                                    <img decoding=\"async\" loading=\"lazy\" src=\"https:\/\/www.europesays.com\/es\/wp-content\/uploads\/2025\/09\/65f85879beb73.jpeg\" alt=\"Pablo Rioja\" width=\"40\" height=\"40\" data-full-src=\"https:\/\/www.europesays.com\/es\/wp-content\/uploads\/2025\/09\/65f85879beb73.jpeg\"\/><\/p>\n<p class=\"paragraph\">Los dos inicios de cada tiempo condenaron al Abanca Ademar a una derrota (36-39) que evidencia lo lejos que est\u00e1n a\u00fan de su mejor versi\u00f3n y de su rival, el Granollers, que liderado por Pablo Urdangarin pas\u00f3 como un cicl\u00f3n por el Palacio, sobre todo en los primeros treinta minutos. Ah\u00ed, los de Antonio Rama se mostraron implacables en ambas facetas -ofensiva y defensiva- castigando la debilidad leonesa. No es excusa -o quiz\u00e1 s\u00ed- pero sin Lindqvist ni Lodos se va a hacer larga la reconstrucci\u00f3n de una defensa poco fiable. Tampoco aportaron los guardametas a la causa, mal d\u00eda de Saeid y \u00c1lvaro, as\u00ed que de nada sirvi\u00f3 la reacci\u00f3n tard\u00eda de los minutos finales donde Gonzalo P\u00e9rez, el mejor de Ademar, pudo poner a los suyos solo dos abajo.<\/p>\n<p class=\"paragraph\">Pablo Urdangarin acapar\u00f3 todas las miradas, sobre todo la de su padre, I\u00f1aki Urdangarin, que regres\u00f3 al Palacio de Deportes de Le\u00f3n para seguir un encuentro intenso entre dos gallitos que quieren estar arriba un a\u00f1o m\u00e1s. El extremo, con el 77 a la espalda, provoc\u00f3 un siete metros inicial y justo despu\u00e9s, jugando por dentro ayudaba a colocar el 1-3. Gonzalo P\u00e9rez, por su parte, arranc\u00f3 desde el banquillo, aunque hizo el 3-4 desde la l\u00ednea de penalti. Renqueante inicio de los de Gordo, muy superados por la fluidez del juego catal\u00e1n (4-6, minuto 9).<\/p>\n<p class=\"paragraph\">Granollers mov\u00eda bien el bal\u00f3n en ataque y atr\u00e1s plante\u00f3 un sistema defensivo f\u00e9rreo que ahogaba las intentonas ademaristas de penetrar por el centro. Y los extremos, sin contragolpes apenas hac\u00edan da\u00f1o.<\/p>\n<p class=\"paragraph\">Gordo tuvo que frenar el encuentro y cambiar pr\u00e1cticamente a todo su equipo titular. No sal\u00eda nada y el plan b entr\u00f3 en escena con 5-10 en el marcador y la sensaci\u00f3n de que los catalanes estaban dos marchas por encima.<\/p>\n<p class=\"paragraph\">Los hermanos P\u00e9rez Arce se echaron el equipo a la espalda m\u00e1s por pundonor que otra cosa. El Ademar ten\u00eda un serio problema en los extremos a la hora de defender. Granollers encontr\u00f3 un fil\u00f3n por ah\u00ed (8-13, minuto 19).<\/p>\n<p class=\"paragraph\">El Ademar estaba superado. Ning\u00fan remedio surt\u00eda efecto desde el banquillo. Ni tiro exterior, ni conexi\u00f3n con el pivote, ni penetraciones claras&#8230; S\u00f3lo alguna jugada aislada permit\u00eda anotar a los leoneses que, para colmo, tampoco aprovechaban sus ocasiones m\u00e1s propicias (10-16, minuto 23).<\/p>\n<p class=\"paragraph\">Cuando el Ademar lograba imprimirle velocidad a su juego las fuerzas se equilibraban y Mi\u00f1ambres, Edu y Sergio recortaron un preocupante +7 hasta dejarlo en un 16-20 al descanso que permit\u00eda a los de Gordo seguir vivos.<\/p>\n<p class=\"paragraph\">Otra vez los fallos en el \u00faltimo pase y la floja defensa colectiva del Ademar castigaron el inicio del segundo acto y no, tampoco la porter\u00eda funcionaba. Mala salida a pista de los leoneses y Granollers, sin grandes alardes, de nuevo se fue con una m\u00e1xima de +8 dif\u00edcil ya de alcanzar. El equipo de Gordo baj\u00f3 los brazos excesivamente pronto (19-27, minuto 36).<\/p>\n<p class=\"paragraph\">La anarqu\u00eda tom\u00f3 el control de un Ademar desbordado, falto de f\u00edsico e ideas. Solo la veteran\u00eda de Gonzalo, empe\u00f1ado en que sus compa\u00f1eros se pusieran a correr, romp\u00eda la firmeza defensiva de Granollers, pero claro, esos eran acciones aisladas.<\/p>\n<p class=\"paragraph\">Wasiak y Mi\u00f1ambres se contagiaron de ese \u00edmpetu marista de Gonzalo y sus chispazos ayudaron a mejorar la imagen del equipo. Sin embargo, atr\u00e1s ni hubo defensa ni se la esper\u00f3 y Granollers estaba muy c\u00f3modo con la renta de +5.<\/p>\n<p class=\"paragraph\">Pero ojo que en el 48 de encuentro el Ademar despertaba. Se puso a tres y al menos la actitud parec\u00eda otra. Poco m\u00e1s, porque Granollers volvi\u00f3 a subir el nivel y dejando una vez en evidencia la falta de poder\u00edo del sistema defensivo local (29-34). Insuficiente reacci\u00f3n ademarista y primera derrota en Liga.<\/p>\n","protected":false},"excerpt":{"rendered":"Los dos inicios de cada tiempo condenaron al Abanca Ademar a una derrota (36-39) que evidencia lo lejos&hellip;\n","protected":false},"author":2,"featured_media":131652,"comment_status":"","ping_status":"","sticky":false,"template":"","format":"standard","meta":{"footnotes":""},"categories":[278],"tags":[5871,376,168,25,24,375,10215,4108,9792,23,167],"class_list":{"0":"post-131651","1":"post","2":"type-post","3":"status-publish","4":"format-standard","5":"has-post-thumbnail","7":"category-balonmano","8":"tag-ademar","9":"tag-balonmano","10":"tag-deportes","11":"tag-es","12":"tag-espana","13":"tag-handball","14":"tag-inaki-urdangarin","15":"tag-leon","16":"tag-palacio-de-los-deportes-de-leon","17":"tag-spain","18":"tag-sports"},"share_on_mastodon":{"url":"","error":""},"_links":{"self":[{"href":"https:\/\/www.europesays.com\/es\/wp-json\/wp\/v2\/posts\/131651","targetHints":{"allow":["GET"]}}],"collection":[{"href":"https:\/\/www.europesays.com\/es\/wp-json\/wp\/v2\/posts"}],"about":[{"href":"https:\/\/www.europesays.com\/es\/wp-json\/wp\/v2\/types\/post"}],"author":[{"embeddable":true,"href":"https:\/\/www.europesays.com\/es\/wp-json\/wp\/v2\/users\/2"}],"replies":[{"embeddable":true,"href":"https:\/\/www.europesays.com\/es\/wp-json\/wp\/v2\/comments?post=131651"}],"version-history":[{"count":0,"href":"https:\/\/www.europesays.com\/es\/wp-json\/wp\/v2\/posts\/131651\/revisions"}],"wp:featuredmedia":[{"embeddable":true,"href":"https:\/\/www.europesays.com\/es\/wp-json\/wp\/v2\/media\/131652"}],"wp:attachment":[{"href":"https:\/\/www.europesays.com\/es\/wp-json\/wp\/v2\/media?parent=131651"}],"wp:term":[{"taxonomy":"category","embeddable":true,"href":"https:\/\/www.europesays.com\/es\/wp-json\/wp\/v2\/categories?post=131651"},{"taxonomy":"post_tag","embeddable":true,"href":"https:\/\/www.europesays.com\/es\/wp-json\/wp\/v2\/tags?post=131651"}],"curies":[{"name":"wp","href":"https:\/\/api.w.org\/{rel}","templated":true}]}}