{"id":131655,"date":"2025-09-22T11:37:10","date_gmt":"2025-09-22T11:37:10","guid":{"rendered":"https:\/\/www.europesays.com\/es\/131655\/"},"modified":"2025-09-22T11:37:10","modified_gmt":"2025-09-22T11:37:10","slug":"el-irlandes-confirma-quien-sera-su-rival","status":"publish","type":"post","link":"https:\/\/www.europesays.com\/es\/131655\/","title":{"rendered":"el irland\u00e9s confirma qui\u00e9n ser\u00e1 su rival"},"content":{"rendered":"<p>Despu\u00e9s de muchos a\u00f1os de espera, <b>parece que el regreso de Conor McGregor ser\u00e1 una realidad<\/b>. Y es que tras el anuncio de la UFC acerca del evento que tendr\u00e1 lugar en <a title=\"la Casa Blanca en 2026\" href=\"https:\/\/www.larazon.es\/deportes\/dana-white-presidente-ufc-hace-oficial-evento-casa-blanca-pelea-casa-blanca-esta-marcha_2025090268b69d061b455b7567f2d4ce.html\" target=\"_blank\" rel=\"nofollow noopener\">la Casa Blanca en 2026<\/a>, el luchador irland\u00e9s parece decidido a volver de manera definitiva.<\/p>\n<p>En su caso, <b>son dos los combates que restan en su contrato<\/b>, lo que invita a pensar que podr\u00eda incluso a pelear hasta en dos ocasiones. No obstante, su pelea m\u00e1s inmediata parece quedar fijada para junio del pr\u00f3ximo a\u00f1o.<\/p>\n<p>Cuatro a\u00f1os despu\u00e9s de su \u00faltima pelea, &#8216;The Notorious&#8217; estar\u00e1 presente en la cartelera estelar de la UFC en la casa presidencial. As\u00ed lo ha asegurado el propio luchador, que adem\u00e1s ha aprovechado para confirmar qui\u00e9n ser\u00e1 su rival.<\/p>\n<p>\u00bfQui\u00e9n ser\u00e1 el rival de Conor McGregor en la Casa Blanca?<\/p>\n<p>Conor McGregor lo tiene claro. Despu\u00e9s de caer derrotado ante Dustin Poirier en julio de 2021, <b>el irland\u00e9s regresar\u00e1 a la jaula de la mayor liga de artes marciales mixtas del mundo<\/b>. En cuanto a su oponente, el propio McGregor se ha encargado de hacer oficial qui\u00e9n ser\u00e1 su &#8216;pareja de baile&#8217;.<\/p>\n<p>Durante una entrevista para Fox News, el peleador irland\u00e9s asegur\u00f3 su presencia en dicha cartelera y confirm\u00f3 que <b>Michael Chandler ser\u00e1 su oponente<\/b>. \u00abEstoy dentro. <b>Chandler y yo hemos hecho The Ultimate Fighter. Es un tipo bueno y duro. McGregor est\u00e1 emocionado de volver<\/b>\u00ab, declaraba.<\/p>\n<p>Un regreso que se ha hecho esperar<\/p>\n<p>2021 fue el \u00faltimo a\u00f1o en el que se vio a <a title=\"Conor McGregor subido al oct\u00e1gono de la UFC\" href=\"https:\/\/www.larazon.es\/deportes\/conor-mcgregor-anuncia-su-retirada-de-las-artes-marciales-mixtas-AC22575489\/\" target=\"_blank\" rel=\"nofollow noopener\">Conor McGregor subido al oct\u00e1gono de la UFC<\/a>. Desde entonces, <b>las lesiones han lastrado al irland\u00e9s<\/b>. En su \u00faltimo combate ante Dustin Poirier, Conor se fractur\u00f3 la tibia y el peron\u00e9.<\/p>\n<p>Con ello comenzaba un largo proceso de recuperaci\u00f3n, que sumado al desinter\u00e9s de Mcgregor por luchar,<b> provoc\u00f3 que su vuelta quedara fijada para junio de 2024<\/b>. El propio Chandler iba a ser su rival para el combate, pero de nuevo aparecieron las lesiones. A falta de pocas semanas para la pelea, <b>el irland\u00e9s sufri\u00f3 una lesi\u00f3n en el dedo del pie<\/b> y el enfrentamiento tuvo que cancelarse.<\/p>\n<p>Y desde entonces, se ha estado especulando con esta pelea, hasta que ha aparecido la UFC y su intenci\u00f3n de hacer historia con un evento fuera de lo com\u00fan. <b>La Casa Blanca acoger\u00e1 una velada de la UFC en sus jardines, algo que era inimaginable hace unos a\u00f1os.<\/b><\/p>\n<p>La racha de Michael Chandler<\/p>\n<p>A pesar de ser un peleador duro, <b>Michael Chandler no llega en el mejor estado de forma<\/b>. Tras estar esperando m\u00e1s de un a\u00f1o a McGregor, el estadounidense decidi\u00f3 pelear con Charles Oliveira por segunda vez en su carrera. Cay\u00f3 derrotado por decisi\u00f3n un\u00e1nime, quitando cualquier posibilidad de aspirar al t\u00edtulo.<\/p>\n<p>Ya en 2025, regres\u00f3 a la jaula para enfrentar a <a title=\"Paddy Pimblett\" href=\"https:\/\/www.larazon.es\/deportes\/paddy-pimblett-lanza-mensaje-ilia-topuria-victoria-ufc-314-encantaria-darle-bienvenida_2025041467fceae1fa7e170001bfd807.html\" target=\"_blank\" rel=\"nofollow noopener\">Paddy Pimblett<\/a>, pero el resultado fue a\u00fan peor. <b>Un KO en el tercer asalto<\/b> del ingl\u00e9s sorprendi\u00f3 a los aficionados y provoc\u00f3 el descenso en los rankings de Chandler.<\/p>\n<p>Sin embargo,<b> 2026 puede ser el a\u00f1o de redenci\u00f3n para el estadounidense<\/b>. Chandler esper\u00f3 a McGregor durante un largo tiempo tras la lesi\u00f3n, y por fin parece que tendr\u00e1 premio.<\/p>\n<p>La predicci\u00f3n de McGregor<\/p>\n<p>Tras aparecer en televisi\u00f3n confirmando la pelea, el excampe\u00f3n se ha vuelto a pronunciar, esta vez en sus redes sociales. Es usual ver al irland\u00e9s hablando a trav\u00e9s de sus cuentas oficiales, y esta vez no iba a ser menos.<\/p>\n<p>Seg\u00fan Conor, el combate finalizar\u00e1 en el primer asalto por un KO. \u00ab<b>Predicci\u00f3n de Mystic Mac: victoria de McGregor por KO en el primer asalto. Casa Blanca de la UFC<\/b>\u00ab, escrib\u00eda en X.<\/p>\n","protected":false},"excerpt":{"rendered":"Despu\u00e9s de muchos a\u00f1os de espera, parece que el regreso de Conor McGregor ser\u00e1 una realidad. Y es&hellip;\n","protected":false},"author":2,"featured_media":131656,"comment_status":"","ping_status":"","sticky":false,"template":"","format":"standard","meta":{"footnotes":""},"categories":[276],"tags":[168,25,24,23,167,343],"class_list":{"0":"post-131655","1":"post","2":"type-post","3":"status-publish","4":"format-standard","5":"has-post-thumbnail","7":"category-ufc","8":"tag-deportes","9":"tag-es","10":"tag-espana","11":"tag-spain","12":"tag-sports","13":"tag-ufc"},"share_on_mastodon":{"url":"","error":""},"_links":{"self":[{"href":"https:\/\/www.europesays.com\/es\/wp-json\/wp\/v2\/posts\/131655","targetHints":{"allow":["GET"]}}],"collection":[{"href":"https:\/\/www.europesays.com\/es\/wp-json\/wp\/v2\/posts"}],"about":[{"href":"https:\/\/www.europesays.com\/es\/wp-json\/wp\/v2\/types\/post"}],"author":[{"embeddable":true,"href":"https:\/\/www.europesays.com\/es\/wp-json\/wp\/v2\/users\/2"}],"replies":[{"embeddable":true,"href":"https:\/\/www.europesays.com\/es\/wp-json\/wp\/v2\/comments?post=131655"}],"version-history":[{"count":0,"href":"https:\/\/www.europesays.com\/es\/wp-json\/wp\/v2\/posts\/131655\/revisions"}],"wp:featuredmedia":[{"embeddable":true,"href":"https:\/\/www.europesays.com\/es\/wp-json\/wp\/v2\/media\/131656"}],"wp:attachment":[{"href":"https:\/\/www.europesays.com\/es\/wp-json\/wp\/v2\/media?parent=131655"}],"wp:term":[{"taxonomy":"category","embeddable":true,"href":"https:\/\/www.europesays.com\/es\/wp-json\/wp\/v2\/categories?post=131655"},{"taxonomy":"post_tag","embeddable":true,"href":"https:\/\/www.europesays.com\/es\/wp-json\/wp\/v2\/tags?post=131655"}],"curies":[{"name":"wp","href":"https:\/\/api.w.org\/{rel}","templated":true}]}}