{"id":131657,"date":"2025-09-22T11:39:08","date_gmt":"2025-09-22T11:39:08","guid":{"rendered":"https:\/\/www.europesays.com\/es\/131657\/"},"modified":"2025-09-22T11:39:08","modified_gmt":"2025-09-22T11:39:08","slug":"carlos-alcaraz-conoce-su-destino-en-tokio-atp-tour","status":"publish","type":"post","link":"https:\/\/www.europesays.com\/es\/131657\/","title":{"rendered":"Carlos Alcaraz conoce su destino en Tokio | ATP Tour"},"content":{"rendered":"<p>        Tokio<br \/>\n    Nuevo reto: Alcaraz conoce su destino en Tokio<\/p>\n<p>El ATP 500 japon\u00e9s tendr\u00e1 lugar del 24 al 30 de septiembre<\/p>\n<p>September 22, 2025<\/p>\n<p>            <img decoding=\"async\" src=\"https:\/\/www.europesays.com\/es\/wp-content\/uploads\/2025\/09\/alcaraz-tokyo-2025-draw.jpg\" alt=\"Carlos Alcaraz afronta su primera participaci\u00f3n en el ATP 500 de Tokio.\"\/><\/p>\n<p>Getty Images<\/p>\n<p>        Carlos Alcaraz afronta su primera participaci\u00f3n en el ATP 500 de Tokio.<br \/>\n        By Redacci\u00f3n ATP <\/p>\n<p><a href=\"https:\/\/www.atptour.com\/es\/players\/carlos-alcaraz\/a0e2\/overview\" rel=\"nofollow noopener\" target=\"_blank\">Carlos Alcaraz<\/a> medir\u00e1 a Sebasti\u00e1n B\u00e1ez para debutar en el <a href=\"https:\/\/www.atptour.com\/es\/tournaments\/tokyo\/329\/overview\" rel=\"nofollow noopener\" target=\"_blank\">Kinoshita Group Japan Open Tennis Championships<\/a>, <a rel=\"noopener noreferrer nofollow\" href=\"https:\/\/www.atptour.com\/es\/scores\/current\/tokyo\/329\/draws\" target=\"_blank\">en un cuadro conocido este lunes<\/a>.<\/p>\n<p>El espa\u00f1ol compite en el ATP 500 japon\u00e9s por primera vez y podr\u00eda cruzar con el octavo cabeza de serie <a href=\"https:\/\/www.atptour.com\/es\/players\/frances-tiafoe\/td51\/overview\" rel=\"nofollow noopener\" target=\"_blank\">Frances Tiafoe<\/a> en los cuartos de final y con el noruego <a href=\"https:\/\/www.atptour.com\/es\/players\/casper-ruud\/rh16\/overview\" rel=\"nofollow noopener\" target=\"_blank\">Casper Ruud<\/a> en las semifinales.<\/p>\n<p>Alcaraz, que domina 2-0 el Lexus ATP Head2Head ante B\u00e1ez, regres\u00f3 al No. 1 del PIF ATP Rankings este mes tras vencer a <a href=\"https:\/\/www.atptour.com\/es\/players\/jannik-sinner\/s0ag\/overview\" rel=\"nofollow noopener\" target=\"_blank\">Jannik Sinner<\/a> en la final del <a href=\"https:\/\/www.atptour.com\/es\/tournaments\/us-open\/560\/overview\" rel=\"nofollow noopener\" target=\"_blank\">US Open<\/a> para levantar su sexto trofeo de Grand Slam.<\/p>\n<p>Ruud, campe\u00f3n esta temporada en Madrid, enfrentar\u00e1 al invitado japon\u00e9s <a href=\"https:\/\/www.atptour.com\/es\/players\/shintaro-mochizuki\/m0hu\/overview\" rel=\"nofollow noopener\" target=\"_blank\">Shintaro Mochizuki<\/a> en la primera ronda, mientras que Tiafoe debutar\u00e1 ante un rival procedente de la fase previa. El estadounidense alcanz\u00f3 la final de Tokio en 2022. Tambi\u00e9n por la parte alta del cuadro, el s\u00e9ptimo favorito <a href=\"https:\/\/www.atptour.com\/es\/players\/denis-shapovalov\/su55\/overview\" rel=\"nofollow noopener\" target=\"_blank\">Denis Shapovalov<\/a>, dos veces semifinalista en Tokio, comenzar\u00e1 ante el alem\u00e1n <a href=\"https:\/\/www.atptour.com\/es\/players\/daniel-altmaier\/ae14\/overview\" rel=\"nofollow noopener\" target=\"_blank\">Daniel Altmaier<\/a>.<\/p>\n<p><a rel=\"noopener noreferrer nofollow\" href=\"https:\/\/www.atptour.com\/es\/news\/it-all-adds-up-hub\/\" target=\"_blank\"><img decoding=\"async\" alt=\"\" style=\"height:90px; width:728px;\" src=\"https:\/\/www.europesays.com\/es\/wp-content\/uploads\/2025\/09\/1757475188_604_it-all-adds-up-banner.jpg\"\/><\/a><\/p>\n<p>El segundo sembrado <a href=\"https:\/\/www.atptour.com\/es\/players\/taylor-fritz\/fb98\/overview\" rel=\"nofollow noopener\" target=\"_blank\">Taylor Fritz<\/a> levant\u00f3 el t\u00edtulo japon\u00e9s en 2022. El estadounidense medir\u00e1 al canadiense <a href=\"https:\/\/www.atptour.com\/es\/players\/gabriel-diallo\/d0f6\/overview\" rel=\"nofollow noopener\" target=\"_blank\">Gabriel Diallo<\/a> en la primera ronda y podr\u00eda cruzar con el quinto favorito <a href=\"https:\/\/www.atptour.com\/es\/players\/tomas-machac\/m0fh\/overview\" rel=\"nofollow noopener\" target=\"_blank\">Tomas Machac<\/a> en los cuartos de final. El checo iniciar\u00e1 su camino ante un rival procedente de la fase previa.<\/p>\n<p>El tercer cabeza de serie <a href=\"https:\/\/www.atptour.com\/es\/players\/holger-rune\/r0dg\/overview\" rel=\"nofollow noopener\" target=\"_blank\">Holger Rune<\/a>, potencial cruce de Fritz en semifinales, enfrentar\u00e1 a <a href=\"https:\/\/www.atptour.com\/es\/players\/hamad-medjedovic\/m0jf\/overview\" rel=\"nofollow noopener\" target=\"_blank\">Hamad Medjedovic<\/a> en la primera ronda. Rune podr\u00eda medir a <a href=\"https:\/\/www.atptour.com\/es\/players\/alex-michelsen\/m0qi\/overview\" rel=\"nofollow noopener\" target=\"_blank\">Alex Michelsen<\/a> en la segunda ronda y al sexto favorito <a href=\"https:\/\/www.atptour.com\/es\/players\/ugo-humbert\/hh26\/overview\" rel=\"nofollow noopener\" target=\"_blank\">Ugo Humbert<\/a> en los cuartos de final. El franc\u00e9s, vigente subcampe\u00f3n del torneo, debutar\u00e1 ante <a href=\"https:\/\/www.atptour.com\/es\/players\/jenson-brooksby\/b0cd\/overview\" rel=\"nofollow noopener\" target=\"_blank\">Jenson Brooksby<\/a>.<\/p>\n<p>El ATP 500 japon\u00e9s tendr\u00e1 lugar del 24 al 30 de septiembre.<\/p>\n<p>\u00a0<\/p>\n","protected":false},"excerpt":{"rendered":"Tokio Nuevo reto: Alcaraz conoce su destino en Tokio El ATP 500 japon\u00e9s tendr\u00e1 lugar del 24 al&hellip;\n","protected":false},"author":2,"featured_media":131658,"comment_status":"","ping_status":"","sticky":false,"template":"","format":"standard","meta":{"footnotes":""},"categories":[274],"tags":[168,25,24,23,167,327,326],"class_list":{"0":"post-131657","1":"post","2":"type-post","3":"status-publish","4":"format-standard","5":"has-post-thumbnail","7":"category-tenis","8":"tag-deportes","9":"tag-es","10":"tag-espana","11":"tag-spain","12":"tag-sports","13":"tag-tenis","14":"tag-tennis"},"share_on_mastodon":{"url":"","error":""},"_links":{"self":[{"href":"https:\/\/www.europesays.com\/es\/wp-json\/wp\/v2\/posts\/131657","targetHints":{"allow":["GET"]}}],"collection":[{"href":"https:\/\/www.europesays.com\/es\/wp-json\/wp\/v2\/posts"}],"about":[{"href":"https:\/\/www.europesays.com\/es\/wp-json\/wp\/v2\/types\/post"}],"author":[{"embeddable":true,"href":"https:\/\/www.europesays.com\/es\/wp-json\/wp\/v2\/users\/2"}],"replies":[{"embeddable":true,"href":"https:\/\/www.europesays.com\/es\/wp-json\/wp\/v2\/comments?post=131657"}],"version-history":[{"count":0,"href":"https:\/\/www.europesays.com\/es\/wp-json\/wp\/v2\/posts\/131657\/revisions"}],"wp:featuredmedia":[{"embeddable":true,"href":"https:\/\/www.europesays.com\/es\/wp-json\/wp\/v2\/media\/131658"}],"wp:attachment":[{"href":"https:\/\/www.europesays.com\/es\/wp-json\/wp\/v2\/media?parent=131657"}],"wp:term":[{"taxonomy":"category","embeddable":true,"href":"https:\/\/www.europesays.com\/es\/wp-json\/wp\/v2\/categories?post=131657"},{"taxonomy":"post_tag","embeddable":true,"href":"https:\/\/www.europesays.com\/es\/wp-json\/wp\/v2\/tags?post=131657"}],"curies":[{"name":"wp","href":"https:\/\/api.w.org\/{rel}","templated":true}]}}