{"id":131672,"date":"2025-09-22T11:49:08","date_gmt":"2025-09-22T11:49:08","guid":{"rendered":"https:\/\/www.europesays.com\/es\/131672\/"},"modified":"2025-09-22T11:49:08","modified_gmt":"2025-09-22T11:49:08","slug":"expediente-warren-4-supera-al-resto-de-la-saga-y-hace-historia-en-la-taquilla-con-un-presupuesto-irrisorio-vandal","status":"publish","type":"post","link":"https:\/\/www.europesays.com\/es\/131672\/","title":{"rendered":"&#039;Expediente Warren 4&#039; supera al resto de la saga y hace historia en la taquilla con un presupuesto irrisorio &#8211; Vandal"},"content":{"rendered":"<ol>\n<li><a href=\"https:\/\/news.google.com\/rss\/articles\/CBMi6AFBVV95cUxPeHlJSU1uSVo5SEJvWEV4azByd1JUMVBIZ2NDbGJESVB5VnpxZUtaTkJYazdmcngtdnFEZVpuQ202TzJFbWNzMFR0T2JEaVlONVBnNVVENDE0Z2ZGTWs4UDRmUmlXSFdoOEd1YXlFazRoZjRsam14XzV1R0ZrMW5zSU4weTZjT0NIMGRDMC1nemlyODNvcDU5ZWE1SmJZY2hRU09jMlpFQW9rN0VLRDNNNUlCNlZQWXVkRDFrYkxUaU5LYmVwTFpJOVQ3OTdjLWNhOWNhZE5CQ2JncmtCRFloLUdEeVZqU01n0gHuAUFVX3lxTE1jQ2V6WlVDYWZfXzhNYmRKcENfSkdBeXN5NkpwRnNpakNreWlKbF94b2ZLQ09GYnNKQjU4ZFdCTUlOQmZsRXQ2M09fQkpIUXZzbkN4UTRMdW5lQ0RQNjBsVm05UTQ5LWJmQnB3THVZaDZHb2lHSlJYSUtjRm80U2dINVE0SGk5dXdCVmdNUldQOFY4RDNBbzJmZjFVU2lPYlpocjhfR2lFbFJkMzh1QVdrQS1Cck1tWWw5dVF1NExfamFBSGVITEk5bnl0UmtkTlhxU3E2bzdZSGIzN1U3bnlReVgxR2ZxUG9INUN4YUE?oc=5\" target=\"_blank\" rel=\"nofollow noopener\">&#8216;Expediente Warren 4&#8217; supera al resto de la saga y hace historia en la taquilla con un presupuesto irrisorio<\/a>&nbsp;&nbsp;Vandal<\/li>\n<li><a href=\"https:\/\/news.google.com\/rss\/articles\/CBMizgFBVV95cUxOUjBPWEZEbndKSUZxVTBrejdPYU9qS0liclQ3RVRLZzNiS09XTEZNbnl3Q0JhTUhOeGJvZXB5NlNUWHEtbGFfVEZmVmd2dHFrUlVDY3NzaHo5UnJieTduU2xTQk53TmpuOGstb0N5UzBaRGlxVjZnakpNSnJwcnNIRnAtcVNpYmN3UmlvSzZMZ1lzUDIwZDhhNnFpSXpqcEI0dFc2b2I5aElyYjY0SHJzYklGcTREaURBX1pVQ3RGS2xFSlpwNmpDV25sYzBIdw?oc=5\" target=\"_blank\" rel=\"nofollow noopener\">Cr\u00edtica de &#8216;Expediente Warren: el \u00faltimo rito&#8217;: un buen cierre para la popular franquicia de pelis de terror<\/a>&nbsp;&nbsp;Andro4all<\/li>\n<li><a href=\"https:\/\/news.google.com\/rss\/articles\/CBMigwFBVV95cUxOQS0wMExsRVJGU3FmbVBSc3NTUllhay1wNFUwZ3RVekI5ZE9yZUpWZVdsbXBjZkVGNVVMRm9KZXBfQ1NLUmxRZFE4NkhUZnA4c2tXRHJ5YjEtZXdoOXhBX2l0UlJJa0x5QW91S1FNNFB0S0MwU0QzUDlIZDJQY1o3SjFHQQ?oc=5\" target=\"_blank\" rel=\"nofollow noopener\">\u2018El Conjuro 4: Los \u00daltimos Ritos\u2019 supera los 400 millones de d\u00f3lares y ya es la pel\u00edcula m\u00e1s taquillera de la franquicia<\/a>&nbsp;&nbsp;Yahoo en Espa\u00f1ol Vida y Estilo<\/li>\n<li><a href=\"https:\/\/news.google.com\/rss\/articles\/CBMikgFBVV95cUxOckFDd19zZTAycW93Y3dPRlRIY0FnWFJxbUczWk1sOVJEbUNkWG9kYjBESVdNd0dtOEE4bW1QY2dpd243N2liYUlLOGwzUG96OUVaOXVUck5jSkZrdllHZHN3YzV4WTlkVklBeThjVGVIYmxxNndjeTk2Y0F3OWtORHMyMFI1SFZGVjRRYXRfcWx1Zw?oc=5\" target=\"_blank\" rel=\"nofollow noopener\">\u00bfLos \u00faltimos rituales entran en la transmisi\u00f3n?<\/a>&nbsp;&nbsp;noticiashuesca.com<\/li>\n<li><a href=\"https:\/\/news.google.com\/rss\/articles\/CBMixAFBVV95cUxOc0RtclFPMlprYmNPbGpQcVNEMnpJaUJKTk9ZS1o0VTRtTzctYzVVWktYcnJHNEtjRXJBTkIyU2poTFhvdUJvdTVLTEF4VGlETHhEM0kzRTQxTE1tYk1HNWVRNzBEMzhXQ2ZNRm9EaWVKUFBEUnY3MzJndExhSzFLcnVRbkMzQ0oxZlZlS25fVmp0Rlc5ejhrcjIxRXJNUEFIM2xBcDlpSHlNNUMtSlp3VEZFZjJ6NTNyMmhHRVdBam1zUW1w?oc=5\" target=\"_blank\" rel=\"nofollow noopener\">&#8216;El Conjuro: los \u00faltimos ritos&#8217;&#8230; No ser\u00e1 la conclusi\u00f3n \u00e9pica que algunos esperaban, pero s\u00ed un final decente<\/a>&nbsp;&nbsp;El Observador CR<\/li>\n<\/ol>\n","protected":false},"excerpt":{"rendered":"&#8216;Expediente Warren 4&#8217; supera al resto de la saga y hace historia en la taquilla con un presupuesto&hellip;\n","protected":false},"author":2,"featured_media":131673,"comment_status":"","ping_status":"","sticky":false,"template":"","format":"standard","meta":{"footnotes":""},"categories":[169],"tags":[177,146,147,25,24,2065,176,175,23],"class_list":{"0":"post-131672","1":"post","2":"type-post","3":"status-publish","4":"format-standard","5":"has-post-thumbnail","7":"category-cine","8":"tag-cine","9":"tag-entertainment","10":"tag-entretenimiento","11":"tag-es","12":"tag-espana","13":"tag-faltan-tags","14":"tag-film","15":"tag-movies","16":"tag-spain"},"share_on_mastodon":{"url":"","error":""},"_links":{"self":[{"href":"https:\/\/www.europesays.com\/es\/wp-json\/wp\/v2\/posts\/131672","targetHints":{"allow":["GET"]}}],"collection":[{"href":"https:\/\/www.europesays.com\/es\/wp-json\/wp\/v2\/posts"}],"about":[{"href":"https:\/\/www.europesays.com\/es\/wp-json\/wp\/v2\/types\/post"}],"author":[{"embeddable":true,"href":"https:\/\/www.europesays.com\/es\/wp-json\/wp\/v2\/users\/2"}],"replies":[{"embeddable":true,"href":"https:\/\/www.europesays.com\/es\/wp-json\/wp\/v2\/comments?post=131672"}],"version-history":[{"count":0,"href":"https:\/\/www.europesays.com\/es\/wp-json\/wp\/v2\/posts\/131672\/revisions"}],"wp:featuredmedia":[{"embeddable":true,"href":"https:\/\/www.europesays.com\/es\/wp-json\/wp\/v2\/media\/131673"}],"wp:attachment":[{"href":"https:\/\/www.europesays.com\/es\/wp-json\/wp\/v2\/media?parent=131672"}],"wp:term":[{"taxonomy":"category","embeddable":true,"href":"https:\/\/www.europesays.com\/es\/wp-json\/wp\/v2\/categories?post=131672"},{"taxonomy":"post_tag","embeddable":true,"href":"https:\/\/www.europesays.com\/es\/wp-json\/wp\/v2\/tags?post=131672"}],"curies":[{"name":"wp","href":"https:\/\/api.w.org\/{rel}","templated":true}]}}