{"id":131678,"date":"2025-09-22T11:52:10","date_gmt":"2025-09-22T11:52:10","guid":{"rendered":"https:\/\/www.europesays.com\/es\/131678\/"},"modified":"2025-09-22T11:52:10","modified_gmt":"2025-09-22T11:52:10","slug":"guillermo-decimo-se-alza-con-el-mercedes-benz-fashion-talent-en-su-26a-edicion","status":"publish","type":"post","link":"https:\/\/www.europesays.com\/es\/131678\/","title":{"rendered":"Guillermo D\u00e9cimo se alza con el Mercedes-Benz Fashion Talent en su 26\u00aa edici\u00f3n"},"content":{"rendered":"<p>\n                                    <b>Publicado el<\/b><br \/>\n                                    <\/p>\n<p>                                        22 de septiembre de 2025<\/p>\n<p class=\"article-content col-md-8 offset-md-1\">\n                                El dise\u00f1o emergente vuelve a cobrar protagonismo en la pasarela madrile\u00f1a. Guillermo D\u00e9cimo ha sido reconocido con el premio Mercedes-Benz Fashion Talent en su 26\u00aa edici\u00f3n, galard\u00f3n que distingue al mejor creador novel en el marco de la MBFWMadrid. La cita, celebrada del 17 al 21 de septiembre en <a class=\"fnwAddLinks\" href=\"https:\/\/es.fashionnetwork.com\/tags-ifema\" title=\"Ifema\" rel=\"nofollow noopener\" target=\"_blank\">Ifema<\/a> Madrid, cerr\u00f3 la edici\u00f3n de su 40\u00ba aniversario con la entrega del premio.<\/p>\n<p><img decoding=\"async\" class=\"news-image\" style=\"width:100%;\" src=\"https:\/\/www.europesays.com\/es\/wp-content\/uploads\/2025\/09\/cb4d.jpg\" alt=\"El dise\u00f1ador burgal\u00e9s Guillermo D\u00e9cimo ha sido el vencedor en la 26\u00aa edici\u00f3n del Mercedes-Benz Fashion Talent\" loading=\"lazy\"\/>El dise\u00f1ador burgal\u00e9s Guillermo D\u00e9cimo ha sido el vencedor en la 26\u00aa edici\u00f3n del Mercedes-Benz Fashion Talent &#8211; MBFWMadrid<\/p>\n<p>El dise\u00f1ador burgal\u00e9s se impuso con \u201cIn Tempo\u201d, una colecci\u00f3n compuesta por 18 looks que reivindican la costura como una partitura interpretada a su justa medida. Con una narrativa centrada en el valor del tiempo, la tradici\u00f3n y la artesan\u00eda, D\u00e9cimo propone una lectura atemporal de la alta costura, en la que cada prenda es presentada como un lienzo cargado de historia, tanto en su interior como en su exterior.<\/p>\n<p>El creador fue seleccionado por un jurado compuesto por figuras clave de la moda y la comunicaci\u00f3n como la supermodelo y empresaria Valeria Mazza, el dise\u00f1ador Baro Lucas, Ana Garc\u00eda-Si\u00f1eriz, directora global de <a class=\"fnwAddLinks\" href=\"https:\/\/es.fashionnetwork.com\/tags-vogue\" title=\"Vogue\" rel=\"nofollow noopener\" target=\"_blank\">Vogue<\/a> College of Fashion; el estilista Arturo Arg\u00fcelles y Patricia Sancho Ortega, fundadora de Atenea Consultancy. Tambi\u00e9n formaron parte del comit\u00e9 Rub\u00e9n G\u00f3mez, experto en \u00abscouting\u00bb y asesor de marcas emergentes, y Asier Labarga, director de Mercedes-Benz Fashion Week Madrid.<\/p>\n<p class=\"col-md-8 offset-md-1 article-content--texte\">D\u00e9cimo logr\u00f3 destacar entre un total de nueve candidatos seleccionados para esta edici\u00f3n, incluyendo a Antonio Acuario, Antonio Del Canto, Asier Quintana, Dimoni Studio, Skinsfromtheinsideofmymouth, SLV FRR y Studio Cumbre o Emeerree. Todos ellos presentaron sus propuestas sobre la pasarela en la jornada dedicada a los nuevos talentos.<\/p>\n<p>El broche final lo puso la firma internacional invitada Ale\u0161 Hnatek, procedente de la Mercedes-Benz Prague Fashion Week. El dise\u00f1ador checo present\u00f3 \u201cWardrobe 3\u201d, una colecci\u00f3n centrada en la sostenibilidad y la artesan\u00eda, con piezas elaboradas a partir de materiales recuperados de talleres textiles y tapicer\u00edas de sof\u00e1s antiguos. Una propuesta que refleja el compromiso de la marca con un dise\u00f1o responsable y duradero.\n                            <\/p>\n<p>\n                                Copyright \u00a9 2025 FashionNetwork.com Todos los derechos reservados.\n                            <\/p>\n","protected":false},"excerpt":{"rendered":"Publicado el 22 de septiembre de 2025 El dise\u00f1o emergente vuelve a cobrar protagonismo en la pasarela madrile\u00f1a.&hellip;\n","protected":false},"author":2,"featured_media":131679,"comment_status":"","ping_status":"","sticky":false,"template":"","format":"standard","meta":{"footnotes":""},"categories":[91],"tags":[42130,3451,5509,146,147,25,24,3100,1531,1023,22595,16600,35618,23,3902,32810],"class_list":{"0":"post-131678","1":"post","2":"type-post","3":"status-publish","4":"format-standard","5":"has-post-thumbnail","7":"category-entretenimiento","8":"tag-armancio-ortega","9":"tag-belleza","10":"tag-empleo","11":"tag-entertainment","12":"tag-entretenimiento","13":"tag-es","14":"tag-espana","15":"tag-ifema","16":"tag-lujo","17":"tag-moda","18":"tag-perfume","19":"tag-profesionales","20":"tag-red-de-contactos","21":"tag-spain","22":"tag-textil","23":"tag-vogue"},"share_on_mastodon":{"url":"","error":""},"_links":{"self":[{"href":"https:\/\/www.europesays.com\/es\/wp-json\/wp\/v2\/posts\/131678","targetHints":{"allow":["GET"]}}],"collection":[{"href":"https:\/\/www.europesays.com\/es\/wp-json\/wp\/v2\/posts"}],"about":[{"href":"https:\/\/www.europesays.com\/es\/wp-json\/wp\/v2\/types\/post"}],"author":[{"embeddable":true,"href":"https:\/\/www.europesays.com\/es\/wp-json\/wp\/v2\/users\/2"}],"replies":[{"embeddable":true,"href":"https:\/\/www.europesays.com\/es\/wp-json\/wp\/v2\/comments?post=131678"}],"version-history":[{"count":0,"href":"https:\/\/www.europesays.com\/es\/wp-json\/wp\/v2\/posts\/131678\/revisions"}],"wp:featuredmedia":[{"embeddable":true,"href":"https:\/\/www.europesays.com\/es\/wp-json\/wp\/v2\/media\/131679"}],"wp:attachment":[{"href":"https:\/\/www.europesays.com\/es\/wp-json\/wp\/v2\/media?parent=131678"}],"wp:term":[{"taxonomy":"category","embeddable":true,"href":"https:\/\/www.europesays.com\/es\/wp-json\/wp\/v2\/categories?post=131678"},{"taxonomy":"post_tag","embeddable":true,"href":"https:\/\/www.europesays.com\/es\/wp-json\/wp\/v2\/tags?post=131678"}],"curies":[{"name":"wp","href":"https:\/\/api.w.org\/{rel}","templated":true}]}}