{"id":131684,"date":"2025-09-22T11:55:08","date_gmt":"2025-09-22T11:55:08","guid":{"rendered":"https:\/\/www.europesays.com\/es\/131684\/"},"modified":"2025-09-22T11:55:08","modified_gmt":"2025-09-22T11:55:08","slug":"alemania-abre-el-debate-sobre-disparar-a-los-cazas-rusos-que-penetran-en-la-ue","status":"publish","type":"post","link":"https:\/\/www.europesays.com\/es\/131684\/","title":{"rendered":"Alemania abre el debate sobre disparar a los cazas rusos que penetran en la UE"},"content":{"rendered":"<p style=\"\">Ha vuelto a pasar. Un avi\u00f3n de reconocimiento militar ruso Il-20M fue interceptado sobre el <strong>Mar B\u00e1ltico<\/strong> por dos cazas alemanes Eurofighter, que despegaron desde su base en Rostock-Laage, durante el pasado fin de semana. En el Cuartel General Mar\u00edtimo de la  &#8230; <strong>OTAN<\/strong>, ubicado en Rostock, nadie duda que seguir\u00e1 sucediendo, <a href=\"https:\/\/www.abc.es\/internacional\/otan-celebra-consultas-urgentes-tras-violacion-espacio-20250922112003-nt.html\" target=\"_self\" data-voc-vtm-id=\"in-text-traffic\" title=\"lo que aboca a la Organizaci\u00f3n a definir una respuesta\" data-mrf-link=\"www.abc.es\" rel=\"nofollow noopener\">lo que aboca a la Organizaci\u00f3n a definir una respuesta<\/a> a estas provocaciones rusas en cadena. <\/p>\n<p class=\"voc-p\" style=\"\">En <strong>Alemania<\/strong>, el debate est\u00e1 servido y hay voces que piden una respuesta militar. El diputado cristianodem\u00f3crata <strong>J\u00fcrgen Hardt<\/strong>, miembro de la delegaci\u00f3n alemana en la Asamblea Parlamentaria de la OTAN y que pertenece a la CDU del <a href=\"https:\/\/www.abc.es\/espana\/feijoo-traslada-merz-situacion-agonica-sanchez-estar-20250919125033-nt.html\" target=\"_self\" data-voc-vtm-id=\"in-text-traffic\" title=\"canciller\" data-mrf-link=\"www.abc.es\" rel=\"nofollow noopener\">canciller<\/a><strong> Friedrich Merz<\/strong>, est\u00e1 convencido de que los aviones de combate rusos deber\u00edan ser combatidos militarmente en caso de nuevas violaciones deliberadas del espacio a\u00e9reo en territorio de la Alianza. El r\u00e9gimen de Rusia necesita \u00abuna se\u00f1al de alto clara\u00bb, opina, y cree que \u00abs\u00f3lo tendr\u00e1 efecto un mensaje claro a Rusia de que cada violaci\u00f3n militar de la frontera ser\u00e1 respondida por medios militares, incluido el derribo de aviones de combate rusos sobre territorio de la OTAN\u00bb. \u00abLa alternativa ser\u00eda que la l\u00f3gica rusa de la guerra siguiera acelerando. Ahora se trata de violaciones del espacio a\u00e9reo, pronto el bombardeo de objetivos individuales, luego vendr\u00e1n los soldados rusos\u00bb, advirte Hardt sobre las siguientes jugadas de <a href=\"https:\/\/www.abc.es\/internacional\/estonia-denuncia-tres-aviones-combate-ruso-violado-20250919162929-nt.html\" target=\"_self\" data-voc-vtm-id=\"in-text-traffic\" title=\"Putin\" data-mrf-link=\"www.abc.es\" rel=\"nofollow noopener\">Putin<\/a>.<\/p>\n<p class=\"voc-p\" style=\"\">El inspector general de las fuerzas Armadas Alemanas, <strong>Carsten Breuer<\/strong>, tambi\u00e9n ha declarado que \u00abuna cosa est\u00e1 clara para m\u00ed: al final, probablemente el asunto tendr\u00e1 que reducirse a que usemos drones contra drones\u00bb. En vista de c\u00f3mo <strong>Rusia<\/strong> est\u00e1 usando drones contra <strong>Ucrania<\/strong> y en su opini\u00f3n, la defensa efectiva \u00absolo es posible en una combinaci\u00f3n de diferentes capacidades\u00bb, de manera que la Bundeswehr, que hasta ahora ha estado en gran medida indefensa a este respecto, est\u00e1 adquiriendo un gran n\u00famero de diferentes tipos de drones que puedan dirigirse a objetivos en grandes cantidades o buscar objetivos precisos con el apoyo de la IA. <\/p>\n<p class=\"voc-p\" style=\"\">El ministro del Interior, <strong>Alexander Dobrindt<\/strong>, tratar\u00e1 esta cuesti\u00f3n de la defensa con aviones no tripulados en la Conferencia de Ministros del Interior convocada en octubre en <strong>M\u00fanich<\/strong>. \u00abColocaremos el tema en un lugar destacado de la agenda con un objetivo claro, agrupar competencias entre los gobiernos federal y estatal, desarrollar nuevas capacidades de defensa, encajar la defensa policial y militar con drones\u00ab.<\/p>\n<p class=\"voc-p\" style=\"\">Varios gobiernos de pa\u00edses de Europa del Este piden tambi\u00e9n una respuesta decisiva a las crecientes provocaciones rusas. \u00abLa frontera de la <strong>OTAN<\/strong> en el noreste no se est\u00e1 poniendo a prueba y testando sin ning\u00fan motivo\u00bb, alerta el ministro de Defensa de Lituania,<strong> Dovil\u0117 \u0160akalien\u0117<\/strong>, partidario de una respuesta en la l\u00ednea de <strong>Turqu\u00eda<\/strong>, que en 2015 derrib\u00f3 sin contemplaciones un avi\u00f3n de combate ruso que hab\u00eda violado el espacio a\u00e9reo durante 17 segundos. Desde entonces, Rusia nunca m\u00e1s ha violado el espacio a\u00e9reo turco. \u00abTenemos que ser serios\u00bb, concluye \u0160akalien\u0117. Tambi\u00e9n el presidente checo, <strong>Petr Pavel<\/strong>, califica de \u00abirresponsables\u00bb las provocaciones rusas y subraya que las concesiones al agresor \u00abno son posibles\u00bb. \u00abTenemos que reaccionar, incluido el posible derribo de aviones rusos\u00bb, ha dicho.<\/p>\n<p class=\"voc-p\" style=\"\"><strong>Nico Lange<\/strong>, desde la organizaci\u00f3n la Conferencia de Seguridad de M\u00fanich, advierte que <a href=\"https:\/\/www.abc.es\/internacional\/rusia-niega-haber-violado-espacio-aereo-otan-20250922121259-nt.html\" target=\"_self\" data-voc-vtm-id=\"in-text-traffic\" title=\"\u00abo derribamos aviones y drones rusos que violan nuestro espacio a\u00e9reo, o asumimos otras consecuencias\" data-mrf-link=\"www.abc.es\" rel=\"nofollow noopener\">\u00abo derribamos aviones y drones rusos que violan nuestro espacio a\u00e9reo, o asumimos otras consecuencias<\/a>, como cancelar visas diplom\u00e1ticas rusas o detener barcos de la flota en la sombra\u00ab. Y desde Inglaterra, el exministro de Defensa <strong>Ben Wallace<\/strong> pide una l\u00ednea mucho m\u00e1s dura contra Rusia y presentar a Putin un \u00abdilema estrat\u00e9gico\u00bb, una reacci\u00f3n que demuestre que las provocaciones tienen su precio.<\/p>\n<p class=\"voc-p\" style=\"\">Estonia, sin embargo, pide prudencia y deja traslucir preocupaci\u00f3n por el peligro de gatillo flojo. En primer lugar, el ministro de Defensa, <strong>Hanno Pevkur<\/strong>, ruega a los aliados no discutir p\u00fablicamente los <a href=\"https:\/\/www.abc.es\/internacional\/estonia-denuncia-tres-aviones-combate-ruso-violado-20250919162929-nt.html\" target=\"_self\" data-voc-vtm-id=\"in-text-traffic\" title=\"m\u00e9todos para disuadir a Rusia desde la OTAN\" data-mrf-link=\"www.abc.es\" rel=\"nofollow noopener\">m\u00e9todos para disuadir a Rusia desde la OTAN<\/a>. \u00abLes pido que comprendan que tales cosas no se discuten p\u00fablicamente, lo que haremos juntos y con nuestros aliados\u00bb, ha solicitado, asegurando adem\u00e1s que \u00bbpuedo confirmar a todos que Estonia es capaz de responder a posibles amenazas\u00ab.<\/p>\n<p class=\"voc-p\" style=\"\"> Su colega en la cartera de Exteriores, <strong>Margus Tsahkna<\/strong>, recuerda que \u00abla OTAN tiene sus propias reglas y an\u00e1lisis de amenazas para el uso de la fuerza\u00bb. Dice adem\u00e1s que \u00abderribar los aviones de combate rusos invasores significar\u00eda llevar un conflicto militar real a un nuevo nivel. No hay base para esto, porque nosotros, la OTAN y tenemos la situaci\u00f3n bajo control\u00bb. Tsahkna asegura que entiende muy bien a las personas que piensan que si alguien viola el espacio a\u00e9reo ilegalmente, hay que derribar a los intrusos, pero a\u00f1ade que \u00abtal respuesta conducir\u00eda a un verdadero conflicto militar\u00bb. \u00abEl objetivo de la OTAN es, ante todo, prevenir ataques reales, frustrarlos y demostrar que la situaci\u00f3n est\u00e1 bajo control. Y eso es exactamente lo que ha hecho\u00bb.<\/p>\n<p>\nRusia niega haber invadidado el espacio a\u00e9reo de Estonia\n<\/p>\n<p class=\"voc-p\" style=\"\">El Gobierno ruso, por su parte, ha negado este lunes cualquier responsabilidad en la <a href=\"https:\/\/www.abc.es\/internacional\/rusia-niega-haber-violado-espacio-aereo-otan-20250922121259-nt.html\" data-voc-vtm-id=\"in-text-traffic\" title=\"incursi\u00f3n la semana pasada de varios aviones en el espacio a\u00e9reo de Estonia \" rel=\"nofollow noopener\" target=\"_blank\">incursi\u00f3n la semana pasada de varios aviones en el espacio a\u00e9reo de Estonia <\/a>y ha enmarcado dichas acusaciones en el inter\u00e9s de algunos actores occidentales por aumentar las tensiones y \u00abprovocar una atm\u00f3sfera de confrontaci\u00f3n\u00bb.<\/p>\n<p class=\"voc-p\" style=\"\">El portavoz del Kremlin, Dimitri Peskov, ha considerado como \u00abvac\u00edas\u00bb e \u00abinfundadas\u00bb las declaraciones del Gobierno estonio sobre la presencia de tres aviones de combate rusos Mig-31 el pasado viernes en su espacio a\u00e9reo. \u00abEs grave, aunque nada nuevo en la pol\u00edtica exterior de Estonia\u00bb, ha afeado.<\/p>\n","protected":false},"excerpt":{"rendered":"Ha vuelto a pasar. Un avi\u00f3n de reconocimiento militar ruso Il-20M fue interceptado sobre el Mar B\u00e1ltico por&hellip;\n","protected":false},"author":2,"featured_media":131685,"comment_status":"","ping_status":"","sticky":false,"template":"","format":"standard","meta":{"footnotes":""},"categories":[42],"tags":[490,1660,17,18,40556,11559,16860,13,14,11,61,62,63,64,19,20,9,10,15,16,42132,30651,57,12,943,21,22,65,66,67],"class_list":{"0":"post-131684","1":"post","2":"type-post","3":"status-publish","4":"format-standard","5":"has-post-thumbnail","7":"category-internacional","8":"tag-abre","9":"tag-alemania","10":"tag-breaking-news","11":"tag-breakingnews","12":"tag-cazas","13":"tag-debate","14":"tag-disparar","15":"tag-featured-news","16":"tag-featurednews","17":"tag-headlines","18":"tag-internacional","19":"tag-international","20":"tag-international-news","21":"tag-internationalnews","22":"tag-latest-news","23":"tag-latestnews","24":"tag-news","25":"tag-noticias","26":"tag-noticias-destacadas","27":"tag-noticiasdestacadas","28":"tag-penetran","29":"tag-rusos","30":"tag-sobre","31":"tag-titulares","32":"tag-ue","33":"tag-ultimas-noticias","34":"tag-ultimasnoticias","35":"tag-world","36":"tag-world-news","37":"tag-worldnews"},"share_on_mastodon":{"url":"","error":""},"_links":{"self":[{"href":"https:\/\/www.europesays.com\/es\/wp-json\/wp\/v2\/posts\/131684","targetHints":{"allow":["GET"]}}],"collection":[{"href":"https:\/\/www.europesays.com\/es\/wp-json\/wp\/v2\/posts"}],"about":[{"href":"https:\/\/www.europesays.com\/es\/wp-json\/wp\/v2\/types\/post"}],"author":[{"embeddable":true,"href":"https:\/\/www.europesays.com\/es\/wp-json\/wp\/v2\/users\/2"}],"replies":[{"embeddable":true,"href":"https:\/\/www.europesays.com\/es\/wp-json\/wp\/v2\/comments?post=131684"}],"version-history":[{"count":0,"href":"https:\/\/www.europesays.com\/es\/wp-json\/wp\/v2\/posts\/131684\/revisions"}],"wp:featuredmedia":[{"embeddable":true,"href":"https:\/\/www.europesays.com\/es\/wp-json\/wp\/v2\/media\/131685"}],"wp:attachment":[{"href":"https:\/\/www.europesays.com\/es\/wp-json\/wp\/v2\/media?parent=131684"}],"wp:term":[{"taxonomy":"category","embeddable":true,"href":"https:\/\/www.europesays.com\/es\/wp-json\/wp\/v2\/categories?post=131684"},{"taxonomy":"post_tag","embeddable":true,"href":"https:\/\/www.europesays.com\/es\/wp-json\/wp\/v2\/tags?post=131684"}],"curies":[{"name":"wp","href":"https:\/\/api.w.org\/{rel}","templated":true}]}}