{"id":131686,"date":"2025-09-22T11:56:33","date_gmt":"2025-09-22T11:56:33","guid":{"rendered":"https:\/\/www.europesays.com\/es\/131686\/"},"modified":"2025-09-22T11:56:33","modified_gmt":"2025-09-22T11:56:33","slug":"la-pena-el-cebollon-gana-el-desfile-de-carrozas-de-azuqueca-de-henares-sociedad","status":"publish","type":"post","link":"https:\/\/www.europesays.com\/es\/131686\/","title":{"rendered":"La pe\u00f1a &#8216;El Ceboll\u00f3n&#8217; gana el desfile de carrozas de Azuqueca de Henares | Sociedad"},"content":{"rendered":"<p>La Pe\u00f1a El Ceboll\u00f3n, con una propuesta titulada \u201cLos sue\u00f1os de Verne\u201d, ha conseguido alzarse con el primer puesto del Desfile de Carrozas, declarado de Inter\u00e9s Tur\u00edstico Regional y acto central de las Fiestas de Septiembre de Azuqueca de Henares. <\/p>\n<p>\u201cDe nuevo, nuestros y nuestras pe\u00f1istas han vuelto a sorprendernos y nos han hecho disfrutar con unos dise\u00f1os de calidad y llenos de colorido\u201d, ha destacado el alcalde, Miguel \u00d3scar Aparicio.<\/p>\n<p><img decoding=\"async\" src=\"https:\/\/www.europesays.com\/es\/wp-content\/uploads\/2025\/09\/4CMBMAHVMZFO3BRZIXGJ5N7XJA.jpg\" alt=\"Fiestas de Azuqueca de Henares\" width=\"4\" height=\"3\"  loading=\"lazy\"\/><\/p>\n<p>Fiestas de Azuqueca de Henares \/ NACHO IZQUIERDO                 <\/p>\n<p>Ampliar<img decoding=\"async\" src=\"https:\/\/www.europesays.com\/es\/wp-content\/uploads\/2025\/09\/1758542171_47_4CMBMAHVMZFO3BRZIXGJ5N7XJA.jpg\" alt=\"Fiestas de Azuqueca de Henares\" width=\"4\" height=\"3\" loading=\"lazy\"\/><\/p>\n<p>Fiestas de Azuqueca de Henares \/ NACHO IZQUIERDO                 <\/p>\n<p>Cerrar<\/p>\n<p>El jurado, compuesto por profesionales del periodismo, la comunicaci\u00f3n y la cultura, as\u00ed como del sector empresarial local, junto con el voto del p\u00fablico, han premiado tambi\u00e9n otras cuatro carrozas, elaboradas por las pe\u00f1as El Bollo (\u201cPiratas del Caribe\u201d), Chupichusky\u2019s (\u201cCasa de Dragones\u201d), Las Torres (\u201c20.000 leguas de viaje submarino\u201d) y La 22 (\u201cDuendes y hadas, Un mundo de fantas\u00eda\u201d). <\/p>\n<p>Aqu\u00ed tienes la GALERIA DE FOTOS con todas las carrozas<\/p>\n<p><img decoding=\"async\" src=\"https:\/\/www.europesays.com\/es\/wp-content\/uploads\/2025\/09\/NAOVPMVPYRCIPDV7GV3BBZ4KIY.jpg\" width=\"4\" height=\"3\" loading=\"lazy\"\/><\/p>\n<p>Pe\u00f1a Duendes \/ Ayto. Azuqueca<\/p>\n<p><img decoding=\"async\" src=\"https:\/\/www.europesays.com\/es\/wp-content\/uploads\/2025\/09\/D75EAR5IXBCWFDLCZBRCOUNIAY.jpg\" width=\"4\" height=\"3\" loading=\"lazy\"\/><\/p>\n<p>Pe\u00f1a Akelarre \/ Ayto. Azuqueca<\/p>\n<p><img decoding=\"async\" src=\"https:\/\/www.europesays.com\/es\/wp-content\/uploads\/2025\/09\/ET5GHTEKUJDHRHFLFKX5M2ILZY.jpg\" width=\"4\" height=\"3\" loading=\"lazy\"\/><\/p>\n<p>Pe\u00f1a Alcatr\u00e1z \/ Ayto. Azuqueca<\/p>\n<p><img decoding=\"async\" src=\"https:\/\/www.europesays.com\/es\/wp-content\/uploads\/2025\/09\/LFCIFGVOYNFFJATMJ7I44F5LNU.jpg\" width=\"4\" height=\"3\" loading=\"lazy\"\/><\/p>\n<p>Pe\u00f1a La Amistad \/ Ayto. Azuqueca<\/p>\n<p><img decoding=\"async\" src=\"https:\/\/www.europesays.com\/es\/wp-content\/uploads\/2025\/09\/ORNEUPQ3XZD2LIOXDZEUSSVVXQ.jpg\" width=\"4\" height=\"3\" loading=\"lazy\"\/><\/p>\n<p>Pe\u00f1a Azikuekanos \/ Ayto. Azuqueca<\/p>\n<p><img decoding=\"async\" src=\"https:\/\/www.europesays.com\/es\/wp-content\/uploads\/2025\/09\/H3AHD2VRTRHI5CLQR63HCMPAVE.jpg\" width=\"4\" height=\"3\" loading=\"lazy\"\/><\/p>\n<p>Pe\u00f1a Biber\u00f3n \/ Ayto. Azuqueca<\/p>\n<p><img decoding=\"async\" src=\"https:\/\/www.europesays.com\/es\/wp-content\/uploads\/2025\/09\/RMWC7UFSEND5VM2U6XPSDWUUF4.jpg\" width=\"4\" height=\"3\" loading=\"lazy\"\/><\/p>\n<p>Pe\u00f1a El Bollo \/ Ayto. Azuqueca<\/p>\n<p><img decoding=\"async\" src=\"https:\/\/www.europesays.com\/es\/wp-content\/uploads\/2025\/09\/OTKTPN26GNHZPG5YUDCAGOUADA.jpg\" width=\"4\" height=\"3\" loading=\"lazy\"\/><\/p>\n<p>Pe\u00f1a Bravos \/ Ayto. Azuqueca<\/p>\n<p><img decoding=\"async\" src=\"https:\/\/www.europesays.com\/es\/wp-content\/uploads\/2025\/09\/WB4WNI75GFE6RHOOCSFMQ3MI7A.jpg\" width=\"4\" height=\"3\" loading=\"lazy\"\/><\/p>\n<p>Pe\u00f1a Cachimbas \/ Ayto. Azuqueca<\/p>\n<p><img decoding=\"async\" src=\"https:\/\/www.europesays.com\/es\/wp-content\/uploads\/2025\/09\/F4QEZHCGDRCKZMIYOCYSMUBVNI.jpg\" width=\"4\" height=\"3\" loading=\"lazy\"\/><\/p>\n<p>Pe\u00f1a Calavera \/ Ayto. Azuqueca<\/p>\n<p><img decoding=\"async\" src=\"https:\/\/www.europesays.com\/es\/wp-content\/uploads\/2025\/09\/UDZDZ5Z57JBK3DZYQY3BKWAKGM.jpg\" width=\"4\" height=\"3\" loading=\"lazy\"\/><\/p>\n<p>Pe\u00f1a El Catre \/ Ayto. Azuqueca<\/p>\n<p><img decoding=\"async\" src=\"https:\/\/www.europesays.com\/es\/wp-content\/uploads\/2025\/09\/GFI2OD7FWFDSLJSL6YISVUHFZM.jpg\" width=\"4\" height=\"3\" loading=\"lazy\"\/><\/p>\n<p>Pe\u00f1a El Ceboll\u00f3n \/ Ayto. Azuqueca<\/p>\n<p><img decoding=\"async\" src=\"https:\/\/www.europesays.com\/es\/wp-content\/uploads\/2025\/09\/BZYSCHAPJZBULMN32BALOW7XTU.jpg\" width=\"4\" height=\"3\" loading=\"lazy\"\/><\/p>\n<p>Pe\u00f1a Chilaba \/ Ayto. Azuqueca<\/p>\n<p><img decoding=\"async\" src=\"https:\/\/www.europesays.com\/es\/wp-content\/uploads\/2025\/09\/CFGTGNBHWNDDXNZD6NJZN5HVK4.jpg\" width=\"4\" height=\"3\" loading=\"lazy\"\/><\/p>\n<p>Pe\u00f1a Chupichuskys \/ Ayto. Azuqueca<\/p>\n<p><img decoding=\"async\" src=\"https:\/\/www.europesays.com\/es\/wp-content\/uploads\/2025\/09\/WPGR7FXE5ZDSDI3XADGLM4MTCM.jpg\" width=\"4\" height=\"3\" loading=\"lazy\"\/><\/p>\n<p>Pe\u00f1a Los Dalton \/ Ayto. Azuqueca<\/p>\n<p><img decoding=\"async\" src=\"https:\/\/www.europesays.com\/es\/wp-content\/uploads\/2025\/09\/4NTVCQX4ZNFJXDJCU5GZBWS7D4.jpg\" width=\"4\" height=\"3\" loading=\"lazy\"\/><\/p>\n<p>Pe\u00f1a Felpudillo \/ Ayto. Azuqueca<\/p>\n<p><img decoding=\"async\" src=\"https:\/\/www.europesays.com\/es\/wp-content\/uploads\/2025\/09\/PYP6SEEFEBFXZB43IBKXV62IP4.jpg\" width=\"4\" height=\"3\" loading=\"lazy\"\/><\/p>\n<p>Pe\u00f1a la Funeraria \/ Ayto. Azuqueca<\/p>\n<p><img decoding=\"async\" src=\"https:\/\/www.europesays.com\/es\/wp-content\/uploads\/2025\/09\/JQGVZV5EE5A7DCCUL2H7ELL4UM.jpg\" width=\"4\" height=\"3\" loading=\"lazy\"\/><\/p>\n<p>Pe\u00f1a Moska \/ Ayto. Azuqueca<\/p>\n<p><img decoding=\"async\" src=\"https:\/\/www.europesays.com\/es\/wp-content\/uploads\/2025\/09\/4EAJMM7IQZEQDEHPYKJPAWIO6I.jpg\" width=\"4\" height=\"3\" loading=\"lazy\"\/><\/p>\n<p>Pe\u00f1a el Palike \/ Ayto. Azuqueca<\/p>\n<p><img decoding=\"async\" src=\"https:\/\/www.europesays.com\/es\/wp-content\/uploads\/2025\/09\/WABYSPAF2VADXHVJL45VES53PE.jpg\" width=\"4\" height=\"3\" loading=\"lazy\"\/><\/p>\n<p>Pe\u00f1a El Pend\u00f3n \/ Ayto. Azuqueca<\/p>\n<p><img decoding=\"async\" src=\"https:\/\/www.europesays.com\/es\/wp-content\/uploads\/2025\/09\/TILRRU6V3ZF7PIJTOGKFGFYQPI.jpg\" width=\"4\" height=\"3\" loading=\"lazy\"\/><\/p>\n<p>Pe\u00f1a la Perrera \/ Ayto. Az<\/p>\n<p><img decoding=\"async\" src=\"https:\/\/www.europesays.com\/es\/wp-content\/uploads\/2025\/09\/SQ2XFLU75NDZLB4HAOPE54VYJE.jpg\" width=\"4\" height=\"3\" loading=\"lazy\"\/><\/p>\n<p>Pe\u00f1a Psiqui\u00e1trico \/ Ayto. Azuqueca<\/p>\n<p><img decoding=\"async\" src=\"https:\/\/www.europesays.com\/es\/wp-content\/uploads\/2025\/09\/SIHSD63Z3ZDQDGWJR5SMJTMBKE.jpg\" width=\"4\" height=\"3\" loading=\"lazy\"\/><\/p>\n<p>Pe\u00f1a La Ruhyna \/ Ayto. Azuqueca<\/p>\n<p><img decoding=\"async\" src=\"https:\/\/www.europesays.com\/es\/wp-content\/uploads\/2025\/09\/XVTVKBCBJVGMBD3W7U3Q5TIS44.jpg\" width=\"4\" height=\"3\" loading=\"lazy\"\/><\/p>\n<p>Pe\u00f1a Las Torres \/ Ayto. Azuqueca<\/p>\n<p><img decoding=\"async\" src=\"https:\/\/www.europesays.com\/es\/wp-content\/uploads\/2025\/09\/CC2HCT4WVNGHVDZO7AOU7FFU4E.jpg\" width=\"4\" height=\"3\" loading=\"lazy\"\/><\/p>\n<p>Carroza de El Trebol \/ Ayto. Azuqueca<\/p>\n<p>Ampliar<img decoding=\"async\" src=\"https:\/\/www.europesays.com\/es\/wp-content\/uploads\/2025\/09\/NAOVPMVPYRCIPDV7GV3BBZ4KIY.jpg\" width=\"4\" height=\"3\" loading=\"lazy\"\/><\/p>\n<p>Pe\u00f1a Duendes \/ Ayto. Azuqueca<\/p>\n<p><img decoding=\"async\" src=\"https:\/\/www.europesays.com\/es\/wp-content\/uploads\/2025\/09\/D75EAR5IXBCWFDLCZBRCOUNIAY.jpg\" width=\"4\" height=\"3\" loading=\"lazy\"\/><\/p>\n<p>Pe\u00f1a Akelarre \/ Ayto. Azuqueca<\/p>\n<p><img decoding=\"async\" src=\"https:\/\/www.europesays.com\/es\/wp-content\/uploads\/2025\/09\/ET5GHTEKUJDHRHFLFKX5M2ILZY.jpg\" width=\"4\" height=\"3\" loading=\"lazy\"\/><\/p>\n<p>Pe\u00f1a Alcatr\u00e1z \/ Ayto. Azuqueca<\/p>\n<p><img decoding=\"async\" src=\"https:\/\/www.europesays.com\/es\/wp-content\/uploads\/2025\/09\/LFCIFGVOYNFFJATMJ7I44F5LNU.jpg\" width=\"4\" height=\"3\" loading=\"lazy\"\/><\/p>\n<p>Pe\u00f1a La Amistad \/ Ayto. Azuqueca<\/p>\n<p><img decoding=\"async\" src=\"https:\/\/www.europesays.com\/es\/wp-content\/uploads\/2025\/09\/ORNEUPQ3XZD2LIOXDZEUSSVVXQ.jpg\" width=\"4\" height=\"3\" loading=\"lazy\"\/><\/p>\n<p>Pe\u00f1a Azikuekanos \/ Ayto. Azuqueca<\/p>\n<p><img decoding=\"async\" src=\"https:\/\/www.europesays.com\/es\/wp-content\/uploads\/2025\/09\/H3AHD2VRTRHI5CLQR63HCMPAVE.jpg\" width=\"4\" height=\"3\" loading=\"lazy\"\/><\/p>\n<p>Pe\u00f1a Biber\u00f3n \/ Ayto. Azuqueca<\/p>\n<p><img decoding=\"async\" src=\"https:\/\/www.europesays.com\/es\/wp-content\/uploads\/2025\/09\/RMWC7UFSEND5VM2U6XPSDWUUF4.jpg\" width=\"4\" height=\"3\" loading=\"lazy\"\/><\/p>\n<p>Pe\u00f1a El Bollo \/ Ayto. Azuqueca<\/p>\n<p><img decoding=\"async\" src=\"https:\/\/www.europesays.com\/es\/wp-content\/uploads\/2025\/09\/OTKTPN26GNHZPG5YUDCAGOUADA.jpg\" width=\"4\" height=\"3\" loading=\"lazy\"\/><\/p>\n<p>Pe\u00f1a Bravos \/ Ayto. Azuqueca<\/p>\n<p><img decoding=\"async\" src=\"https:\/\/www.europesays.com\/es\/wp-content\/uploads\/2025\/09\/WB4WNI75GFE6RHOOCSFMQ3MI7A.jpg\" width=\"4\" height=\"3\" loading=\"lazy\"\/><\/p>\n<p>Pe\u00f1a Cachimbas \/ Ayto. Azuqueca<\/p>\n<p><img decoding=\"async\" src=\"https:\/\/www.europesays.com\/es\/wp-content\/uploads\/2025\/09\/F4QEZHCGDRCKZMIYOCYSMUBVNI.jpg\" width=\"4\" height=\"3\" loading=\"lazy\"\/><\/p>\n<p>Pe\u00f1a Calavera \/ Ayto. Azuqueca<\/p>\n<p><img decoding=\"async\" src=\"https:\/\/www.europesays.com\/es\/wp-content\/uploads\/2025\/09\/UDZDZ5Z57JBK3DZYQY3BKWAKGM.jpg\" width=\"4\" height=\"3\" loading=\"lazy\"\/><\/p>\n<p>Pe\u00f1a El Catre \/ Ayto. Azuqueca<\/p>\n<p><img decoding=\"async\" src=\"https:\/\/www.europesays.com\/es\/wp-content\/uploads\/2025\/09\/GFI2OD7FWFDSLJSL6YISVUHFZM.jpg\" width=\"4\" height=\"3\" loading=\"lazy\"\/><\/p>\n<p>Pe\u00f1a El Ceboll\u00f3n \/ Ayto. Azuqueca<\/p>\n<p><img decoding=\"async\" src=\"https:\/\/www.europesays.com\/es\/wp-content\/uploads\/2025\/09\/BZYSCHAPJZBULMN32BALOW7XTU.jpg\" width=\"4\" height=\"3\" loading=\"lazy\"\/><\/p>\n<p>Pe\u00f1a Chilaba \/ Ayto. Azuqueca<\/p>\n<p><img decoding=\"async\" src=\"https:\/\/www.europesays.com\/es\/wp-content\/uploads\/2025\/09\/CFGTGNBHWNDDXNZD6NJZN5HVK4.jpg\" width=\"4\" height=\"3\" loading=\"lazy\"\/><\/p>\n<p>Pe\u00f1a Chupichuskys \/ Ayto. Azuqueca<\/p>\n<p><img decoding=\"async\" src=\"https:\/\/www.europesays.com\/es\/wp-content\/uploads\/2025\/09\/WPGR7FXE5ZDSDI3XADGLM4MTCM.jpg\" width=\"4\" height=\"3\" loading=\"lazy\"\/><\/p>\n<p>Pe\u00f1a Los Dalton \/ Ayto. Azuqueca<\/p>\n<p><img decoding=\"async\" src=\"https:\/\/www.europesays.com\/es\/wp-content\/uploads\/2025\/09\/4NTVCQX4ZNFJXDJCU5GZBWS7D4.jpg\" width=\"4\" height=\"3\" loading=\"lazy\"\/><\/p>\n<p>Pe\u00f1a Felpudillo \/ Ayto. Azuqueca<\/p>\n<p><img decoding=\"async\" src=\"https:\/\/www.europesays.com\/es\/wp-content\/uploads\/2025\/09\/PYP6SEEFEBFXZB43IBKXV62IP4.jpg\" width=\"4\" height=\"3\" loading=\"lazy\"\/><\/p>\n<p>Pe\u00f1a la Funeraria \/ Ayto. Azuqueca<\/p>\n<p><img decoding=\"async\" src=\"https:\/\/www.europesays.com\/es\/wp-content\/uploads\/2025\/09\/JQGVZV5EE5A7DCCUL2H7ELL4UM.jpg\" width=\"4\" height=\"3\" loading=\"lazy\"\/><\/p>\n<p>Pe\u00f1a Moska \/ Ayto. Azuqueca<\/p>\n<p><img decoding=\"async\" src=\"https:\/\/www.europesays.com\/es\/wp-content\/uploads\/2025\/09\/4EAJMM7IQZEQDEHPYKJPAWIO6I.jpg\" width=\"4\" height=\"3\" loading=\"lazy\"\/><\/p>\n<p>Pe\u00f1a el Palike \/ Ayto. Azuqueca<\/p>\n<p><img decoding=\"async\" src=\"https:\/\/www.europesays.com\/es\/wp-content\/uploads\/2025\/09\/WABYSPAF2VADXHVJL45VES53PE.jpg\" width=\"4\" height=\"3\" loading=\"lazy\"\/><\/p>\n<p>Pe\u00f1a El Pend\u00f3n \/ Ayto. Azuqueca<\/p>\n<p><img decoding=\"async\" src=\"https:\/\/www.europesays.com\/es\/wp-content\/uploads\/2025\/09\/TILRRU6V3ZF7PIJTOGKFGFYQPI.jpg\" width=\"4\" height=\"3\" loading=\"lazy\"\/><\/p>\n<p>Pe\u00f1a la Perrera \/ Ayto. Az<\/p>\n<p><img decoding=\"async\" src=\"https:\/\/www.europesays.com\/es\/wp-content\/uploads\/2025\/09\/SQ2XFLU75NDZLB4HAOPE54VYJE.jpg\" width=\"4\" height=\"3\" loading=\"lazy\"\/><\/p>\n<p>Pe\u00f1a Psiqui\u00e1trico \/ Ayto. Azuqueca<\/p>\n<p><img decoding=\"async\" src=\"https:\/\/www.europesays.com\/es\/wp-content\/uploads\/2025\/09\/SIHSD63Z3ZDQDGWJR5SMJTMBKE.jpg\" width=\"4\" height=\"3\" loading=\"lazy\"\/><\/p>\n<p>Pe\u00f1a La Ruhyna \/ Ayto. Azuqueca<\/p>\n<p><img decoding=\"async\" src=\"https:\/\/www.europesays.com\/es\/wp-content\/uploads\/2025\/09\/XVTVKBCBJVGMBD3W7U3Q5TIS44.jpg\" width=\"4\" height=\"3\" loading=\"lazy\"\/><\/p>\n<p>Pe\u00f1a Las Torres \/ Ayto. Azuqueca<\/p>\n<p><img decoding=\"async\" src=\"https:\/\/www.europesays.com\/es\/wp-content\/uploads\/2025\/09\/CC2HCT4WVNGHVDZO7AOU7FFU4E.jpg\" width=\"4\" height=\"3\" loading=\"lazy\"\/><\/p>\n<p>Carroza de El Trebol \/ Ayto. Azuqueca<\/p>\n<p>Cerrar<\/p>\n<p><b>Concurso fotogr\u00e1fico<\/b><\/p>\n<p>Este martes 23 de septiembre se abre el plazo para el env\u00edo de im\u00e1genes en el 16\u00ba Concurso Fotogr\u00e1fico de Carrozas de las Fiestas de Septiembre 2025, que convocan el Ayuntamiento y la empresa local Saint Gobain Isover Ib\u00e9rica, S.L. <\/p>\n<p>Cada participante podr\u00e1 presentar un m\u00e1ximo de tres fotos, originales e in\u00e9ditas, en formato digital, con cualquier t\u00e9cnica y a color o blanco y negro. Deben reflejar \u201cla esencia del desfile, las comparsas y\/o las carrozas\u201d y tomadas en esta edici\u00f3n del Desfile.<\/p>\n<p>Se conceder\u00e1n un total de tres premios por un importe de 500, 300 y 150 euros, respectivamente, acompa\u00f1ados de un diploma. Las fotograf\u00edas se deben enviar por correo electr\u00f3nico a <a href=\"https:\/\/cadenaser.com\/castillalamancha\/2025\/09\/22\/la-pena-el-cebollon-gana-el-desfile-de-carrozas-de-azuqueca-de-henares-ser-guadalajara\/mailto:concursofotografico@azuqueca.net\" target=\"_blank\" rel=\"nofollow noopener\">concursofotografico@azuqueca.net<\/a>.<\/p>\n<p> El jurado se reunir\u00e1 el 6 de octubre a las 19 horas en la Casa de la Cultura y el fallo es p\u00fablico. La entrega de premios e inauguraci\u00f3n de la exposici\u00f3n con las im\u00e1genes ganadoras y seleccionadas se ha programado para el 13 de octubre en el Centro de Ocio R\u00edo Henares.<\/p>\n","protected":false},"excerpt":{"rendered":"La Pe\u00f1a El Ceboll\u00f3n, con una propuesta titulada \u201cLos sue\u00f1os de Verne\u201d, ha conseguido alzarse con el primer&hellip;\n","protected":false},"author":2,"featured_media":131687,"comment_status":"","ping_status":"","sticky":false,"template":"","format":"standard","meta":{"footnotes":""},"categories":[8],"tags":[17,18,25,24,13,14,11,19,20,9,10,15,16,23,12,21,22],"class_list":{"0":"post-131686","1":"post","2":"type-post","3":"status-publish","4":"format-standard","5":"has-post-thumbnail","7":"category-espana","8":"tag-breaking-news","9":"tag-breakingnews","10":"tag-es","11":"tag-espana","12":"tag-featured-news","13":"tag-featurednews","14":"tag-headlines","15":"tag-latest-news","16":"tag-latestnews","17":"tag-news","18":"tag-noticias","19":"tag-noticias-destacadas","20":"tag-noticiasdestacadas","21":"tag-spain","22":"tag-titulares","23":"tag-ultimas-noticias","24":"tag-ultimasnoticias"},"share_on_mastodon":{"url":"","error":""},"_links":{"self":[{"href":"https:\/\/www.europesays.com\/es\/wp-json\/wp\/v2\/posts\/131686","targetHints":{"allow":["GET"]}}],"collection":[{"href":"https:\/\/www.europesays.com\/es\/wp-json\/wp\/v2\/posts"}],"about":[{"href":"https:\/\/www.europesays.com\/es\/wp-json\/wp\/v2\/types\/post"}],"author":[{"embeddable":true,"href":"https:\/\/www.europesays.com\/es\/wp-json\/wp\/v2\/users\/2"}],"replies":[{"embeddable":true,"href":"https:\/\/www.europesays.com\/es\/wp-json\/wp\/v2\/comments?post=131686"}],"version-history":[{"count":0,"href":"https:\/\/www.europesays.com\/es\/wp-json\/wp\/v2\/posts\/131686\/revisions"}],"wp:featuredmedia":[{"embeddable":true,"href":"https:\/\/www.europesays.com\/es\/wp-json\/wp\/v2\/media\/131687"}],"wp:attachment":[{"href":"https:\/\/www.europesays.com\/es\/wp-json\/wp\/v2\/media?parent=131686"}],"wp:term":[{"taxonomy":"category","embeddable":true,"href":"https:\/\/www.europesays.com\/es\/wp-json\/wp\/v2\/categories?post=131686"},{"taxonomy":"post_tag","embeddable":true,"href":"https:\/\/www.europesays.com\/es\/wp-json\/wp\/v2\/tags?post=131686"}],"curies":[{"name":"wp","href":"https:\/\/api.w.org\/{rel}","templated":true}]}}