{"id":131690,"date":"2025-09-22T11:58:15","date_gmt":"2025-09-22T11:58:15","guid":{"rendered":"https:\/\/www.europesays.com\/es\/131690\/"},"modified":"2025-09-22T11:58:15","modified_gmt":"2025-09-22T11:58:15","slug":"el-karate-desplaza-a-cisne-y-teucro-al-pabellon-de-principe-felipe","status":"publish","type":"post","link":"https:\/\/www.europesays.com\/es\/131690\/","title":{"rendered":"El k\u00e1rate desplaza a Cisne y Teucro al pabell\u00f3n de Pr\u00edncipe Felipe"},"content":{"rendered":"<p>Los dos principales equipos del<strong> balonmano pontevedr\u00e9s emigrar\u00e1n por una jornada a la Ciudad Infantil de Pr\u00edncipe Felipe.<\/strong><\/p>\n<p>Deber\u00e1n hacerlo en su pr\u00f3ximo compromiso liguero tanto en la Divisi\u00f3n de Honor Plata como en la Primera Nacional, previstos en ambos casos para s\u00e1bado 27 y domingo 28 de septiembre.<\/p>\n<p>El motivo es la <strong>celebraci\u00f3n en el Pabell\u00f3n Municipal de los Deportes de la Jornada 4 de la Liga Nacional de K\u00e1rate.<\/strong><\/p>\n<p>El primero que se ver\u00e1 afectado es el<strong> Club Cisne, que recibir\u00e1 el s\u00e1bado a las 19.00 horas al BM Zaragoza<\/strong> en busca de su primer triunfo de la temporada.<\/p>\n<p>El conjunto blanco est\u00e1 pendiente adem\u00e1s del <strong>estado f\u00edsico de Linhares y especialmente de Alberto Delgado, cuya lesi\u00f3n en Sevilla preocupa<\/strong> al temerse una baja de larga duraci\u00f3n.<\/p>\n<p>Por su parte<strong> la Sociedad Deportiva Teucro rebirir\u00e1 el domingo 28 (12.00 horas) al BM Ribeiro<\/strong>, con el objetivo de enderezar su rumbo tras la derrota cosechada en Lanzarote.<\/p>\n<p>Los dos equipos pontevedreses tienen previsto su regreso al Municipal para la quinta jornada de liga, el s\u00e1bado 11 de octubre.<\/p>\n","protected":false},"excerpt":{"rendered":"Los dos principales equipos del balonmano pontevedr\u00e9s emigrar\u00e1n por una jornada a la Ciudad Infantil de Pr\u00edncipe Felipe.&hellip;\n","protected":false},"author":2,"featured_media":131691,"comment_status":"","ping_status":"","sticky":false,"template":"","format":"standard","meta":{"footnotes":""},"categories":[278],"tags":[376,168,25,24,375,23,167],"class_list":{"0":"post-131690","1":"post","2":"type-post","3":"status-publish","4":"format-standard","5":"has-post-thumbnail","7":"category-balonmano","8":"tag-balonmano","9":"tag-deportes","10":"tag-es","11":"tag-espana","12":"tag-handball","13":"tag-spain","14":"tag-sports"},"share_on_mastodon":{"url":"","error":""},"_links":{"self":[{"href":"https:\/\/www.europesays.com\/es\/wp-json\/wp\/v2\/posts\/131690","targetHints":{"allow":["GET"]}}],"collection":[{"href":"https:\/\/www.europesays.com\/es\/wp-json\/wp\/v2\/posts"}],"about":[{"href":"https:\/\/www.europesays.com\/es\/wp-json\/wp\/v2\/types\/post"}],"author":[{"embeddable":true,"href":"https:\/\/www.europesays.com\/es\/wp-json\/wp\/v2\/users\/2"}],"replies":[{"embeddable":true,"href":"https:\/\/www.europesays.com\/es\/wp-json\/wp\/v2\/comments?post=131690"}],"version-history":[{"count":0,"href":"https:\/\/www.europesays.com\/es\/wp-json\/wp\/v2\/posts\/131690\/revisions"}],"wp:featuredmedia":[{"embeddable":true,"href":"https:\/\/www.europesays.com\/es\/wp-json\/wp\/v2\/media\/131691"}],"wp:attachment":[{"href":"https:\/\/www.europesays.com\/es\/wp-json\/wp\/v2\/media?parent=131690"}],"wp:term":[{"taxonomy":"category","embeddable":true,"href":"https:\/\/www.europesays.com\/es\/wp-json\/wp\/v2\/categories?post=131690"},{"taxonomy":"post_tag","embeddable":true,"href":"https:\/\/www.europesays.com\/es\/wp-json\/wp\/v2\/tags?post=131690"}],"curies":[{"name":"wp","href":"https:\/\/api.w.org\/{rel}","templated":true}]}}