{"id":131692,"date":"2025-09-22T11:59:13","date_gmt":"2025-09-22T11:59:13","guid":{"rendered":"https:\/\/www.europesays.com\/es\/131692\/"},"modified":"2025-09-22T11:59:13","modified_gmt":"2025-09-22T11:59:13","slug":"telemadrid-retransmite-en-directo-la-corrida-de-la-hispanidad-de-las-ventas","status":"publish","type":"post","link":"https:\/\/www.europesays.com\/es\/131692\/","title":{"rendered":"Telemadrid retransmite en directo la corrida de la Hispanidad de Las Ventas"},"content":{"rendered":"<p>El domingo 12 de octubre, a las 18:00 horas, <strong>Telemadrid<\/strong> ofrecer\u00e1 en directo desde la plaza de toros de <strong>Las Ventas <\/strong>la corrida del d\u00eda de la Hispanidad, un acontecimiento en el calendario taurino que marca el cierre oficial de la temporada en la monumental madrile\u00f1a. La cita, que cada a\u00f1o re\u00fane a miles de aficionados, contar\u00e1 con <strong>Morante de la Puebla<\/strong>, que por la ma\u00f1ana torear\u00e1 el festival pro monumento de <strong>Anto\u00f1ete<\/strong>, <strong>Fernando<\/strong> <strong>Roble\u00f1o<\/strong>, que se despide, y <strong>Sergio<\/strong> <strong>Rodr\u00edguez<\/strong>, que confirma alternativa, frente a toros de la ganader\u00eda de <strong>Garcigrande<\/strong>.<\/p>\n<p>La retransmisi\u00f3n contar\u00e1 con una cobertura completa gracias al equipo de programas taurinos de <strong>Telemadrid<\/strong>, liderado por <strong>Sixto Naranjo<\/strong>, junto al torero <strong>Luis Miguel Encabo<\/strong> y los periodistas <strong>Federico Arn\u00e1s <\/strong>y <strong>David Jaramillo<\/strong>. El despliegue permitir\u00e1 a los aficionados seguir el festejo en directo, tanto a trav\u00e9s de la emisi\u00f3n televisiva como de la web <strong>www.telemadrid.es<\/strong>.<\/p>\n","protected":false},"excerpt":{"rendered":"El domingo 12 de octubre, a las 18:00 horas, Telemadrid ofrecer\u00e1 en directo desde la plaza de toros&hellip;\n","protected":false},"author":2,"featured_media":29645,"comment_status":"","ping_status":"","sticky":false,"template":"","format":"standard","meta":{"footnotes":""},"categories":[277],"tags":[45,373,42133,168,25,24,3728,205,23,167,11223,374],"class_list":{"0":"post-131692","1":"post","2":"type-post","3":"status-publish","4":"format-standard","5":"has-post-thumbnail","7":"category-toreo","8":"tag-45","9":"tag-bullfighting","10":"tag-corrida-de-la-hispanidad","11":"tag-deportes","12":"tag-es","13":"tag-espana","14":"tag-las-ventas","15":"tag-madrid","16":"tag-spain","17":"tag-sports","18":"tag-telemadrid","19":"tag-toreo"},"share_on_mastodon":{"url":"","error":""},"_links":{"self":[{"href":"https:\/\/www.europesays.com\/es\/wp-json\/wp\/v2\/posts\/131692","targetHints":{"allow":["GET"]}}],"collection":[{"href":"https:\/\/www.europesays.com\/es\/wp-json\/wp\/v2\/posts"}],"about":[{"href":"https:\/\/www.europesays.com\/es\/wp-json\/wp\/v2\/types\/post"}],"author":[{"embeddable":true,"href":"https:\/\/www.europesays.com\/es\/wp-json\/wp\/v2\/users\/2"}],"replies":[{"embeddable":true,"href":"https:\/\/www.europesays.com\/es\/wp-json\/wp\/v2\/comments?post=131692"}],"version-history":[{"count":0,"href":"https:\/\/www.europesays.com\/es\/wp-json\/wp\/v2\/posts\/131692\/revisions"}],"wp:featuredmedia":[{"embeddable":true,"href":"https:\/\/www.europesays.com\/es\/wp-json\/wp\/v2\/media\/29645"}],"wp:attachment":[{"href":"https:\/\/www.europesays.com\/es\/wp-json\/wp\/v2\/media?parent=131692"}],"wp:term":[{"taxonomy":"category","embeddable":true,"href":"https:\/\/www.europesays.com\/es\/wp-json\/wp\/v2\/categories?post=131692"},{"taxonomy":"post_tag","embeddable":true,"href":"https:\/\/www.europesays.com\/es\/wp-json\/wp\/v2\/tags?post=131692"}],"curies":[{"name":"wp","href":"https:\/\/api.w.org\/{rel}","templated":true}]}}