{"id":131693,"date":"2025-09-22T12:00:20","date_gmt":"2025-09-22T12:00:20","guid":{"rendered":"https:\/\/www.europesays.com\/es\/131693\/"},"modified":"2025-09-22T12:00:20","modified_gmt":"2025-09-22T12:00:20","slug":"hecher-sosa-se-convierte-en-el-quinto-espanol-en-llegar-a-la-ufc","status":"publish","type":"post","link":"https:\/\/www.europesays.com\/es\/131693\/","title":{"rendered":"Hecher Sosa se convierte en el quinto espa\u00f1ol en llegar a la UFC"},"content":{"rendered":"<p><img fetchpriority=\"high\" class=\"v-a-img\" src=\"https:\/\/www.europesays.com\/es\/wp-content\/uploads\/2025\/09\/hecher-sosa-klQ-U2302961598433QY-1200x840@RC.jpg\" loading=\"eager\" decoding=\"async\" alt=\"Hecher Sosa en el pesaje del Contender Series.\"  width=\"1200\" height=\"840\"\/><\/p>\n<p>Hecher Sosa en el pesaje del Contender Series.          UFC Espa\u00f1ol        <\/p>\n<p>El canario, a pesar de la reciente p\u00e9rdida de su padre, impresion\u00f3 a Dana White en su combate del Contender Series contra Mackson Lee y se asegur\u00f3 un contrato<\/p>\n<p class=\"v-mdl-ath__p v-mdl-ath__p--6\">\nMi\u00e9rcoles, 17 de septiembre 2025, 19:00<\/p>\n<p class=\"v-p\">Las artes marciales y las MMA cada vez encuentran mayor representaci\u00f3n espa\u00f1ola en un deporte que est\u00e1 en constante crecimiento. Prueba de ello ocurri\u00f3 la madrugada del mi\u00e9rcoles con Hecher Sosa como protagonista, ya que obtuvo su ansiado contrato con la UFC tras derrotar a Mackson Lee en la sexta edici\u00f3n de las Contender Series. El combate se resolvi\u00f3 a los puntos por decisi\u00f3n un\u00e1nime y el luchador canario logr\u00f3 vencer a un oponente que estaba invicto para establcer su 14-1 personal. El triunfo tuvo un componente emocional, ya que Sosa perdi\u00f3 a su padre el d\u00eda del pesaje y le dedic\u00f3 su ansiado sue\u00f1o, una gesta que ya anticip\u00f3 que lograr\u00eda por \u00e9l.<\/p>\n<p class=\"v-p\">Esta actuaci\u00f3n convierte al peleador canario en el quinto espa\u00f1ol en aterrizar en la compa\u00f1\u00eda de Dana White, la m\u00e1s grande del mundo de las artes marciales. Sosa se une a los hermanos Topuria, Joel \u00c1lvarez y Dani B\u00e1rez como miembros de UFC y buscar\u00e1 construir un legado como hizo el primero de ellos. <\/p>\n<p class=\"v-p\">La compa\u00f1\u00eda espa\u00f1ola de artes marciales mixtas, WOW, que est\u00e1 impulsada por Ilia Topuria, tiene como campe\u00f3n de peso gallo a Sosa, que ha logrado parte de su trayectoria gracias al impulso del hispanogeorgiano. Los espa\u00f1oles que ya estaban en UFC llegaron mediante un ranking o m\u00e9ritos obtenidos en otras disciplinas. En el caso de B\u00e1rez, su futuro est\u00e1 en el aire al no tener un gran desempe\u00f1o en las dos peleas que tuvo, pero tanto los hermanos Topuria como \u00c1lvarez tienen todav\u00eda mucho futuro por delante.<\/p>\n<p>Diez a\u00f1os de intentos<\/p>\n<p class=\"v-p\">Para Sosa este \u00e9xito se produce algo tarde, ya que fueron m\u00e1s de 10 a\u00f1os de intentos; muchos le dec\u00edan que era imposible, pero \u00e9l no se rindi\u00f3. Esta mentalidad, sumada a las circunstancias personales que envolv\u00edan la pelea, convencieron a Dana White. \u00abRespeto much\u00edsimo tu fortaleza. Te voy a dar la oportunidad de que le demuestres a tu familia y a la gente de lo que eres capaz en la UFC. La vida puede ser muy dura y ponerse muy fea, pueden pasar cosas muy malas, pero no todos son capaces de superarlo as\u00ed\u00bb, declar\u00f3 el due\u00f1o de la compa\u00f1\u00eda al final del evento.<\/p>\n<p class=\"v-p\">De todos los espa\u00f1oles presentes, el &#8216;Guanche Warrior&#8217; es el primero que llega a la compa\u00f1\u00eda mediante la v\u00eda del Contender Series. Esta modalidad consiste en un evento dirigido por Dana White en el que los peleadores con mejor desempe\u00f1o esa noche obtienen un contrato con la UFC. Este mi\u00e9rcoles obtuvieron dicha firma junto a Sosa, Iwo Baraniewski, Tommy Gantt y Cody Chovancek, de entre los diez luchadores que combatieron.<\/p>\n<p>Comenta<\/p>\n<p>Reporta un error<\/p>\n","protected":false},"excerpt":{"rendered":"Hecher Sosa en el pesaje del Contender Series. UFC Espa\u00f1ol El canario, a pesar de la reciente p\u00e9rdida&hellip;\n","protected":false},"author":2,"featured_media":131694,"comment_status":"","ping_status":"","sticky":false,"template":"","format":"standard","meta":{"footnotes":""},"categories":[276],"tags":[1438,168,25,24,1489,8000,660,6076,8001,23,167,343],"class_list":{"0":"post-131693","1":"post","2":"type-post","3":"status-publish","4":"format-standard","5":"has-post-thumbnail","7":"category-ufc","8":"tag-convierte","9":"tag-deportes","10":"tag-es","11":"tag-espana","12":"tag-espanol","13":"tag-hecher","14":"tag-llegar","15":"tag-quinto","16":"tag-sosa","17":"tag-spain","18":"tag-sports","19":"tag-ufc"},"share_on_mastodon":{"url":"","error":""},"_links":{"self":[{"href":"https:\/\/www.europesays.com\/es\/wp-json\/wp\/v2\/posts\/131693","targetHints":{"allow":["GET"]}}],"collection":[{"href":"https:\/\/www.europesays.com\/es\/wp-json\/wp\/v2\/posts"}],"about":[{"href":"https:\/\/www.europesays.com\/es\/wp-json\/wp\/v2\/types\/post"}],"author":[{"embeddable":true,"href":"https:\/\/www.europesays.com\/es\/wp-json\/wp\/v2\/users\/2"}],"replies":[{"embeddable":true,"href":"https:\/\/www.europesays.com\/es\/wp-json\/wp\/v2\/comments?post=131693"}],"version-history":[{"count":0,"href":"https:\/\/www.europesays.com\/es\/wp-json\/wp\/v2\/posts\/131693\/revisions"}],"wp:featuredmedia":[{"embeddable":true,"href":"https:\/\/www.europesays.com\/es\/wp-json\/wp\/v2\/media\/131694"}],"wp:attachment":[{"href":"https:\/\/www.europesays.com\/es\/wp-json\/wp\/v2\/media?parent=131693"}],"wp:term":[{"taxonomy":"category","embeddable":true,"href":"https:\/\/www.europesays.com\/es\/wp-json\/wp\/v2\/categories?post=131693"},{"taxonomy":"post_tag","embeddable":true,"href":"https:\/\/www.europesays.com\/es\/wp-json\/wp\/v2\/tags?post=131693"}],"curies":[{"name":"wp","href":"https:\/\/api.w.org\/{rel}","templated":true}]}}