{"id":131697,"date":"2025-09-22T12:03:09","date_gmt":"2025-09-22T12:03:09","guid":{"rendered":"https:\/\/www.europesays.com\/es\/131697\/"},"modified":"2025-09-22T12:03:09","modified_gmt":"2025-09-22T12:03:09","slug":"zoe-backstedt-domina-la-contrarreloj-sub23-en-el-mundial-de-ciclismo-de-ruanda","status":"publish","type":"post","link":"https:\/\/www.europesays.com\/es\/131697\/","title":{"rendered":"Zoe B\u00e4ckstedt domina la contrarreloj sub23 en el Mundial de Ciclismo de Ruanda"},"content":{"rendered":"<p data-mrf-recirculation=\"Links P\u00e1rrafos\" class=\"ue-c-article__paragraph paragraph ue-c-article--first-letter-highlighted\">La joven promesa del ciclismo brit\u00e1nico, <strong>Zoe B\u00e4ckstedt,<\/strong> dej\u00f3 su huella en el Mundial de Ciclismo de Ruanda, al imponerse con una impresionante victoria en la prueba de contrarreloj Sub23.\u00a0<\/p>\n<p>Dominio de Zoe en Kigali<\/p>\n<p data-mrf-recirculation=\"Links P\u00e1rrafos\" class=\"ue-c-article__paragraph paragraph\">Con un tiempo de<strong> 30&#8217;56\u00bb en los 22.6 km de recorrido<\/strong>, que incluy\u00f3 desgastantes repechos y trechos de adoquines, <strong>B\u00e4ckstedt <\/strong>demostr\u00f3 que no ten\u00eda rival en la jornada. Actualmente compite con <strong>Canyon\/\/SRAM zondacrypto,<\/strong> y su futuro en el ciclismo se perfila brillante tras este nuevo \u00e9xito.<\/p>\n<p data-mrf-recirculation=\"Links P\u00e1rrafos\" class=\"ue-c-article__paragraph paragraph\">Desde los puntos intermedios, la brit\u00e1nica hab\u00eda dejado claro que iba camino a la victoria, con tiempos que ya indicaban su supremac\u00eda sobre el resto de las competidoras. A su paso por los dos primeros controles, la diferencia a favor de Zoe era abismal, y al final, cruz\u00f3 la l\u00ednea de meta con 1&#8217;50\u00bb de ventaja sobre <strong>Viktoria Chl\u00e1donov\u00e1 (2\u00aa) y 2&#8217;11\u00bb por delante de Federica Venturelli (3\u00aa).<\/strong><\/p>\n<p><img decoding=\"async\" width=\"638\" height=\"429\" class=\"ue-c-article__image lazyload\" alt=\"Clasificaci\u00f3n sub-23 femenino.\" loading=\"lazy\" src=\"https:\/\/www.europesays.com\/es\/wp-content\/uploads\/2025\/09\/68d1296bb1ea6.png\"\/><\/p>\n<p>Clasificaci\u00f3n sub-23 femenino.<\/p>\n<p data-mrf-recirculation=\"Links P\u00e1rrafos\" class=\"ue-c-article__paragraph paragraph\">Con una extraordinaria gesti\u00f3n de la prueba, la ciclista de<strong> 20 a\u00f1os<\/strong> a\u00f1adi\u00f3 una nueva victoria a su creciente palmar\u00e9s, que sigue aumentando a\u00f1o tras a\u00f1o. A pesar de la exigencia del trazado, <strong>B\u00e4ckstedt <\/strong>mantuvo un ritmo imparable hasta el final. <strong>La espa\u00f1ola Paula Blasi termin\u00f3 en 12\u00aa posici\u00f3n con un tiempo de 3&#8217;14\u00bb detr\u00e1s de la ganadora.<\/strong><\/p>\n","protected":false},"excerpt":{"rendered":"La joven promesa del ciclismo brit\u00e1nico, Zoe B\u00e4ckstedt, dej\u00f3 su huella en el Mundial de Ciclismo de Ruanda,&hellip;\n","protected":false},"author":2,"featured_media":131698,"comment_status":"","ping_status":"","sticky":false,"template":"","format":"standard","meta":{"footnotes":""},"categories":[273],"tags":[313,312,168,25,24,23,167],"class_list":{"0":"post-131697","1":"post","2":"type-post","3":"status-publish","4":"format-standard","5":"has-post-thumbnail","7":"category-ciclismo","8":"tag-ciclismo","9":"tag-cycling","10":"tag-deportes","11":"tag-es","12":"tag-espana","13":"tag-spain","14":"tag-sports"},"share_on_mastodon":{"url":"","error":""},"_links":{"self":[{"href":"https:\/\/www.europesays.com\/es\/wp-json\/wp\/v2\/posts\/131697","targetHints":{"allow":["GET"]}}],"collection":[{"href":"https:\/\/www.europesays.com\/es\/wp-json\/wp\/v2\/posts"}],"about":[{"href":"https:\/\/www.europesays.com\/es\/wp-json\/wp\/v2\/types\/post"}],"author":[{"embeddable":true,"href":"https:\/\/www.europesays.com\/es\/wp-json\/wp\/v2\/users\/2"}],"replies":[{"embeddable":true,"href":"https:\/\/www.europesays.com\/es\/wp-json\/wp\/v2\/comments?post=131697"}],"version-history":[{"count":0,"href":"https:\/\/www.europesays.com\/es\/wp-json\/wp\/v2\/posts\/131697\/revisions"}],"wp:featuredmedia":[{"embeddable":true,"href":"https:\/\/www.europesays.com\/es\/wp-json\/wp\/v2\/media\/131698"}],"wp:attachment":[{"href":"https:\/\/www.europesays.com\/es\/wp-json\/wp\/v2\/media?parent=131697"}],"wp:term":[{"taxonomy":"category","embeddable":true,"href":"https:\/\/www.europesays.com\/es\/wp-json\/wp\/v2\/categories?post=131697"},{"taxonomy":"post_tag","embeddable":true,"href":"https:\/\/www.europesays.com\/es\/wp-json\/wp\/v2\/tags?post=131697"}],"curies":[{"name":"wp","href":"https:\/\/api.w.org\/{rel}","templated":true}]}}