{"id":131711,"date":"2025-09-22T12:12:09","date_gmt":"2025-09-22T12:12:09","guid":{"rendered":"https:\/\/www.europesays.com\/es\/131711\/"},"modified":"2025-09-22T12:12:09","modified_gmt":"2025-09-22T12:12:09","slug":"angelina-jolie-amo-a-mi-pais-pero-no-lo-reconozco-en-este-momento-el-mundo","status":"publish","type":"post","link":"https:\/\/www.europesays.com\/es\/131711\/","title":{"rendered":"Angelina Jolie: &quot;Amo a mi pa\u00eds, pero no lo reconozco en este momento&quot; &#8211; El Mundo"},"content":{"rendered":"<ol>\n<li><a href=\"https:\/\/news.google.com\/rss\/articles\/CBMiigFBVV95cUxPNDRqemoyTGFpVmtiMlFfMFY1bS1DVTRtcWQ2N3BDd3JlRkxJeFRVRkFoeDJlX0Q3a3FDNDZfTy1Xa2xGeHpUMkNqZWRaM3l3RHFMXzd6QWNFQUE3YnFkMDlyZkZRMFh6OGNGYlJ5ZmVrVGhzSnZ5Qk56WjRCYXhtUGFBUU1YZDVHWkHSAYoBQVVfeXFMTW1pQjJxcUdDdmQ5ZnEzdnNaNExZczRVSS1TQVJ5Tl9lYndIanYwU3pCV2NhRVN4ZzQ3eEpzc0M5T0NuemxsMmEzcVBpaEhLUXVuUG1ZVWVsWVYtbUJiZUpzX1hudDl6WnR5cmxnVEVXY05QMjZnVE43alNhMHhqSlRWdXVmOVlqQVN3?oc=5\" target=\"_blank\" rel=\"nofollow noopener\">Angelina Jolie: \u00abAmo a mi pa\u00eds, pero no lo reconozco en este momento\u00bb<\/a>&nbsp;&nbsp;El Mundo<\/li>\n<li><a href=\"https:\/\/news.google.com\/rss\/articles\/CBMiiAFBVV95cUxNYmI3eGxVcTVyU1k2Q3NzY1UzUEltSmcwNGxaQ0EzR2tET2xZdjd0Sm1LT3BqYVI3RndvRUhpQ0tNeEFtV1pSWldVVzJ6bU4ta25ETHM1LXUtZ1N3MVpsOXlqcHNOYzZPcHl3VXgyOWdCUzYxR0wtVUF5aXdsei02V0I3aklEQ1JM0gGIAUFVX3lxTE1ZQW4zdEJlV3FTZ2lfQUxoS1BsS0ZnakNrcjdkX3UwVGtlMnlZVlMzbnJMT3RTb254YV94VTZVdEJNMjlfSUk3QUVQMDZZRFg5V2RCUDFNcko4aTNuNzF5MmNrUGJSUGdOVWVPb0JPQmxfdXdKQTZVX0lZNWIyZWtoclZjMENYNXk?oc=5\" target=\"_blank\" rel=\"nofollow noopener\">Angelina Jolie, de terciopelo negro; Heidi Klum, en versi\u00f3n b\u00e1vara; y Sara S\u00e1lamo, con el look oversize que copiar\u00e1s este oto\u00f1o, entre los estilismos del d\u00eda<\/a>&nbsp;&nbsp;El Mundo<\/li>\n<li><a href=\"https:\/\/news.google.com\/rss\/articles\/CBMivwFBVV95cUxOemdCV3lwdzRxZXdXZFJSQ0drSURCTUIwVHc3a1ZqNXJCaEREa2VRRkZGX285T25uOHBTMG9BX3hYZ09RMGRYYjg0Y3ZyblkyWDFOcnZwQzhMc1pvb0FEd0hGdDhYU0NpZk5EYlNPNEVrM2lIOU1GVF9qdzlqTmJVY2VYLVZjOUNnb0FWaHVkZWt6aWdzTHdLVEZIRW9BeTNQNDlkZFVsYmN4WGhmaVZ4TXV4YlBzYTdhMHlBbEhjWQ?oc=5\" target=\"_blank\" rel=\"nofollow noopener\">Angelina Jolie aparece espectacular de terciopelo en el Festival de San Sebasti\u00e1n | Fotos | Famosos | S Moda<\/a>&nbsp;&nbsp;EL PA\u00cdS<\/li>\n<li><a href=\"https:\/\/news.google.com\/rss\/articles\/CBMifkFVX3lxTE0xU2RZeUQ2NF9JUFM4NW9YNzViNkIwbm94TW1DODkybm9RRHRqUkN2SG1IeFJJVGNLWGxaQ1Y4SUFYbEFTVTZBRzdadEROcVZDSFEzWTFWMDBJZ2haWDdPM18tNEgtWUdId2R6a3BNaTFiaUFGdHAxcDRLTUR6Z9IBfkFVX3lxTFBUOS16R1FMUVIxSkM4YnBxS012RE9NLTdYRXRFYWtURTNhMXF6ZVE4cFVIZDFDcU1sQkZRYTdVa1RWVmF5aVh0Rk5OcUp3WE44U0hHTTZ0d0o0cE9SeE5EM1phOGNVeVFLamktWUhTcElvRUx0Y25ncnAtY05pUQ?oc=5\" target=\"_blank\" rel=\"nofollow noopener\">Mitad americana, mitad rebeca, necesitamos m\u00e1s chaquetas como la de Angelina Jolie en San Sebasti\u00e1n para llevar con traje de d\u00eda y con vestido de noche<\/a>&nbsp;&nbsp;Telva<\/li>\n<li><a href=\"https:\/\/news.google.com\/rss\/articles\/CBMinwFBVV95cUxQbUdpbERIRUM4T3RsVzVnN1RGWXg3NXBtTVZXcjNDYW5XVmM3b0ZpV3V6SjlqOVNVdXg0UUVuSWU5QTNWaExBSHJteDNPS1VHZlAzb0ktYUJqT21KajVGb1VKUHM3QU5qTGdzUGFNb0tpc010elBHR2dpMEpKZ1NRWC11Mm53VTZaS0gtRlhZNFgyNTZyNE1iMURwdEpJRGs?oc=5\" target=\"_blank\" rel=\"nofollow noopener\">Angelina Jolie se emociona al recordar a su madre<\/a>&nbsp;&nbsp;La Verdad<\/li>\n<\/ol>\n","protected":false},"excerpt":{"rendered":"Angelina Jolie: \u00abAmo a mi pa\u00eds, pero no lo reconozco en este momento\u00bb&nbsp;&nbsp;El Mundo Angelina Jolie, de terciopelo&hellip;\n","protected":false},"author":2,"featured_media":131712,"comment_status":"","ping_status":"","sticky":false,"template":"","format":"standard","meta":{"footnotes":""},"categories":[169],"tags":[177,4176,146,147,25,24,176,175,23],"class_list":{"0":"post-131711","1":"post","2":"type-post","3":"status-publish","4":"format-standard","5":"has-post-thumbnail","7":"category-cine","8":"tag-cine","9":"tag-cultura-cine","10":"tag-entertainment","11":"tag-entretenimiento","12":"tag-es","13":"tag-espana","14":"tag-film","15":"tag-movies","16":"tag-spain"},"share_on_mastodon":{"url":"","error":""},"_links":{"self":[{"href":"https:\/\/www.europesays.com\/es\/wp-json\/wp\/v2\/posts\/131711","targetHints":{"allow":["GET"]}}],"collection":[{"href":"https:\/\/www.europesays.com\/es\/wp-json\/wp\/v2\/posts"}],"about":[{"href":"https:\/\/www.europesays.com\/es\/wp-json\/wp\/v2\/types\/post"}],"author":[{"embeddable":true,"href":"https:\/\/www.europesays.com\/es\/wp-json\/wp\/v2\/users\/2"}],"replies":[{"embeddable":true,"href":"https:\/\/www.europesays.com\/es\/wp-json\/wp\/v2\/comments?post=131711"}],"version-history":[{"count":0,"href":"https:\/\/www.europesays.com\/es\/wp-json\/wp\/v2\/posts\/131711\/revisions"}],"wp:featuredmedia":[{"embeddable":true,"href":"https:\/\/www.europesays.com\/es\/wp-json\/wp\/v2\/media\/131712"}],"wp:attachment":[{"href":"https:\/\/www.europesays.com\/es\/wp-json\/wp\/v2\/media?parent=131711"}],"wp:term":[{"taxonomy":"category","embeddable":true,"href":"https:\/\/www.europesays.com\/es\/wp-json\/wp\/v2\/categories?post=131711"},{"taxonomy":"post_tag","embeddable":true,"href":"https:\/\/www.europesays.com\/es\/wp-json\/wp\/v2\/tags?post=131711"}],"curies":[{"name":"wp","href":"https:\/\/api.w.org\/{rel}","templated":true}]}}