{"id":131713,"date":"2025-09-22T12:13:12","date_gmt":"2025-09-22T12:13:12","guid":{"rendered":"https:\/\/www.europesays.com\/es\/131713\/"},"modified":"2025-09-22T12:13:12","modified_gmt":"2025-09-22T12:13:12","slug":"balon-de-oro-2025-en-directo-nominados-votacion-y-ultima-hora-de-la-gala-dembele-lamine-aitana","status":"publish","type":"post","link":"https:\/\/www.europesays.com\/es\/131713\/","title":{"rendered":"Bal\u00f3n de Oro 2025, en directo: nominados, votaci\u00f3n y \u00faltima hora de la gala | Demb\u00e9l\u00e9, Lamine, Aitana&#8230;"},"content":{"rendered":"<p class=\"ev-title\">Estos son los 30 nominados<\/p>\n<p><strong><a href=\"https:\/\/as.com\/futbol\/fotorrelato\/estos-son-los-nominados-al-balon-de-oro-2025-f\/\" target=\"_blank\" rel=\"nofollow noopener\">Estos son todos los nominados a ganar el Bal\u00f3n de Oro<\/a> en la categor\u00eda masculina.<\/strong><\/p>\n<p>Ousmane Demb\u00e9l\u00e9, Gianluigi Donnarumma, Jude Bellingham, D\u00e9sir\u00e9 Dou\u00e9, Denzel Dumfries, Serhou Guirassy, Erling Haaland, Viktor Gy\u00f6keres, Achraf Hakimi, Harry Kane, Khvicha Kvaratskhelia, Robert Lewandowski, Alexis Mac Allister, Lautaro Mart\u00ednez, Scott McTominay, Kylian Mbapp\u00e9, Nuno Mendes, Jo\u00e3o Neves, Pedri, Cole Palmer, Michael Olise, Raphinha,\u00a0Declan Rice, Fabi\u00e1n Ruiz, Virgil Van Dijk, Vinicius JR, Mohamed Salah, Florian Wirtz, Vitinha y Lamine Yamal.<\/p>\n","protected":false},"excerpt":{"rendered":"Estos son los 30 nominados Estos son todos los nominados a ganar el Bal\u00f3n de Oro en la&hellip;\n","protected":false},"author":2,"featured_media":88752,"comment_status":"","ping_status":"","sticky":false,"template":"","format":"standard","meta":{"footnotes":""},"categories":[93],"tags":[168,25,24,23,167],"class_list":{"0":"post-131713","1":"post","2":"type-post","3":"status-publish","4":"format-standard","5":"has-post-thumbnail","7":"category-deportes","8":"tag-deportes","9":"tag-es","10":"tag-espana","11":"tag-spain","12":"tag-sports"},"share_on_mastodon":{"url":"","error":""},"_links":{"self":[{"href":"https:\/\/www.europesays.com\/es\/wp-json\/wp\/v2\/posts\/131713","targetHints":{"allow":["GET"]}}],"collection":[{"href":"https:\/\/www.europesays.com\/es\/wp-json\/wp\/v2\/posts"}],"about":[{"href":"https:\/\/www.europesays.com\/es\/wp-json\/wp\/v2\/types\/post"}],"author":[{"embeddable":true,"href":"https:\/\/www.europesays.com\/es\/wp-json\/wp\/v2\/users\/2"}],"replies":[{"embeddable":true,"href":"https:\/\/www.europesays.com\/es\/wp-json\/wp\/v2\/comments?post=131713"}],"version-history":[{"count":0,"href":"https:\/\/www.europesays.com\/es\/wp-json\/wp\/v2\/posts\/131713\/revisions"}],"wp:featuredmedia":[{"embeddable":true,"href":"https:\/\/www.europesays.com\/es\/wp-json\/wp\/v2\/media\/88752"}],"wp:attachment":[{"href":"https:\/\/www.europesays.com\/es\/wp-json\/wp\/v2\/media?parent=131713"}],"wp:term":[{"taxonomy":"category","embeddable":true,"href":"https:\/\/www.europesays.com\/es\/wp-json\/wp\/v2\/categories?post=131713"},{"taxonomy":"post_tag","embeddable":true,"href":"https:\/\/www.europesays.com\/es\/wp-json\/wp\/v2\/tags?post=131713"}],"curies":[{"name":"wp","href":"https:\/\/api.w.org\/{rel}","templated":true}]}}