{"id":131714,"date":"2025-09-22T12:14:09","date_gmt":"2025-09-22T12:14:09","guid":{"rendered":"https:\/\/www.europesays.com\/es\/131714\/"},"modified":"2025-09-22T12:14:09","modified_gmt":"2025-09-22T12:14:09","slug":"comienza-la-inmunizacion-de-menores-de-6-meses","status":"publish","type":"post","link":"https:\/\/www.europesays.com\/es\/131714\/","title":{"rendered":"comienza la inmunizaci\u00f3n de menores de 6 meses"},"content":{"rendered":"<p><img decoding=\"async\" class=\"voc-author__img\" src=\"https:\/\/www.europesays.com\/es\/wp-content\/uploads\/2025\/09\/autor-4367-foto-2.jpeg\" alt=\"Davinia Delgado\"\/><\/p>\n<p>22\/09\/2025<br \/>\n<br \/><strong><br \/>\nActualizado a las 13:50h.<br \/>\n<\/strong><\/p>\n<p class=\"voc-p\" style=\"\">La campa\u00f1a de vacunaci\u00f3n contra la <a href=\"https:\/\/www.sspa.juntadeandalucia.es\/servicioandaluzdesalud\/todas-noticia\/salud-inicia-la-campana-de-vacunacion-frente-la-bronquiolitis-en-ninos-menores-de-seis-meses\" target=\"_blank\" data-voc-vtm-id=\"in-text-traffic\" title=\"bronquiolitis\" data-mrf-link=\"www.sspa.juntadeandalucia.es\" rel=\"nofollow noopener\">bronquiolitis<\/a>, provocada principalmente por el <strong>virus respiratorio sincitial (VRS)<\/strong>, ha comenzado este lunes en <a href=\"https:\/\/www.abc.es\/espana\/andalucia\/cordoba\/\" data-voc-vtm-id=\"in-text-traffic\" title=\"C\u00f3rdoba \" data-mrf-link=\"www.abc.es\" rel=\"nofollow noopener\" target=\"_blank\">C\u00f3rdoba <\/a>con el llamamiento progresivo a las familias con ni\u00f1os <strong>menores de seis meses<\/strong>. La iniciativa, que ya alcanza su tercera edici\u00f3n, se extender\u00e1 hasta el <strong>31 de marzo de 2026<\/strong>, inmunizando tambi\u00e9n a los beb\u00e9s en el hospital al nacer o antes del alta.<\/p>\n<p class=\"voc-p\" style=\"\"><strong>Mar\u00eda Jes\u00fas Botella<\/strong>, delegada de Salud de la Junta de Andaluc\u00eda en C\u00f3rdoba, ha explicado desde el centro de salud de la avenida del Aeropuerto que la campa\u00f1a se dirige tambi\u00e9n a ni\u00f1os y ni\u00f1as de un a\u00f1o que hayan sido prematuros de<strong> menos de 35 semanas<\/strong> de gestaci\u00f3n y a menores de dos a\u00f1os con patolog\u00edas que les hacen especialmente vulnerables. <\/p>\n<p class=\"voc-p\" style=\"\">\u00abAntes de que se distribuyera esta vacuna, uno de cada 50 ni\u00f1os en sus primeros meses de edad eran ingresados en el hospital por bronquiolitis, y esta cifra se ha reducido el n\u00famero de ingresos en un 80%. Adem\u00e1s, tambi\u00e9n se ha visto, durante estos dos a\u00f1os ya de experiencia de vacunaci\u00f3n, que<strong> no tiene efectos adversos<\/strong>\u00bb, ha se\u00f1alado Botella. La Junta de Andaluc\u00eda conf\u00eda en alcanzar o superar las tasas de vacunaci\u00f3n del a\u00f1o pasado, que rondaron el 95%.<\/p>\n<p>\nEficacia\n<\/p>\n<p class=\"voc-p\" style=\"\">Por su parte,<strong> Ana Leal<\/strong>, directora gerente del distrito sanitario C\u00f3rdoba-Guadalquivir, ha recalcado la eficacia de la vacuna y su impacto en los pacientes ingresados: \u00abIncluso los que han tenido que ingresar, el tiempo de evoluci\u00f3n en el hospital o en el ingreso en la UCI ha sido muy cortito, con lo cual ha mejorado tambi\u00e9n su estado sanitario\u00bb. <\/p>\n<p class=\"voc-p\" style=\"\">La pediatra Teresa de Toro, que tambi\u00e9n ha intervenido en la presentaci\u00f3n de la campa\u00f1a, ha incidido en la seguridad del f\u00e1rmaco, <strong>Irsevimar<\/strong>, y en la mejora de la salud y la conciliaci\u00f3n familiar que proporciona. \u00abNo se ha declarado ninguna alerta sanitaria en las comunidades donde se administra. La vacuna reduce el 80% de los ingresos hospitalarios y protege a los beb\u00e9s m\u00e1s peque\u00f1os o con mayor riesgo\u00bb, ha indicado a los medios de comunicaci\u00f3n. <\/p>\n<p class=\"voc-p\" style=\"\">De Toro ha detallado que la bronquiolitis puede causar <strong>s\u00edntomas <\/strong>catarrales, fiebre y dificultad respiratoria, en algunos casos grave, y que la vacunaci\u00f3n previene estas complicaciones.<\/p>\n<p>Reportar un error<\/p>\n","protected":false},"excerpt":{"rendered":"22\/09\/2025 Actualizado a las 13:50h. La campa\u00f1a de vacunaci\u00f3n contra la bronquiolitis, provocada principalmente por el virus respiratorio&hellip;\n","protected":false},"author":2,"featured_media":131715,"comment_status":"","ping_status":"","sticky":false,"template":"","format":"standard","meta":{"footnotes":""},"categories":[92],"tags":[39397,40845,10341,2760,25,24,165,42134,1567,1140,166,23,8177],"class_list":{"0":"post-131714","1":"post","2":"type-post","3":"status-publish","4":"format-standard","5":"has-post-thumbnail","7":"category-salud","8":"tag-arrancan","9":"tag-bronquiolitis","10":"tag-citas","11":"tag-cordoba","12":"tag-es","13":"tag-espana","14":"tag-health","15":"tag-inmunizar","16":"tag-menores","17":"tag-meses","18":"tag-salud","19":"tag-spain","20":"tag-vacuna"},"share_on_mastodon":{"url":"","error":""},"_links":{"self":[{"href":"https:\/\/www.europesays.com\/es\/wp-json\/wp\/v2\/posts\/131714","targetHints":{"allow":["GET"]}}],"collection":[{"href":"https:\/\/www.europesays.com\/es\/wp-json\/wp\/v2\/posts"}],"about":[{"href":"https:\/\/www.europesays.com\/es\/wp-json\/wp\/v2\/types\/post"}],"author":[{"embeddable":true,"href":"https:\/\/www.europesays.com\/es\/wp-json\/wp\/v2\/users\/2"}],"replies":[{"embeddable":true,"href":"https:\/\/www.europesays.com\/es\/wp-json\/wp\/v2\/comments?post=131714"}],"version-history":[{"count":0,"href":"https:\/\/www.europesays.com\/es\/wp-json\/wp\/v2\/posts\/131714\/revisions"}],"wp:featuredmedia":[{"embeddable":true,"href":"https:\/\/www.europesays.com\/es\/wp-json\/wp\/v2\/media\/131715"}],"wp:attachment":[{"href":"https:\/\/www.europesays.com\/es\/wp-json\/wp\/v2\/media?parent=131714"}],"wp:term":[{"taxonomy":"category","embeddable":true,"href":"https:\/\/www.europesays.com\/es\/wp-json\/wp\/v2\/categories?post=131714"},{"taxonomy":"post_tag","embeddable":true,"href":"https:\/\/www.europesays.com\/es\/wp-json\/wp\/v2\/tags?post=131714"}],"curies":[{"name":"wp","href":"https:\/\/api.w.org\/{rel}","templated":true}]}}