{"id":131716,"date":"2025-09-22T12:15:10","date_gmt":"2025-09-22T12:15:10","guid":{"rendered":"https:\/\/www.europesays.com\/es\/131716\/"},"modified":"2025-09-22T12:15:10","modified_gmt":"2025-09-22T12:15:10","slug":"las-compras-de-zara-que-recomendamos-para-esta-semana-cazadora-efecto-pelo-trenchs-jersey-de-rombos-y-colores-frios-para-recibir-al-otono-el-mundo","status":"publish","type":"post","link":"https:\/\/www.europesays.com\/es\/131716\/","title":{"rendered":"Las compras de Zara que recomendamos para esta semana: cazadora efecto pelo, trenchs, jersey de rombos y colores fr\u00edos para recibir al oto\u00f1o &#8211; El Mundo"},"content":{"rendered":"<ol>\n<li><a href=\"https:\/\/news.google.com\/rss\/articles\/CBMigAFBVV95cUxOX2NSVkQ1YTJqdUtnUEJFYzMxZGdza1J3ZWhXMWZFVE4yY01iRkwzcG5Odm1HLUxpbThYTjdTbk0zQW5MZTh0aHowa3FqQ2p3Tm5iakNDN3NtNUFhVkZkVVlnQkVFMWlRWmtQeE5LR0V3QnNFSXNEeUl4dlNrMEIyZg?oc=5\" target=\"_blank\" rel=\"nofollow noopener\">Las compras de Zara que recomendamos para esta semana: cazadora efecto pelo, trenchs, jersey de rombos y colores fr\u00edos para recibir al oto\u00f1o<\/a>&nbsp;&nbsp;El Mundo<\/li>\n<li><a href=\"https:\/\/news.google.com\/rss\/articles\/CBMijAFBVV95cUxPbDZ5N1V4RXd0b2tEUFBjMVROS01aalNZSW1pczlESjVsdjQwQWVkZE1JVkNWR1g2OEs4UkMyNXJxMW1yVWJkV0ZVbzFRS2JfRmE1UHJiZmx6cEVXbktTZktDMEQ1cjNJUmplZlBqZ0RpMDFlRk1ZVGhKM0U0Q2QtTzlLbGl4NWNrOHlKQg?oc=5\" target=\"_blank\" rel=\"nofollow noopener\">5 chaquetas de tendencia oto\u00f1o 2025 de Zara que agotar\u00e1n las m\u00e1s elegantes<\/a>&nbsp;&nbsp;ELLE<\/li>\n<li><a href=\"https:\/\/news.google.com\/rss\/articles\/CBMitwFBVV95cUxPZHo0N2hNQjNhX19QTGRpWTJSenpMYTl3SlJiTmpSSUU5X3RQX3FzVE5jTW10MS1PNjFLMjVWR0hMOG4wdXlqMDRlZS1JM2N5SGlEODRKZjE1QVhLckhDdl9hdlN3OTVKREtjempIV0tyVVdOUzZnLVR0VXhNd3U5YzVCWTcxRG1rVmFhdEhYRXd6OEpYOG40Qm1WbUR6SVd6cjdMMVVDbi12azNpZE5oa1ViVERZY3M?oc=5\" target=\"_blank\" rel=\"nofollow noopener\">Jueves de novedades de Zara con las piezas para vestir como las que mejor visten: del bolso shopper de piel a la gabardina de ante<\/a>&nbsp;&nbsp;Vanitatis<\/li>\n<li><a href=\"https:\/\/news.google.com\/rss\/articles\/CBMiswFBVV95cUxORzROZlJ4SE53TmcxVWN3RXRsMFM1RGtRd2toRnpVdV9nNjM4VjhSRjhzb3l3VFFfUkZ4YnFJbi1neUlXV0c0UWVqUTVaWXl6U3hWRlZneXF2dTh5SVhOWUh4WHZ0UGZUbmdpN3E3Z1lMbG8xbU1EOFNSbzhWZTRTbFlQVnZPbVd0YWl2VjgwOHlVYlVKcVV0b3hHSlNXM0VtZnM2ejNuYnhEZ1RjVVBCM3ZWMNIBuAFBVV95cUxQTU5zYng4cGJ5THRPYUFXWHN5VUZZaTJaVnFOdHAxYkkwaXNWeVpLMXZmQngtN2NueUh1SDNzUU1lUHVoZmVKaXFaMjJ5Sk1fQUJsc3hoR3RqMDV1OWZreFRHcHlqVjNFbnZTUTlieFdrX3lyMUtaT09oaWEzVUR0WjkwN19qek9kSHNEZWc4bVhZRFhNNVR0OF9sLUx0Z3lZWlpON2lhS0lteDlYbnUwc3BPSFltMmlG?oc=5\" target=\"_blank\" rel=\"nofollow noopener\">Las compras de Zara de la semana: vestidos de entretiempo, vaqueros que hacen tipazo y chaquetas tipo trench<\/a>&nbsp;&nbsp;Mujerhoy<\/li>\n<li><a href=\"https:\/\/news.google.com\/rss\/articles\/CBMiwAFBVV95cUxQcTNQZ002VUd5Vl9Tc0xYNDd2Sk1aSlVDSzJWZFdWRkRwb091Nk5LQVVreTM5WElWSE9UdVlLdXB6ZHBOQTl5cW1KMWxlYzRoU2hwZGhEMXRpbG1jcGdqbHJWZEQybmlpQXVkaEpIT0J5XzY4UXVGZEFyVTU1MFR1ZjhqSi1XV0ZZZUpoQVM4TEt3Zk82WXA4bEFyUUdIdk9YdmhCaGRydHhnM1hzb01sZXlLMF9WVl9rOTVsVWRzSWo?oc=5\" target=\"_blank\" rel=\"nofollow noopener\">Han llegado hoy a Zara las chaquetitas de punto elegantes que las mujeres de 60 llevar\u00e1n este oto\u00f1o<\/a>&nbsp;&nbsp;El Mueble<\/li>\n<\/ol>\n","protected":false},"excerpt":{"rendered":"Las compras de Zara que recomendamos para esta semana: cazadora efecto pelo, trenchs, jersey de rombos y colores&hellip;\n","protected":false},"author":2,"featured_media":131717,"comment_status":"","ping_status":"","sticky":false,"template":"","format":"standard","meta":{"footnotes":""},"categories":[91],"tags":[146,147,25,24,1023,12190,23,6761,11068,28682,28793,7335],"class_list":{"0":"post-131716","1":"post","2":"type-post","3":"status-publish","4":"format-standard","5":"has-post-thumbnail","7":"category-entretenimiento","8":"tag-entertainment","9":"tag-entretenimiento","10":"tag-es","11":"tag-espana","12":"tag-moda","13":"tag-otono","14":"tag-spain","15":"tag-tresb","16":"tag-yodona","17":"tag-yodona-moda","18":"tag-yodonadiario","19":"tag-zara"},"share_on_mastodon":{"url":"","error":""},"_links":{"self":[{"href":"https:\/\/www.europesays.com\/es\/wp-json\/wp\/v2\/posts\/131716","targetHints":{"allow":["GET"]}}],"collection":[{"href":"https:\/\/www.europesays.com\/es\/wp-json\/wp\/v2\/posts"}],"about":[{"href":"https:\/\/www.europesays.com\/es\/wp-json\/wp\/v2\/types\/post"}],"author":[{"embeddable":true,"href":"https:\/\/www.europesays.com\/es\/wp-json\/wp\/v2\/users\/2"}],"replies":[{"embeddable":true,"href":"https:\/\/www.europesays.com\/es\/wp-json\/wp\/v2\/comments?post=131716"}],"version-history":[{"count":0,"href":"https:\/\/www.europesays.com\/es\/wp-json\/wp\/v2\/posts\/131716\/revisions"}],"wp:featuredmedia":[{"embeddable":true,"href":"https:\/\/www.europesays.com\/es\/wp-json\/wp\/v2\/media\/131717"}],"wp:attachment":[{"href":"https:\/\/www.europesays.com\/es\/wp-json\/wp\/v2\/media?parent=131716"}],"wp:term":[{"taxonomy":"category","embeddable":true,"href":"https:\/\/www.europesays.com\/es\/wp-json\/wp\/v2\/categories?post=131716"},{"taxonomy":"post_tag","embeddable":true,"href":"https:\/\/www.europesays.com\/es\/wp-json\/wp\/v2\/tags?post=131716"}],"curies":[{"name":"wp","href":"https:\/\/api.w.org\/{rel}","templated":true}]}}