{"id":131721,"date":"2025-09-22T12:18:07","date_gmt":"2025-09-22T12:18:07","guid":{"rendered":"https:\/\/www.europesays.com\/es\/131721\/"},"modified":"2025-09-22T12:18:07","modified_gmt":"2025-09-22T12:18:07","slug":"reino-unido-y-francia-advierten-a-israel-ante-posibles-represalias-por-reconocer-el-estado-de-palestina","status":"publish","type":"post","link":"https:\/\/www.europesays.com\/es\/131721\/","title":{"rendered":"Reino Unido y Francia advierten a Israel ante posibles represalias por reconocer el Estado de Palestina"},"content":{"rendered":"<p><strong>Reino Unido y Francia<\/strong> han advertido a Israel que <strong>responder\u00e1n ante las posibles represalias<\/strong> anunciadas por Israel despu\u00e9s de que ambos pa\u00edses dieran el paso de reconocer el Estado palestino. El primer ministro israel\u00ed, Benjam\u00edn Netanyahu, asegur\u00f3 el domingo que <a href=\"https:\/\/www.rtve.es\/noticias\/20250921\/netanyahu-defendera-onu-vision-israel-paz-gaza\/16737969.shtml\" rel=\"nofollow noopener\" target=\"_blank\">la soluci\u00f3n de dos Estados \u00abno suceder\u00e1\u00bb<\/a> y adelant\u00f3 que dar\u00eda una respuesta ante una decisi\u00f3n que tacha de \u00abrecompensa al terrorismo\u00bb.<\/p>\n<p>La ministra brit\u00e1nica de Exteriores, Yvette Cooper, ha advertido al Gobierno israel\u00ed contra cualquier represalia, por ejemplo, la anexi\u00f3n de m\u00e1s territorio en Cisjordania. \u00abLe he dejado claro al ministro de Exteriores israel\u00ed que <strong>no deben hacer eso<\/strong>, y le he dejado claro tambi\u00e9n que la decisi\u00f3n que hemos tomado es la mejor manera de respetar la seguridad tanto de Israel como de los palestinos\u00bb, ha declarado a la BBC desde Nueva York, donde participar\u00e1 en la conferencia internacional sobre la soluci\u00f3n de dos Estados, que arranca este lunes.<\/p>\n<p>\u00abLo f\u00e1cil ser\u00eda dar marcha atr\u00e1s y decir: &#8216;Bueno, es demasiado dif\u00edcil&#8217;. Pero pensamos que eso est\u00e1 mal, despu\u00e9s de haber visto tanta devastaci\u00f3n, tanto sufrimiento\u00bb, ha dicho Cooper, que asegura que se trata de \u00abproteger la paz, la justicia y, fundamentalmente, la seguridad de Oriente Medio\u00bb y que Londres seguir\u00e1 trabajando \u00abcon todo el mundo en esa regi\u00f3n para lograrlo\u00bb. \u00abAs\u00ed como reconocemos a Israel, el Estado de Israel, <strong>tambi\u00e9n debemos reconocer el derecho de los palestinos a un Estado propio<\/strong>\u00ab, ha a\u00f1adido. <\/p>\n<p>El primer ministro, <strong>Keir Starme<\/strong>r, hab\u00eda anunciado en julio que <a href=\"https:\/\/www.rtve.es\/noticias\/20250921\/reino-unido-reconocera-estado-palestino-domingo\/16737759.shtml\" rel=\"nofollow noopener\" target=\"_blank\">su pa\u00eds tomar\u00eda esta medida<\/a> durante la Asamblea General de la ONU en septiembre, salvo que Israel asumiera compromisos como un alto el fuego en la Franja de Gaza. Finalmente, <\/p>\n<p>Cooper ha asegurado que usar\u00e1 la Conferencia sobre la soluci\u00f3n de dos Estados durante la Asamblea General de la ONU para consensuar con otros pa\u00edses los pasos hacia ese objetivo, como la constituci\u00f3n de un gobierno de transici\u00f3n palestino y medidas de seguridad, con la exclusi\u00f3n expresa del grupo islamista Ham\u00e1s. <\/p>\n<p>Francia replicar\u00e1 \u00abcon una extrema firmeza\u00bb<\/p>\n<p>El ministro franc\u00e9s de Exteriores, <strong>Jean-Noel Barrot<\/strong>, tambi\u00e9n ha advertido a Israel que si toma represalias a su reconocimiento del Estado palestino, como el cierre de su embajada, replicar\u00e1 \u00abcon una extrema firmeza\u00bb. \u00abSi se toman ese tipo de medidas, <strong>responderemos con una extrema firmeza<\/strong>. Espero que no llegaremos hasta all\u00ed\u00bb, ha afirmado el ministro en una entrevista al canal TF1.<\/p>\n<p>La iniciativa del reconocimiento del Estado palestino, ha indicado el titular de Exteriores franc\u00e9s, \u00ab<strong>concurre a la seguridad de Israel<\/strong>\u00ab. \u00abSu aplicaci\u00f3n ser\u00e1 progresiva y condicionada a elementos sobre el terreno, incluida la liberaci\u00f3n de los rehenes\u00bb, ha puntualizado despu\u00e9s. <\/p>\n<p>Francia ha fijado como condici\u00f3n para el reconocimiento que la Autoridad Nacional Palestina (ANP), como se ha comprometido, lleve a cabo una profunda reforma de su gobernanza, y que haya un desarme de Ham\u00e1s, que tendr\u00eda que dejar de controlar la Franja de Gaza. \u00abNuestro an\u00e1lisis, nuestra convicci\u00f3n profunda es que <strong>el Estado de Palestina significa el fin de Ham\u00e1s y la seguridad para Isra<\/strong>el\u00bb, ha dicho Barrot. <\/p>\n<p>Francia se sumar\u00e1 este lunes de manera oficial a la lista de <strong>150 pa\u00edses que ya reconocen el Estado de Palestina<\/strong>, con un discurso esta tarde del presidente franc\u00e9s, Emmanuel Macron, en Nueva York, con ocasi\u00f3n de la apertura de la Asamblea General de la ONU. Seguir\u00e1n sus pasos B\u00e9lgica, Malta, Andorra, Luxemburgo y San Marino. Reino Unido, Australia, Canad\u00e1 y Portugal lo hicieron el lunes. <\/p>\n<p>Netanyahu asegura que la creaci\u00f3n del Estado palestino \u00abno suceder\u00e1\u00bb<\/p>\n<p>El domingo, el primer ministro israel\u00ed, <strong>Benjam\u00edn Netanyahu<\/strong>, asegur\u00f3 que \u00abno habr\u00e1 un Estado palestino\u00bb pese al reconocimiento de varios pa\u00edses y adelant\u00f3 que <strong>anunciar\u00eda una \u00abrespuesta\u00bb<\/strong> a esa decisi\u00f3n a su vuelta de la Asamblea General de la ONU. <\/p>\n<p>\u00abEso no suceder\u00e1. No se establecer\u00e1 un Estado palestino al oeste del r\u00edo Jord\u00e1n\u00bb, sostuvo Netanyahu, que asegura que los l\u00edderes internacionales que han reconocido Palestina le est\u00e1n dando \u00abuna enorme recompensa al terrorismo\u00bb.<\/p>\n<p>Antes de la 80\u00aa Asamblea General de la ONU, Nueva York acoge una <strong>conferencia internacional <\/strong>sobre la cuesti\u00f3n palestina con el fin de reavivar la<strong> soluci\u00f3n de los dos Estados en Oriente Medio<\/strong>. Es la continuaci\u00f3n de la Conferencia para la Soluci\u00f3n Pac\u00edfica de la Cuesti\u00f3n de Palestina y la Implementaci\u00f3n de la soluci\u00f3n de dos Estados que arranc\u00f3 en julio y que tuvo como resultado la aprobaci\u00f3n por amplia mayor\u00eda de la conocida como Declaraci\u00f3n de Nueva York.<\/p>\n<p>El texto busca impulsar con \u00abmedidas tangibles\u00bb y \u00abplazos concretos\u00bb la soluci\u00f3n de los dos Estados, israel\u00ed y palestino y exige a Ham\u00e1s que deje de \u00abejercer su autoridad sobre la Franja de Gaza\u00bb.<\/p>\n","protected":false},"excerpt":{"rendered":"Reino Unido y Francia han advertido a Israel que responder\u00e1n ante las posibles represalias anunciadas por Israel despu\u00e9s&hellip;\n","protected":false},"author":2,"featured_media":131722,"comment_status":"","ping_status":"","sticky":false,"template":"","format":"standard","meta":{"footnotes":""},"categories":[42],"tags":[17,18,13,14,11,61,62,63,64,19,20,9,10,15,16,12,21,22,65,66,67],"class_list":{"0":"post-131721","1":"post","2":"type-post","3":"status-publish","4":"format-standard","5":"has-post-thumbnail","7":"category-internacional","8":"tag-breaking-news","9":"tag-breakingnews","10":"tag-featured-news","11":"tag-featurednews","12":"tag-headlines","13":"tag-internacional","14":"tag-international","15":"tag-international-news","16":"tag-internationalnews","17":"tag-latest-news","18":"tag-latestnews","19":"tag-news","20":"tag-noticias","21":"tag-noticias-destacadas","22":"tag-noticiasdestacadas","23":"tag-titulares","24":"tag-ultimas-noticias","25":"tag-ultimasnoticias","26":"tag-world","27":"tag-world-news","28":"tag-worldnews"},"share_on_mastodon":{"url":"","error":""},"_links":{"self":[{"href":"https:\/\/www.europesays.com\/es\/wp-json\/wp\/v2\/posts\/131721","targetHints":{"allow":["GET"]}}],"collection":[{"href":"https:\/\/www.europesays.com\/es\/wp-json\/wp\/v2\/posts"}],"about":[{"href":"https:\/\/www.europesays.com\/es\/wp-json\/wp\/v2\/types\/post"}],"author":[{"embeddable":true,"href":"https:\/\/www.europesays.com\/es\/wp-json\/wp\/v2\/users\/2"}],"replies":[{"embeddable":true,"href":"https:\/\/www.europesays.com\/es\/wp-json\/wp\/v2\/comments?post=131721"}],"version-history":[{"count":0,"href":"https:\/\/www.europesays.com\/es\/wp-json\/wp\/v2\/posts\/131721\/revisions"}],"wp:featuredmedia":[{"embeddable":true,"href":"https:\/\/www.europesays.com\/es\/wp-json\/wp\/v2\/media\/131722"}],"wp:attachment":[{"href":"https:\/\/www.europesays.com\/es\/wp-json\/wp\/v2\/media?parent=131721"}],"wp:term":[{"taxonomy":"category","embeddable":true,"href":"https:\/\/www.europesays.com\/es\/wp-json\/wp\/v2\/categories?post=131721"},{"taxonomy":"post_tag","embeddable":true,"href":"https:\/\/www.europesays.com\/es\/wp-json\/wp\/v2\/tags?post=131721"}],"curies":[{"name":"wp","href":"https:\/\/api.w.org\/{rel}","templated":true}]}}