{"id":131723,"date":"2025-09-22T12:19:08","date_gmt":"2025-09-22T12:19:08","guid":{"rendered":"https:\/\/www.europesays.com\/es\/131723\/"},"modified":"2025-09-22T12:19:08","modified_gmt":"2025-09-22T12:19:08","slug":"la-noche-europea-de-los-investigadores-vuelve-a-la-provincia-de-jaen-con-mas-de-80-actividades-en-su-xiv-edicion-cadena-ser","status":"publish","type":"post","link":"https:\/\/www.europesays.com\/es\/131723\/","title":{"rendered":"La Noche Europea de Los Investigadores vuelve a la provincia de Ja\u00e9n con m\u00e1s de 80 actividades en su XIV edici\u00f3n &#8211; Cadena SER"},"content":{"rendered":"<ol>\n<li><a href=\"https:\/\/news.google.com\/rss\/articles\/CBMi-wFBVV95cUxQWFNPY0o1NWNZQW1QWDNPSEQ4d1g2NUxvQjk5Szl0U0pfYnhhMDYtS0psQ2t2cDhDNENNMDllT1RMS2ZsR0Z1eVJpRWhSbUpRQ1llUUpfanFPNGUyclFXS2JaX2JBUXhHeUpFSk9sYzRVMXNKTHl5NWtzbl9QekpabVdIWFFhZ2tUcU5Fei1fN0NUbHQ3b01lZE5ILXZid01FeGZEVWR1U2JaVXV3X1JERG8zTm53akJOR2xOeFB6d18taFNIcUFtY2hDaktKWkFLUzBtNmZ4Ujl5U3VMaVFzZ0ZfTTBxT2pUN29maEZWQ3JYajFQZzFuMFhURdIBjwJBVV95cUxOWnZxLVg4bmZaWmxOUjhQX21pVEJxM1VNYW12cmVESzFXbzFPbmppVFIzSU9GMVVjUVlhUi1EUVk0Q3hUNDczZ3ZRNVdqd21lYURrWklmWXZ6RmllMnIyVE1zWnU5bnFTWEtDVGpvYTVpWmstdHpUMGdLUVhjbjUwV1BudGFVUTQtVVphQ2YtalJtRXVneFkyNXhqOWZXVGZpaWl2ZFVYbDBqYUZJclRhYkxPVmtBVGdhcjU4QXlVTEdsd2pIVjZJXzJkanI5M3BvSWZvOFZBcnY3cHBVQkJucmJMaGItMklnM3dqSTdIT1FMbFNUbzV4bkQ2eGlUalJVcjNFdjQzb19jam5YaXJF?oc=5\" target=\"_blank\" rel=\"nofollow noopener\">La Noche Europea de Los Investigadores vuelve a la provincia de Ja\u00e9n con m\u00e1s de 80 actividades en su XIV edici\u00f3n<\/a>&nbsp;&nbsp;Cadena SER<\/li>\n<li><a href=\"https:\/\/news.google.com\/rss\/articles\/CBMiowFBVV95cUxOeVRPMU1aWjVIWEVZYWdnR0dKS3pLYWRYZ0J5azEwU2doQzVHcHBtbHBRei1aUjF5VGh4bVl1ZVVPNjRQRnJ3eWJRNkZGRGV2UGFKeUc4Smw0aElMaVpRV1RlRlkxM0lKMlQyaDdWWmpuenR2cy1TLXc3ZU1ZNDVkRy01U3lxMkdEdTVKRU5WZmFncHl6ZzAyaEtCcmRyX0JqcjJR?oc=5\" target=\"_blank\" rel=\"nofollow noopener\">La ciencia vuelve a salir a la calle este viernes en la Noche Europa de los Investigadores<\/a>&nbsp;&nbsp;Ideal<\/li>\n<li><a href=\"https:\/\/news.google.com\/rss\/articles\/CBMisAFBVV95cUxPM2FWRllSUDlLalZmcnBZY1lJS3FGY182VEtjaEZKak9JMG5iQWQ4dHFKUlUxenpwSnc1R2xFNTd3azFxbGUyam5sYUc0WVBVNUxhUUlOUEdFNXlxOFpES1c0dmhqRk1OMFRHdFB2N1gtQnd2Q01YZFU5NTdBVDk2ODlhN3lILVJ3aHBTTHYzWHlERjR1V3VSWTU0bW5KQ1ZWTlRvTkxZN19ZdXJlMGg2Rg?oc=5\" target=\"_blank\" rel=\"nofollow noopener\">Los investigadores de la Universidad de M\u00e1laga salen a la calle a reivindicar que la ciencia es divertida<\/a>&nbsp;&nbsp;Diario Sur<\/li>\n<li><a href=\"https:\/\/news.google.com\/rss\/articles\/CBMirgFBVV95cUxQZ2xNRlZZUWRNWGpJOHFtdzdKYU1LZ0dBNVJRYjdlTW0zajFObnF4SWM5T2hQbUcwN21QRjZ5VW4yNGszVzQzaG1fajl0aXQzM0tWNlY4cjc5cjk5d0lXaGF6Ni16dFhSRnJIandWNVJHcFdzdGRLd0JDMlJJelN1QXM3eF9ETmRGZFBwQW9OclNVUzY1eW5WMFJ3b3U1cDZBZXl4SVptcGl3Vko0ZWc?oc=5\" target=\"_blank\" rel=\"nofollow noopener\">Sevilla presenta las actividades de La Noche Europea de l@s Investigador@s 2025<\/a>&nbsp;&nbsp;us.es<\/li>\n<li><a href=\"https:\/\/news.google.com\/rss\/articles\/CBMiiAFBVV95cUxNQmx4MzBOXzdRWXg4ZFBNUElqcTFCQlhGZjgzeHpTYkktcE83Vnh3VDNPRVhmME9hb2hrdExQbEhnTExzclZNMHBWUXNRWGJWd3JXVW1MaGlJNUNPbHpsNHEzZ1Q3Sm1mUHp3WEtiU0JycEZVbkxUVDV4VUVIRDNhMG5zWFRKWVpK?oc=5\" target=\"_blank\" rel=\"nofollow noopener\">Granada celebra la edici\u00f3n m\u00e1s ambiciosa de la \u2018Noche Europea de los Investigadores\u2019<\/a>&nbsp;&nbsp;Canal UGR<\/li>\n<\/ol>\n","protected":false},"excerpt":{"rendered":"La Noche Europea de Los Investigadores vuelve a la provincia de Ja\u00e9n con m\u00e1s de 80 actividades en&hellip;\n","protected":false},"author":2,"featured_media":128102,"comment_status":"","ping_status":"","sticky":false,"template":"","format":"standard","meta":{"footnotes":""},"categories":[8],"tags":[17,18,25,24,13,14,11,19,20,9,10,15,16,23,12,21,22],"class_list":{"0":"post-131723","1":"post","2":"type-post","3":"status-publish","4":"format-standard","5":"has-post-thumbnail","7":"category-espana","8":"tag-breaking-news","9":"tag-breakingnews","10":"tag-es","11":"tag-espana","12":"tag-featured-news","13":"tag-featurednews","14":"tag-headlines","15":"tag-latest-news","16":"tag-latestnews","17":"tag-news","18":"tag-noticias","19":"tag-noticias-destacadas","20":"tag-noticiasdestacadas","21":"tag-spain","22":"tag-titulares","23":"tag-ultimas-noticias","24":"tag-ultimasnoticias"},"share_on_mastodon":{"url":"","error":""},"_links":{"self":[{"href":"https:\/\/www.europesays.com\/es\/wp-json\/wp\/v2\/posts\/131723","targetHints":{"allow":["GET"]}}],"collection":[{"href":"https:\/\/www.europesays.com\/es\/wp-json\/wp\/v2\/posts"}],"about":[{"href":"https:\/\/www.europesays.com\/es\/wp-json\/wp\/v2\/types\/post"}],"author":[{"embeddable":true,"href":"https:\/\/www.europesays.com\/es\/wp-json\/wp\/v2\/users\/2"}],"replies":[{"embeddable":true,"href":"https:\/\/www.europesays.com\/es\/wp-json\/wp\/v2\/comments?post=131723"}],"version-history":[{"count":0,"href":"https:\/\/www.europesays.com\/es\/wp-json\/wp\/v2\/posts\/131723\/revisions"}],"wp:featuredmedia":[{"embeddable":true,"href":"https:\/\/www.europesays.com\/es\/wp-json\/wp\/v2\/media\/128102"}],"wp:attachment":[{"href":"https:\/\/www.europesays.com\/es\/wp-json\/wp\/v2\/media?parent=131723"}],"wp:term":[{"taxonomy":"category","embeddable":true,"href":"https:\/\/www.europesays.com\/es\/wp-json\/wp\/v2\/categories?post=131723"},{"taxonomy":"post_tag","embeddable":true,"href":"https:\/\/www.europesays.com\/es\/wp-json\/wp\/v2\/tags?post=131723"}],"curies":[{"name":"wp","href":"https:\/\/api.w.org\/{rel}","templated":true}]}}